{"id":4076,"date":"2025-11-18T14:19:17","date_gmt":"2025-11-18T13:19:17","guid":{"rendered":"https:\/\/www.encyklopediamalarstwa.pl\/?p=4076"},"modified":"2025-11-18T14:19:19","modified_gmt":"2025-11-18T13:19:19","slug":"rogier-van-der-weyden","status":"publish","type":"post","link":"https:\/\/www.encyklopediamalarstwa.pl\/index.php\/2025\/11\/18\/rogier-van-der-weyden\/","title":{"rendered":"Rogier van der Weyden"},"content":{"rendered":"\t\t<div data-elementor-type=\"wp-post\" data-elementor-id=\"4076\" class=\"elementor elementor-4076\">\n\t\t\t\t\t\t\t<div class=\"elementor-element elementor-element-36121e1 e-flex e-con-boxed e-con e-parent\" data-id=\"36121e1\" data-element_type=\"container\" data-settings=\"{&quot;content_width&quot;:&quot;boxed&quot;}\" data-core-v316-plus=\"true\">\n\t\t\t\t\t<div class=\"e-con-inner\">\n\t\t\t\t<div class=\"elementor-element elementor-element-8688274 elementor-widget elementor-widget-text-editor\" data-id=\"8688274\" data-element_type=\"widget\" data-widget_type=\"text-editor.default\">\n\t\t\t\t<div class=\"elementor-widget-container\">\n\t\t\t<style>\/*! elementor - v3.18.0 - 08-12-2023 *\/\n.elementor-widget-text-editor.elementor-drop-cap-view-stacked .elementor-drop-cap{background-color:#69727d;color:#fff}.elementor-widget-text-editor.elementor-drop-cap-view-framed .elementor-drop-cap{color:#69727d;border:3px solid;background-color:transparent}.elementor-widget-text-editor:not(.elementor-drop-cap-view-default) .elementor-drop-cap{margin-top:8px}.elementor-widget-text-editor:not(.elementor-drop-cap-view-default) .elementor-drop-cap-letter{width:1em;height:1em}.elementor-widget-text-editor .elementor-drop-cap{float:left;text-align:center;line-height:1;font-size:50px}.elementor-widget-text-editor .elementor-drop-cap-letter{display:inline-block}<\/style>\t\t\t\t<p><b>Rogier van der Weyden<\/b> (r\u00f3wnie\u017c <b>Roger de la Pasture<\/b>; ur. ok. 1399\/1400 w Tournai, zm. 18 czerwca 1464 w Brukseli) by\u0142 jednym z najwa\u017cniejszych i najbardziej wp\u0142ywowych malarzy <b>p\u00f3\u0142nocnego renesansu<\/b> i mistrz\u00f3w wczesnego malarstwa niderlandzkiego, obok Jana van Eycka i Roberta Campina. Jego tw\u00f3rczo\u015b\u0107, charakteryzuj\u0105ca si\u0119 g\u0142\u0119bok\u0105 <b>ekspresj\u0105 emocjonaln\u0105<\/b>, dramatyzmem kompozycji oraz dba\u0142o\u015bci\u0105 o szczeg\u00f3\u0142y, wywar\u0142a ogromny wp\u0142yw na sztuk\u0119 Europy, zw\u0142aszcza na malarstwo niemieckie, hiszpa\u0144skie i w\u0142oskie.<\/p><h3>\u017bycie i Kariera<\/h3><p data-path-to-node=\"4\">Rogier urodzi\u0142 si\u0119 w <b>Tournai<\/b> (w dzisiejszej Belgii, w\u00f3wczas we Flandrii, pod panowaniem ksi\u0105\u017c\u0105t Burgundii). Jego oryginalne nazwisko, <b>Roger de la Pasture<\/b>, wskazuje na pochodzenie francuskoj\u0119zyczne; nazwisko <b>van der Weyden<\/b> jest jego niderlandzkim odpowiednikiem.<\/p><ul><li><p data-path-to-node=\"5,0,0\"><b>Nauka:<\/b> W 1427 roku rozpocz\u0105\u0142 nauk\u0119 w warsztacie <b>Roberta Campina<\/b> (Mistrza z Fl\u00e9malle) w Tournai, gdzie prawdopodobnie pozna\u0142 Jacques&#8217;a Dareta. W 1432 roku uzyska\u0142 tytu\u0142 <b>mistrza<\/b> w cechu malarzy w Tournai.<\/p><\/li><li><p data-path-to-node=\"5,1,0\"><b>Przenosiny do Brukseli:<\/b> Oko\u0142o 1435 roku przeni\u00f3s\u0142 si\u0119 do <b>Brukseli<\/b>, \u00f3wczesnej stolicy Ksi\u0119stwa Brabancji, gdzie obj\u0105\u0142 presti\u017cowe stanowisko <b>oficjalnego malarza miejskiego<\/b> (<i>stadsschilder<\/i>), kt\u00f3re piastowa\u0142 a\u017c do \u015bmierci.<\/p><\/li><li><b>Wp\u0142ywy i Podr\u00f3\u017ce:<\/b> Przypuszcza si\u0119, \u017ce w roku <b>1450<\/b> odby\u0142 podr\u00f3\u017c do <b>Rzymu<\/b> z okazji Roku Jubileuszowego. Mia\u0142 w\u00f3wczas kontakt ze sztuk\u0105 w\u0142osk\u0105, cho\u0107 jego styl pozosta\u0142 wierny tradycji niderlandzkiej. Posiada\u0142 du\u017cy, dobrze prosperuj\u0105cy warsztat, w kt\u00f3rym kszta\u0142ci\u0142o si\u0119 wielu uczni\u00f3w.<\/li><\/ul><h3>Styl i Cechy Charakterystyczne<\/h3><p data-path-to-node=\"8\">Tw\u00f3rczo\u015b\u0107 Rogiera van der Weydena jest \u0142atwo rozpoznawalna dzi\u0119ki kilku kluczowym elementom:<\/p><ul data-path-to-node=\"9\"><li><p data-path-to-node=\"9,0,0\"><b>Ekspresja i Emocje:<\/b> Malarz by\u0142 mistrzem w przedstawianiu <b>g\u0142\u0119bokich, ludzkich emocji<\/b>. Postacie na jego obrazach cz\u0119sto wyra\u017caj\u0105 b\u00f3l, rozpacz, czy pobo\u017cno\u015b\u0107 w spos\u00f3b niemal teatralny, co czyni jego dzie\u0142a niezwykle poruszaj\u0105cymi (np. w scenach Ukrzy\u017cowania czy Op\u0142akiwania).<\/p><\/li><li><p data-path-to-node=\"9,1,0\"><b>Dramatyczna Kompozycja:<\/b> Cz\u0119sto stosowa\u0142 <b>skondensowane, dynamiczne uk\u0142ady<\/b> z postaciami blisko siebie, co pot\u0119gowa\u0142o poczucie dramatu. Charakterystyczne jest wykorzystanie faluj\u0105cych, p\u0142ynnych fa\u0142d szat, kt\u00f3re dodaj\u0105 kompozycji rytmu i ekspresji.<\/p><\/li><li><p data-path-to-node=\"9,2,0\"><b>Realizm i Detal:<\/b> Podobnie jak inni mistrzowie niderlandzcy, Rogier wykazywa\u0142 <b>niezwyk\u0142\u0105 dba\u0142o\u015b\u0107 o detal<\/b>, zw\u0142aszcza w przedstawianiu tkanin, bi\u017cuterii i element\u00f3w architektonicznych. By\u0142 jednym z pierwszych, kt\u00f3rzy w pe\u0142ni wykorzystali potencja\u0142 nowo rozwini\u0119tej techniki <b>malowania farbami olejnymi<\/b>.<\/p><\/li><li><p data-path-to-node=\"9,3,0\"><b>Postacie:<\/b> Cz\u0119sto przedstawia\u0142 postacie o <b>wyd\u0142u\u017conych proporcjach<\/b>, delikatnych rysach i niemal rze\u017abiarskiej bryle.<\/p><\/li><\/ul><h3>G\u0142\u00f3wne Dzie\u0142a<\/h3><p data-path-to-node=\"12\">Mimo \u017ce wiele jego prac zosta\u0142o zniszczonych lub zagin\u0119\u0142o, do najwa\u017cniejszych zachowanych arcydzie\u0142 nale\u017c\u0105:<\/p><ul data-path-to-node=\"13\"><li><p data-path-to-node=\"13,0,0\"><b><i>Zdj\u0119cie z krzy\u017ca<\/i><\/b> <b>(ok. 1435):<\/b> Monumentalny o\u0142tarz uznawany za jedno z jego najwi\u0119kszych osi\u0105gni\u0119\u0107. Znajduje si\u0119 w Muzeum Prado w Madrycie. Kompozycja jest niezwykle zwarta, a postacie, zw\u0142aszcza Maryja upadaj\u0105ca w omdleniu, s\u0105 pe\u0142ne dramatyzmu.<\/p><\/li><li><p data-path-to-node=\"13,1,0\"><b><i>S\u0105d Ostateczny<\/i><\/b> <b>(O\u0142tarz z Beaune, ok. 1445\u20131450):<\/b> O\u0142tarz polichromowany wykonany dla Hospicjum w Beaune (Burgundia). Jest to wielkie dzie\u0142o o tematyce eschatologicznej.<\/p><\/li><li><p data-path-to-node=\"13,2,0\"><b><i>O\u0142tarz \u015bw. Kolumbana<\/i><\/b> <b>(ok. 1450\u20131455):<\/b> (zachowany tylko fragment) O\u0142tarz przedstawiaj\u0105cy Adoracj\u0119 M\u0119drc\u00f3w, z bogactwem detali i kolor\u00f3w.<\/p><\/li><li><p data-path-to-node=\"13,3,0\"><b>Portrety:<\/b> By\u0142 tak\u017ce wzi\u0119tym portrecist\u0105 (np. <b><i>Portret damy<\/i><\/b>), kt\u00f3ry stosowa\u0142 <b>surow\u0105 psychologiczn\u0105 g\u0142\u0119bi\u0119<\/b>, przedstawiaj\u0105c modele na neutralnym tle, co pozwala\u0142o skupi\u0107 si\u0119 na ich indywidualno\u015bci.<\/p><\/li><\/ul><h3>Dziedzictwo<\/h3><p data-path-to-node=\"16\">Rogier van der Weyden cieszy\u0142 si\u0119 s\u0142aw\u0105 ju\u017c za \u017cycia. Jego styl, szczeg\u00f3lnie spos\u00f3b przedstawiania emocji i dramatyzmu, sta\u0142 si\u0119 <b>prototypem dla religijnego malarstwa<\/b> na\u015bladowanego w ca\u0142ej Europie. Jego wp\u0142yw wida\u0107 w tw\u00f3rczo\u015bci takich artyst\u00f3w jak Hans Memling, Dirk Bouts, a tak\u017ce w p\u00f3\u017aniejszym malarstwie hiszpa\u0144skim (np. w dzie\u0142ach Mistrza z Fl\u00e9malle) i niemieckim. Przyczyni\u0142 si\u0119 do ugruntowania Brukseli jako wa\u017cnego o\u015brodka artystycznego w Niderlandach.<\/p><h3>Bibliografia<\/h3><ul data-path-to-node=\"19\"><li><p data-path-to-node=\"19,0,0\">Campbell, Lorne. <i>Van der Weyden<\/i>. London: Chaucer Press, 2004.<\/p><\/li><li><p data-path-to-node=\"19,1,0\">Ch\u00e2telet, Albert. <i>Early Dutch Painting, Painting in the Northern Netherlands in the Fifteenth Century<\/i>. New York: Rizzoli, 1981.<\/p><\/li><li><p data-path-to-node=\"19,2,0\">De Vos, Dirk. <i>Rogier van der Weyden: The Complete Works<\/i>. New York: Harry N. Abrams, 1999.<\/p><\/li><li><p data-path-to-node=\"19,3,0\">Panofsky, Erwin. <i>Early Netherlandish Painting, Its Origins and Character<\/i>. Cambridge, Mass.: Harvard University Press, 1953.<\/p><\/li><\/ul>\t\t\t\t\t\t<\/div>\n\t\t\t\t<\/div>\n\t\t\t\t\t<\/div>\n\t\t\t\t<\/div>\n\t\t<div class=\"elementor-element elementor-element-3def2de e-flex e-con-boxed e-con e-parent\" data-id=\"3def2de\" data-element_type=\"container\" data-settings=\"{&quot;content_width&quot;:&quot;boxed&quot;}\" data-core-v316-plus=\"true\">\n\t\t\t\t\t<div class=\"e-con-inner\">\n\t\t\t\t<div class=\"elementor-element elementor-element-f1e70f7 elementor-widget elementor-widget-penci-image-gallery\" data-id=\"f1e70f7\" data-element_type=\"widget\" data-widget_type=\"penci-image-gallery.default\">\n\t\t\t\t<div class=\"elementor-widget-container\">\n\t\t\t        <div data-sliderid=\"67580\" id=\"penci-image_gallery_67580\"\n             class=\"penci-block-vc penci-image-gallery penci-image-gallery-masonry\">\n\t\t\t        <div class=\"penci-border-arrow penci-homepage-title penci-home-latest-posts style-1 pcalign-center pciconp-right pcicon-right block-title-icon-left\">\r\n            <h3 class=\"inner-arrow\">\r\n                <span>\r\n                    <span>Rogier van der Weyden - Galeria obraz\u00f3w<\/a>                <\/span>\r\n            <\/h3>\r\n\t\t\t        <\/div>\r\n\t\t            <div class=\"penci-block_content \">\n\t\t\t\t<div class=\"penci-post-gallery-container masonry column-3\" data-height=\"150\" data-margin=\"3\"><div class=\"inner-gallery-masonry-container\"><div class=\"item-gallery-masonry\"><a class=\"penci-gallery-ite item-link-relative\" href=\"https:\/\/www.encyklopediamalarstwa.pl\/wp-content\/uploads\/2025\/11\/Chrystus-na-krzyzu-i-Eucharystia-1440-1445.jpg\" data-rel=\"penci-gallery-image-content\"  data-cap=\"Chrystus na krzy\u017cu i Eucharystia (1440-1445)\" data-rel=\"penci-gallery-image-content\" data-idwrap=\"penci-image_gallery_67580\"><div class=\"inner-item-masonry-gallery\"><span class=\"penci-isotope-padding\" style=\"padding-bottom:214.52991453%;\"><\/span><img decoding=\"async\" src=\"https:\/\/www.encyklopediamalarstwa.pl\/wp-content\/uploads\/2025\/11\/Chrystus-na-krzyzu-i-Eucharystia-1440-1445-585x1255.jpg\" alt=\"Chrystus na krzy\u017cu i Eucharystia (1440-1445)\" title=\"Chrystus na krzy\u017cu i Eucharystia (1440-1445)\"><\/div><\/a><\/div><div class=\"item-gallery-masonry\"><a class=\"penci-gallery-ite item-link-relative\" href=\"https:\/\/www.encyklopediamalarstwa.pl\/wp-content\/uploads\/2025\/11\/Chrzest-bierzmowanie-i-spowiedz-1440-1445.jpg\" data-rel=\"penci-gallery-image-content\"  data-cap=\"Chrzest, bierzmowanie i spowied\u017a (1440-1445)\" data-rel=\"penci-gallery-image-content\" data-idwrap=\"penci-image_gallery_67580\"><div class=\"inner-item-masonry-gallery\"><span class=\"penci-isotope-padding\" style=\"padding-bottom:189.74358974%;\"><\/span><img decoding=\"async\" src=\"https:\/\/www.encyklopediamalarstwa.pl\/wp-content\/uploads\/2025\/11\/Chrzest-bierzmowanie-i-spowiedz-1440-1445-585x1110.jpg\" alt=\"Chrzest, bierzmowanie i spowied\u017a (1440-1445)\" title=\"Chrzest, bierzmowanie i spowied\u017a (1440-1445)\"><\/div><\/a><\/div><div class=\"item-gallery-masonry\"><a class=\"penci-gallery-ite item-link-relative\" href=\"https:\/\/www.encyklopediamalarstwa.pl\/wp-content\/uploads\/2025\/11\/Filip-de-Croy-1460.jpg\" data-rel=\"penci-gallery-image-content\"  data-cap=\"Filip de Croy (1460)\" data-rel=\"penci-gallery-image-content\" data-idwrap=\"penci-image_gallery_67580\"><div class=\"inner-item-masonry-gallery\"><span class=\"penci-isotope-padding\" style=\"padding-bottom:158.10276680%;\"><\/span><img decoding=\"async\" src=\"https:\/\/www.encyklopediamalarstwa.pl\/wp-content\/uploads\/2025\/11\/Filip-de-Croy-1460.jpg\" alt=\"Filip de Croy (1460)\" title=\"Filip de Croy (1460)\"><\/div><\/a><\/div><div class=\"item-gallery-masonry\"><a class=\"penci-gallery-ite item-link-relative\" href=\"https:\/\/www.encyklopediamalarstwa.pl\/wp-content\/uploads\/2025\/11\/Filip-Dobry.jpg\" data-rel=\"penci-gallery-image-content\"  data-cap=\"Filip Dobry\" data-rel=\"penci-gallery-image-content\" data-idwrap=\"penci-image_gallery_67580\"><div class=\"inner-item-masonry-gallery\"><span class=\"penci-isotope-padding\" style=\"padding-bottom:137.45704467%;\"><\/span><img decoding=\"async\" src=\"https:\/\/www.encyklopediamalarstwa.pl\/wp-content\/uploads\/2025\/11\/Filip-Dobry.jpg\" alt=\"Filip Dobry\" title=\"Filip Dobry\"><\/div><\/a><\/div><div class=\"item-gallery-masonry\"><a class=\"penci-gallery-ite item-link-relative\" href=\"https:\/\/www.encyklopediamalarstwa.pl\/wp-content\/uploads\/2025\/11\/Herb-rodziny-de-Croy-1460.jpg\" data-rel=\"penci-gallery-image-content\"  data-cap=\"Herb rodziny de Croy (1460)\" data-rel=\"penci-gallery-image-content\" data-idwrap=\"penci-image_gallery_67580\"><div class=\"inner-item-masonry-gallery\"><span class=\"penci-isotope-padding\" style=\"padding-bottom:156.06837607%;\"><\/span><img decoding=\"async\" src=\"https:\/\/www.encyklopediamalarstwa.pl\/wp-content\/uploads\/2025\/11\/Herb-rodziny-de-Croy-1460-585x913.jpg\" alt=\"Herb rodziny de Croy (1460)\" title=\"Herb rodziny de Croy (1460)\"><\/div><\/a><\/div><div class=\"item-gallery-masonry\"><a class=\"penci-gallery-ite item-link-relative\" href=\"https:\/\/www.encyklopediamalarstwa.pl\/wp-content\/uploads\/2025\/11\/Madonna-Medycejska-ok.-1453-1460.jpg\" data-rel=\"penci-gallery-image-content\"  data-cap=\"Madonna Medycejska (ok. 1453-1460)\" data-rel=\"penci-gallery-image-content\" data-idwrap=\"penci-image_gallery_67580\"><div class=\"inner-item-masonry-gallery\"><span class=\"penci-isotope-padding\" style=\"padding-bottom:134.35897436%;\"><\/span><img decoding=\"async\" src=\"https:\/\/www.encyklopediamalarstwa.pl\/wp-content\/uploads\/2025\/11\/Madonna-Medycejska-ok.-1453-1460-585x786.jpg\" alt=\"Madonna Medycejska (ok. 1453-1460)\" title=\"Madonna Medycejska (ok. 1453-1460)\"><\/div><\/a><\/div><div class=\"item-gallery-masonry\"><a class=\"penci-gallery-ite item-link-relative\" href=\"https:\/\/www.encyklopediamalarstwa.pl\/wp-content\/uploads\/2025\/11\/Madonna-z-Dzieciatkiem-1460-65.jpg\" data-rel=\"penci-gallery-image-content\"  data-cap=\"Rogier van der Weyden - Madonna z Dzieci\u0105tkiem (1460-65)\" data-rel=\"penci-gallery-image-content\" data-idwrap=\"penci-image_gallery_67580\"><div class=\"inner-item-masonry-gallery\"><span class=\"penci-isotope-padding\" style=\"padding-bottom:133.67521368%;\"><\/span><img decoding=\"async\" src=\"https:\/\/www.encyklopediamalarstwa.pl\/wp-content\/uploads\/2025\/11\/Madonna-z-Dzieciatkiem-1460-65-585x782.jpg\" alt=\"Rogier van der Weyden - Madonna z Dzieci\u0105tkiem (1460-65)\" title=\"Rogier van der Weyden &#8211; Madonna z Dzieci\u0105tkiem (1460-65)\"><\/div><\/a><\/div><div class=\"item-gallery-masonry\"><a class=\"penci-gallery-ite item-link-relative\" href=\"https:\/\/www.encyklopediamalarstwa.pl\/wp-content\/uploads\/2025\/11\/Matka-Boska-z-gozdzikiem-XV-w.jpg\" data-rel=\"penci-gallery-image-content\"  data-cap=\"Rogier van der Weyden - Matka Boska z go\u017adzikiem (XV w.)\" data-rel=\"penci-gallery-image-content\" data-idwrap=\"penci-image_gallery_67580\"><div class=\"inner-item-masonry-gallery\"><span class=\"penci-isotope-padding\" style=\"padding-bottom:146.32478632%;\"><\/span><img decoding=\"async\" src=\"https:\/\/www.encyklopediamalarstwa.pl\/wp-content\/uploads\/2025\/11\/Matka-Boska-z-gozdzikiem-XV-w-585x856.jpg\" alt=\"Rogier van der Weyden - Matka Boska z go\u017adzikiem (XV w.)\" title=\"Rogier van der Weyden &#8211; Matka Boska z go\u017adzikiem (XV w.)\"><\/div><\/a><\/div><div class=\"item-gallery-masonry\"><a class=\"penci-gallery-ite item-link-relative\" href=\"https:\/\/www.encyklopediamalarstwa.pl\/wp-content\/uploads\/2025\/11\/Oltarz-Middelburg-okolo-1450-r.jpg\" data-rel=\"penci-gallery-image-content\"  data-cap=\"Rogier van der Weyden - O\u0142tarz Middelburg (oko\u0142o 1450 r.)\" data-rel=\"penci-gallery-image-content\" data-idwrap=\"penci-image_gallery_67580\"><div class=\"inner-item-masonry-gallery\"><span class=\"penci-isotope-padding\" style=\"padding-bottom:56.23931624%;\"><\/span><img decoding=\"async\" src=\"https:\/\/www.encyklopediamalarstwa.pl\/wp-content\/uploads\/2025\/11\/Oltarz-Middelburg-okolo-1450-r-585x329.jpg\" alt=\"Rogier van der Weyden - O\u0142tarz Middelburg (oko\u0142o 1450 r.)\" title=\"Rogier van der Weyden &#8211; O\u0142tarz Middelburg (oko\u0142o 1450 r.)\"><\/div><\/a><\/div><div class=\"item-gallery-masonry\"><a class=\"penci-gallery-ite item-link-relative\" href=\"https:\/\/www.encyklopediamalarstwa.pl\/wp-content\/uploads\/2025\/11\/Ordinatio-Malzenstwo-i-Ostatnie-Namaszczenie-1440-1445.jpg\" data-rel=\"penci-gallery-image-content\"  data-cap=\"Ordinatio, Ma\u0142\u017ce\u0144stwo i Ostatnie Namaszczenie (1440-1445)\" data-rel=\"penci-gallery-image-content\" data-idwrap=\"penci-image_gallery_67580\"><div class=\"inner-item-masonry-gallery\"><span class=\"penci-isotope-padding\" style=\"padding-bottom:181.19658120%;\"><\/span><img decoding=\"async\" src=\"https:\/\/www.encyklopediamalarstwa.pl\/wp-content\/uploads\/2025\/11\/Ordinatio-Malzenstwo-i-Ostatnie-Namaszczenie-1440-1445-585x1060.jpg\" alt=\"Ordinatio, Ma\u0142\u017ce\u0144stwo i Ostatnie Namaszczenie (1440-1445)\" title=\"Ordinatio, Ma\u0142\u017ce\u0144stwo i Ostatnie Namaszczenie (1440-1445)\"><\/div><\/a><\/div><div class=\"item-gallery-masonry\"><a class=\"penci-gallery-ite item-link-relative\" href=\"https:\/\/www.encyklopediamalarstwa.pl\/wp-content\/uploads\/2025\/11\/Portret-damy-ok.-1460-r.jpg\" data-rel=\"penci-gallery-image-content\"  data-cap=\"Portret damy (ok. 1460 r.)\" data-rel=\"penci-gallery-image-content\" data-idwrap=\"penci-image_gallery_67580\"><div class=\"inner-item-masonry-gallery\"><span class=\"penci-isotope-padding\" style=\"padding-bottom:136.98630137%;\"><\/span><img decoding=\"async\" src=\"https:\/\/www.encyklopediamalarstwa.pl\/wp-content\/uploads\/2025\/11\/Portret-damy-ok.-1460-r.jpg\" alt=\"Portret damy (ok. 1460 r.)\" title=\"Portret damy (ok. 1460 r.)\"><\/div><\/a><\/div><div class=\"item-gallery-masonry\"><a class=\"penci-gallery-ite item-link-relative\" href=\"https:\/\/www.encyklopediamalarstwa.pl\/wp-content\/uploads\/2025\/11\/Portret-sedziego-turniejowego-1450.jpg\" data-rel=\"penci-gallery-image-content\"  data-cap=\"Portret s\u0119dziego turniejowego (1450)\" data-rel=\"penci-gallery-image-content\" data-idwrap=\"penci-image_gallery_67580\"><div class=\"inner-item-masonry-gallery\"><span class=\"penci-isotope-padding\" style=\"padding-bottom:151.80265655%;\"><\/span><img decoding=\"async\" src=\"https:\/\/www.encyklopediamalarstwa.pl\/wp-content\/uploads\/2025\/11\/Portret-sedziego-turniejowego-1450.jpg\" alt=\"Portret s\u0119dziego turniejowego (1450)\" title=\"Portret s\u0119dziego turniejowego (1450)\"><\/div><\/a><\/div><div class=\"item-gallery-masonry\"><a class=\"penci-gallery-ite item-link-relative\" href=\"https:\/\/www.encyklopediamalarstwa.pl\/wp-content\/uploads\/2025\/11\/Sen-papieza-Sergiusza-koniec-lat-30.-XV-wieku.jpg\" data-rel=\"penci-gallery-image-content\"  data-cap=\"Sen papie\u017ca Sergiusza (koniec lat 30. XV wieku)\" data-rel=\"penci-gallery-image-content\" data-idwrap=\"penci-image_gallery_67580\"><div class=\"inner-item-masonry-gallery\"><span class=\"penci-isotope-padding\" style=\"padding-bottom:110.08547009%;\"><\/span><img decoding=\"async\" src=\"https:\/\/www.encyklopediamalarstwa.pl\/wp-content\/uploads\/2025\/11\/Sen-papieza-Sergiusza-koniec-lat-30.-XV-wieku-585x644.jpg\" alt=\"Sen papie\u017ca Sergiusza (koniec lat 30. XV wieku)\" title=\"Sen papie\u017ca Sergiusza (koniec lat 30. XV wieku)\"><\/div><\/a><\/div><div class=\"item-gallery-masonry\"><a class=\"penci-gallery-ite item-link-relative\" href=\"https:\/\/www.encyklopediamalarstwa.pl\/wp-content\/uploads\/2025\/11\/Swiety-Hieronim-na-pustyni-miedzy-1450-a-1465-rokiem.jpg\" data-rel=\"penci-gallery-image-content\"  data-cap=\"\u015awi\u0119ty Hieronim na pustyni (mi\u0119dzy 1450 a 1465 rokiem)\" data-rel=\"penci-gallery-image-content\" data-idwrap=\"penci-image_gallery_67580\"><div class=\"inner-item-masonry-gallery\"><span class=\"penci-isotope-padding\" style=\"padding-bottom:123.58974359%;\"><\/span><img decoding=\"async\" src=\"https:\/\/www.encyklopediamalarstwa.pl\/wp-content\/uploads\/2025\/11\/Swiety-Hieronim-na-pustyni-miedzy-1450-a-1465-rokiem-585x723.jpg\" alt=\"\u015awi\u0119ty Hieronim na pustyni (mi\u0119dzy 1450 a 1465 rokiem)\" title=\"\u015awi\u0119ty Hieronim na pustyni (mi\u0119dzy 1450 a 1465 rokiem)\"><\/div><\/a><\/div><div class=\"item-gallery-masonry\"><a class=\"penci-gallery-ite item-link-relative\" href=\"https:\/\/www.encyklopediamalarstwa.pl\/wp-content\/uploads\/2025\/11\/Swiety-Jerzy-i-smok-ok.-1432-1435.jpg\" data-rel=\"penci-gallery-image-content\"  data-cap=\"\u015awi\u0119ty Jerzy i smok (ok. 1432-1435)\" data-rel=\"penci-gallery-image-content\" data-idwrap=\"penci-image_gallery_67580\"><div class=\"inner-item-masonry-gallery\"><span class=\"penci-isotope-padding\" style=\"padding-bottom:139.65811966%;\"><\/span><img decoding=\"async\" src=\"https:\/\/www.encyklopediamalarstwa.pl\/wp-content\/uploads\/2025\/11\/Swiety-Jerzy-i-smok-ok.-1432-1435-585x817.jpg\" alt=\"\u015awi\u0119ty Jerzy i smok (ok. 1432-1435)\" title=\"\u015awi\u0119ty Jerzy i smok (ok. 1432-1435)\"><\/div><\/a><\/div><div class=\"item-gallery-masonry\"><a class=\"penci-gallery-ite item-link-relative\" href=\"https:\/\/www.encyklopediamalarstwa.pl\/wp-content\/uploads\/2025\/11\/Zdjecie-z-krzyza-okolo-1460-r.jpg\" data-rel=\"penci-gallery-image-content\"  data-cap=\"Zdj\u0119cie z krzy\u017ca (oko\u0142o 1460 r.)\" data-rel=\"penci-gallery-image-content\" data-idwrap=\"penci-image_gallery_67580\"><div class=\"inner-item-masonry-gallery\"><span class=\"penci-isotope-padding\" style=\"padding-bottom:123.07692308%;\"><\/span><img decoding=\"async\" src=\"https:\/\/www.encyklopediamalarstwa.pl\/wp-content\/uploads\/2025\/11\/Zdjecie-z-krzyza-okolo-1460-r-585x720.jpg\" alt=\"Zdj\u0119cie z krzy\u017ca (oko\u0142o 1460 r.)\" title=\"Zdj\u0119cie z krzy\u017ca (oko\u0142o 1460 r.)\"><\/div><\/a><\/div><div class=\"item-gallery-masonry\"><a class=\"penci-gallery-ite item-link-relative\" href=\"https:\/\/www.encyklopediamalarstwa.pl\/wp-content\/uploads\/2025\/11\/Zdjecie-z-krzyza-XV-wiek.jpg\" data-rel=\"penci-gallery-image-content\"  data-cap=\"Zdj\u0119cie z krzy\u017ca (XV wiek)\" data-rel=\"penci-gallery-image-content\" data-idwrap=\"penci-image_gallery_67580\"><div class=\"inner-item-masonry-gallery\"><span class=\"penci-isotope-padding\" style=\"padding-bottom:156.58119658%;\"><\/span><img decoding=\"async\" src=\"https:\/\/www.encyklopediamalarstwa.pl\/wp-content\/uploads\/2025\/11\/Zdjecie-z-krzyza-XV-wiek-585x916.jpg\" alt=\"Zdj\u0119cie z krzy\u017ca (XV wiek)\" title=\"Zdj\u0119cie z krzy\u017ca (XV wiek)\"><\/div><\/a><\/div><div class=\"item-gallery-masonry\"><a class=\"penci-gallery-ite item-link-relative\" href=\"https:\/\/www.encyklopediamalarstwa.pl\/wp-content\/uploads\/2025\/11\/Zwiastowanie-1460.jpg\" data-rel=\"penci-gallery-image-content\"  data-cap=\"Zwiastowanie (1460)\" data-rel=\"penci-gallery-image-content\" data-idwrap=\"penci-image_gallery_67580\"><div class=\"inner-item-masonry-gallery\"><span class=\"penci-isotope-padding\" style=\"padding-bottom:166.32478632%;\"><\/span><img decoding=\"async\" src=\"https:\/\/www.encyklopediamalarstwa.pl\/wp-content\/uploads\/2025\/11\/Zwiastowanie-1460-585x973.jpg\" alt=\"Zwiastowanie (1460)\" title=\"Zwiastowanie (1460)\"><\/div><\/a><\/div><\/div><\/div>            <\/div>\n        <\/div>\n\t\t\t\t<\/div>\n\t\t\t\t<\/div>\n\t\t\t\t\t<\/div>\n\t\t\t\t<\/div>\n\t\t\t\t\t\t\t<\/div>\n\t\t","protected":false},"excerpt":{"rendered":"<p>Rogier van der Weyden (r\u00f3wnie\u017c Roger de la Pasture; ur. ok. 1399\/1400 w Tournai, zm. 18 czerwca 1464 w Brukseli) by\u0142 jednym z najwa\u017cniejszych i najbardziej wp\u0142ywowych malarzy p\u00f3\u0142nocnego renesansu&hellip;<\/p>\n","protected":false},"author":1,"featured_media":4091,"comment_status":"open","ping_status":"open","sticky":false,"template":"","format":"standard","meta":{"content-type":"","om_disable_all_campaigns":false,"_monsterinsights_skip_tracking":false,"_monsterinsights_sitenote_active":false,"_monsterinsights_sitenote_note":"","_monsterinsights_sitenote_category":0,"footnotes":""},"categories":[115],"tags":[64],"class_list":["post-4076","post","type-post","status-publish","format-standard","has-post-thumbnail","hentry","category-polnocny-renesans","tag-malarz-niderlandzki"],"yoast_head":"<!-- This site is optimized with the Yoast SEO plugin v21.7 - https:\/\/yoast.com\/wordpress\/plugins\/seo\/ -->\n<title>Rogier van der Weyden - Encyklopedia Malarstwa<\/title>\n<meta name=\"description\" content=\"Rogier van der Weyden by\u0142 jednym z najwa\u017cniejszych i najbardziej wp\u0142ywowych malarzy p\u00f3\u0142nocnego renesansu...\" \/>\n<meta name=\"robots\" content=\"index, follow, max-snippet:-1, max-image-preview:large, max-video-preview:-1\" \/>\n<link rel=\"canonical\" href=\"https:\/\/www.encyklopediamalarstwa.pl\/index.php\/2025\/11\/18\/rogier-van-der-weyden\/\" \/>\n<meta property=\"og:locale\" content=\"pl_PL\" \/>\n<meta property=\"og:type\" content=\"article\" \/>\n<meta property=\"og:title\" content=\"Rogier van der Weyden - Encyklopedia Malarstwa\" \/>\n<meta property=\"og:description\" content=\"Rogier van der Weyden by\u0142 jednym z najwa\u017cniejszych i najbardziej wp\u0142ywowych malarzy p\u00f3\u0142nocnego renesansu...\" \/>\n<meta property=\"og:url\" content=\"https:\/\/www.encyklopediamalarstwa.pl\/index.php\/2025\/11\/18\/rogier-van-der-weyden\/\" \/>\n<meta property=\"og:site_name\" content=\"Encyklopedia Malarstwa\" \/>\n<meta property=\"article:published_time\" content=\"2025-11-18T13:19:17+00:00\" \/>\n<meta property=\"article:modified_time\" content=\"2025-11-18T13:19:19+00:00\" \/>\n<meta property=\"og:image\" content=\"https:\/\/www.encyklopediamalarstwa.pl\/wp-content\/uploads\/2025\/11\/Portret-damy-ok.-1460-r.jpg\" \/>\n\t<meta property=\"og:image:width\" content=\"584\" \/>\n\t<meta property=\"og:image:height\" content=\"800\" \/>\n\t<meta property=\"og:image:type\" content=\"image\/jpeg\" \/>\n<meta name=\"author\" content=\"admin\" \/>\n<meta name=\"twitter:card\" content=\"summary_large_image\" \/>\n<meta name=\"twitter:label1\" content=\"Napisane przez\" \/>\n\t<meta name=\"twitter:data1\" content=\"admin\" \/>\n\t<meta name=\"twitter:label2\" content=\"Szacowany czas czytania\" \/>\n\t<meta name=\"twitter:data2\" content=\"8 minut\" \/>\n<script type=\"application\/ld+json\" class=\"yoast-schema-graph\">{\"@context\":\"https:\/\/schema.org\",\"@graph\":[{\"@type\":\"Article\",\"@id\":\"https:\/\/www.encyklopediamalarstwa.pl\/index.php\/2025\/11\/18\/rogier-van-der-weyden\/#article\",\"isPartOf\":{\"@id\":\"https:\/\/www.encyklopediamalarstwa.pl\/index.php\/2025\/11\/18\/rogier-van-der-weyden\/\"},\"author\":{\"name\":\"admin\",\"@id\":\"https:\/\/www.encyklopediamalarstwa.pl\/#\/schema\/person\/1a6b3ac5c26a28667ef7613105b7c5d6\"},\"headline\":\"Rogier van der Weyden\",\"datePublished\":\"2025-11-18T13:19:17+00:00\",\"dateModified\":\"2025-11-18T13:19:19+00:00\",\"mainEntityOfPage\":{\"@id\":\"https:\/\/www.encyklopediamalarstwa.pl\/index.php\/2025\/11\/18\/rogier-van-der-weyden\/\"},\"wordCount\":686,\"commentCount\":0,\"publisher\":{\"@id\":\"https:\/\/www.encyklopediamalarstwa.pl\/#\/schema\/person\/1a6b3ac5c26a28667ef7613105b7c5d6\"},\"keywords\":[\"malarz niderlandzki\"],\"articleSection\":[\"p\u00f3\u0142nocny renesans\"],\"inLanguage\":\"pl-PL\",\"potentialAction\":[{\"@type\":\"CommentAction\",\"name\":\"Comment\",\"target\":[\"https:\/\/www.encyklopediamalarstwa.pl\/index.php\/2025\/11\/18\/rogier-van-der-weyden\/#respond\"]}]},{\"@type\":\"WebPage\",\"@id\":\"https:\/\/www.encyklopediamalarstwa.pl\/index.php\/2025\/11\/18\/rogier-van-der-weyden\/\",\"url\":\"https:\/\/www.encyklopediamalarstwa.pl\/index.php\/2025\/11\/18\/rogier-van-der-weyden\/\",\"name\":\"Rogier van der Weyden - Encyklopedia Malarstwa\",\"isPartOf\":{\"@id\":\"https:\/\/www.encyklopediamalarstwa.pl\/#website\"},\"datePublished\":\"2025-11-18T13:19:17+00:00\",\"dateModified\":\"2025-11-18T13:19:19+00:00\",\"description\":\"Rogier van der Weyden by\u0142 jednym z najwa\u017cniejszych i najbardziej wp\u0142ywowych malarzy p\u00f3\u0142nocnego renesansu...\",\"breadcrumb\":{\"@id\":\"https:\/\/www.encyklopediamalarstwa.pl\/index.php\/2025\/11\/18\/rogier-van-der-weyden\/#breadcrumb\"},\"inLanguage\":\"pl-PL\",\"potentialAction\":[{\"@type\":\"ReadAction\",\"target\":[\"https:\/\/www.encyklopediamalarstwa.pl\/index.php\/2025\/11\/18\/rogier-van-der-weyden\/\"]}]},{\"@type\":\"BreadcrumbList\",\"@id\":\"https:\/\/www.encyklopediamalarstwa.pl\/index.php\/2025\/11\/18\/rogier-van-der-weyden\/#breadcrumb\",\"itemListElement\":[{\"@type\":\"ListItem\",\"position\":1,\"name\":\"Strona g\u0142\u00f3wna\",\"item\":\"https:\/\/www.encyklopediamalarstwa.pl\/\"},{\"@type\":\"ListItem\",\"position\":2,\"name\":\"Rogier van der Weyden\"}]},{\"@type\":\"WebSite\",\"@id\":\"https:\/\/www.encyklopediamalarstwa.pl\/#website\",\"url\":\"https:\/\/www.encyklopediamalarstwa.pl\/\",\"name\":\"Encyklopedia Malarstwa\",\"description\":\"Sztuka w Twoim domu\",\"publisher\":{\"@id\":\"https:\/\/www.encyklopediamalarstwa.pl\/#\/schema\/person\/1a6b3ac5c26a28667ef7613105b7c5d6\"},\"potentialAction\":[{\"@type\":\"SearchAction\",\"target\":{\"@type\":\"EntryPoint\",\"urlTemplate\":\"https:\/\/www.encyklopediamalarstwa.pl\/?s={search_term_string}\"},\"query-input\":\"required name=search_term_string\"}],\"inLanguage\":\"pl-PL\"},{\"@type\":[\"Person\",\"Organization\"],\"@id\":\"https:\/\/www.encyklopediamalarstwa.pl\/#\/schema\/person\/1a6b3ac5c26a28667ef7613105b7c5d6\",\"name\":\"admin\",\"image\":{\"@type\":\"ImageObject\",\"inLanguage\":\"pl-PL\",\"@id\":\"https:\/\/www.encyklopediamalarstwa.pl\/#\/schema\/person\/image\/\",\"url\":\"https:\/\/www.encyklopediamalarstwa.pl\/wp-content\/uploads\/2023\/11\/avatar.png\",\"contentUrl\":\"https:\/\/www.encyklopediamalarstwa.pl\/wp-content\/uploads\/2023\/11\/avatar.png\",\"width\":688,\"height\":748,\"caption\":\"admin\"},\"logo\":{\"@id\":\"https:\/\/www.encyklopediamalarstwa.pl\/#\/schema\/person\/image\/\"},\"sameAs\":[\"https:\/\/www.encyklopediamalarstwa.pl\"],\"url\":\"https:\/\/www.encyklopediamalarstwa.pl\/index.php\/author\/admin\/\"}]}<\/script>\n<!-- \/ Yoast SEO plugin. -->","yoast_head_json":{"title":"Rogier van der Weyden - Encyklopedia Malarstwa","description":"Rogier van der Weyden by\u0142 jednym z najwa\u017cniejszych i najbardziej wp\u0142ywowych malarzy p\u00f3\u0142nocnego renesansu...","robots":{"index":"index","follow":"follow","max-snippet":"max-snippet:-1","max-image-preview":"max-image-preview:large","max-video-preview":"max-video-preview:-1"},"canonical":"https:\/\/www.encyklopediamalarstwa.pl\/index.php\/2025\/11\/18\/rogier-van-der-weyden\/","og_locale":"pl_PL","og_type":"article","og_title":"Rogier van der Weyden - Encyklopedia Malarstwa","og_description":"Rogier van der Weyden by\u0142 jednym z najwa\u017cniejszych i najbardziej wp\u0142ywowych malarzy p\u00f3\u0142nocnego renesansu...","og_url":"https:\/\/www.encyklopediamalarstwa.pl\/index.php\/2025\/11\/18\/rogier-van-der-weyden\/","og_site_name":"Encyklopedia Malarstwa","article_published_time":"2025-11-18T13:19:17+00:00","article_modified_time":"2025-11-18T13:19:19+00:00","og_image":[{"width":584,"height":800,"url":"https:\/\/www.encyklopediamalarstwa.pl\/wp-content\/uploads\/2025\/11\/Portret-damy-ok.-1460-r.jpg","type":"image\/jpeg"}],"author":"admin","twitter_card":"summary_large_image","twitter_misc":{"Napisane przez":"admin","Szacowany czas czytania":"8 minut"},"schema":{"@context":"https:\/\/schema.org","@graph":[{"@type":"Article","@id":"https:\/\/www.encyklopediamalarstwa.pl\/index.php\/2025\/11\/18\/rogier-van-der-weyden\/#article","isPartOf":{"@id":"https:\/\/www.encyklopediamalarstwa.pl\/index.php\/2025\/11\/18\/rogier-van-der-weyden\/"},"author":{"name":"admin","@id":"https:\/\/www.encyklopediamalarstwa.pl\/#\/schema\/person\/1a6b3ac5c26a28667ef7613105b7c5d6"},"headline":"Rogier van der Weyden","datePublished":"2025-11-18T13:19:17+00:00","dateModified":"2025-11-18T13:19:19+00:00","mainEntityOfPage":{"@id":"https:\/\/www.encyklopediamalarstwa.pl\/index.php\/2025\/11\/18\/rogier-van-der-weyden\/"},"wordCount":686,"commentCount":0,"publisher":{"@id":"https:\/\/www.encyklopediamalarstwa.pl\/#\/schema\/person\/1a6b3ac5c26a28667ef7613105b7c5d6"},"keywords":["malarz niderlandzki"],"articleSection":["p\u00f3\u0142nocny renesans"],"inLanguage":"pl-PL","potentialAction":[{"@type":"CommentAction","name":"Comment","target":["https:\/\/www.encyklopediamalarstwa.pl\/index.php\/2025\/11\/18\/rogier-van-der-weyden\/#respond"]}]},{"@type":"WebPage","@id":"https:\/\/www.encyklopediamalarstwa.pl\/index.php\/2025\/11\/18\/rogier-van-der-weyden\/","url":"https:\/\/www.encyklopediamalarstwa.pl\/index.php\/2025\/11\/18\/rogier-van-der-weyden\/","name":"Rogier van der Weyden - Encyklopedia Malarstwa","isPartOf":{"@id":"https:\/\/www.encyklopediamalarstwa.pl\/#website"},"datePublished":"2025-11-18T13:19:17+00:00","dateModified":"2025-11-18T13:19:19+00:00","description":"Rogier van der Weyden by\u0142 jednym z najwa\u017cniejszych i najbardziej wp\u0142ywowych malarzy p\u00f3\u0142nocnego renesansu...","breadcrumb":{"@id":"https:\/\/www.encyklopediamalarstwa.pl\/index.php\/2025\/11\/18\/rogier-van-der-weyden\/#breadcrumb"},"inLanguage":"pl-PL","potentialAction":[{"@type":"ReadAction","target":["https:\/\/www.encyklopediamalarstwa.pl\/index.php\/2025\/11\/18\/rogier-van-der-weyden\/"]}]},{"@type":"BreadcrumbList","@id":"https:\/\/www.encyklopediamalarstwa.pl\/index.php\/2025\/11\/18\/rogier-van-der-weyden\/#breadcrumb","itemListElement":[{"@type":"ListItem","position":1,"name":"Strona g\u0142\u00f3wna","item":"https:\/\/www.encyklopediamalarstwa.pl\/"},{"@type":"ListItem","position":2,"name":"Rogier van der Weyden"}]},{"@type":"WebSite","@id":"https:\/\/www.encyklopediamalarstwa.pl\/#website","url":"https:\/\/www.encyklopediamalarstwa.pl\/","name":"Encyklopedia Malarstwa","description":"Sztuka w Twoim domu","publisher":{"@id":"https:\/\/www.encyklopediamalarstwa.pl\/#\/schema\/person\/1a6b3ac5c26a28667ef7613105b7c5d6"},"potentialAction":[{"@type":"SearchAction","target":{"@type":"EntryPoint","urlTemplate":"https:\/\/www.encyklopediamalarstwa.pl\/?s={search_term_string}"},"query-input":"required name=search_term_string"}],"inLanguage":"pl-PL"},{"@type":["Person","Organization"],"@id":"https:\/\/www.encyklopediamalarstwa.pl\/#\/schema\/person\/1a6b3ac5c26a28667ef7613105b7c5d6","name":"admin","image":{"@type":"ImageObject","inLanguage":"pl-PL","@id":"https:\/\/www.encyklopediamalarstwa.pl\/#\/schema\/person\/image\/","url":"https:\/\/www.encyklopediamalarstwa.pl\/wp-content\/uploads\/2023\/11\/avatar.png","contentUrl":"https:\/\/www.encyklopediamalarstwa.pl\/wp-content\/uploads\/2023\/11\/avatar.png","width":688,"height":748,"caption":"admin"},"logo":{"@id":"https:\/\/www.encyklopediamalarstwa.pl\/#\/schema\/person\/image\/"},"sameAs":["https:\/\/www.encyklopediamalarstwa.pl"],"url":"https:\/\/www.encyklopediamalarstwa.pl\/index.php\/author\/admin\/"}]}},"_links":{"self":[{"href":"https:\/\/www.encyklopediamalarstwa.pl\/index.php\/wp-json\/wp\/v2\/posts\/4076","targetHints":{"allow":["GET"]}}],"collection":[{"href":"https:\/\/www.encyklopediamalarstwa.pl\/index.php\/wp-json\/wp\/v2\/posts"}],"about":[{"href":"https:\/\/www.encyklopediamalarstwa.pl\/index.php\/wp-json\/wp\/v2\/types\/post"}],"author":[{"embeddable":true,"href":"https:\/\/www.encyklopediamalarstwa.pl\/index.php\/wp-json\/wp\/v2\/users\/1"}],"replies":[{"embeddable":true,"href":"https:\/\/www.encyklopediamalarstwa.pl\/index.php\/wp-json\/wp\/v2\/comments?post=4076"}],"version-history":[{"count":10,"href":"https:\/\/www.encyklopediamalarstwa.pl\/index.php\/wp-json\/wp\/v2\/posts\/4076\/revisions"}],"predecessor-version":[{"id":4104,"href":"https:\/\/www.encyklopediamalarstwa.pl\/index.php\/wp-json\/wp\/v2\/posts\/4076\/revisions\/4104"}],"wp:featuredmedia":[{"embeddable":true,"href":"https:\/\/www.encyklopediamalarstwa.pl\/index.php\/wp-json\/wp\/v2\/media\/4091"}],"wp:attachment":[{"href":"https:\/\/www.encyklopediamalarstwa.pl\/index.php\/wp-json\/wp\/v2\/media?parent=4076"}],"wp:term":[{"taxonomy":"category","embeddable":true,"href":"https:\/\/www.encyklopediamalarstwa.pl\/index.php\/wp-json\/wp\/v2\/categories?post=4076"},{"taxonomy":"post_tag","embeddable":true,"href":"https:\/\/www.encyklopediamalarstwa.pl\/index.php\/wp-json\/wp\/v2\/tags?post=4076"}],"curies":[{"name":"wp","href":"https:\/\/api.w.org\/{rel}","templated":true}]}}