{"id":4021,"date":"2025-04-07T20:22:05","date_gmt":"2025-04-07T18:22:05","guid":{"rendered":"https:\/\/www.encyklopediamalarstwa.pl\/?p=4021"},"modified":"2025-04-13T13:42:34","modified_gmt":"2025-04-13T11:42:34","slug":"adam-chmielowski-brat-albert","status":"publish","type":"post","link":"https:\/\/www.encyklopediamalarstwa.pl\/index.php\/2025\/04\/07\/adam-chmielowski-brat-albert\/","title":{"rendered":"Adam Chmielowski (brat Albert)"},"content":{"rendered":"\t\t<div data-elementor-type=\"wp-post\" data-elementor-id=\"4021\" class=\"elementor elementor-4021\">\n\t\t\t\t\t\t\t<div class=\"elementor-element elementor-element-71a752d e-flex e-con-boxed e-con e-parent\" data-id=\"71a752d\" data-element_type=\"container\" data-settings=\"{&quot;content_width&quot;:&quot;boxed&quot;}\" data-core-v316-plus=\"true\">\n\t\t\t\t\t<div class=\"e-con-inner\">\n\t\t\t\t<div class=\"elementor-element elementor-element-f008c94 elementor-widget elementor-widget-text-editor\" data-id=\"f008c94\" data-element_type=\"widget\" data-widget_type=\"text-editor.default\">\n\t\t\t\t<div class=\"elementor-widget-container\">\n\t\t\t<style>\/*! elementor - v3.18.0 - 08-12-2023 *\/\n.elementor-widget-text-editor.elementor-drop-cap-view-stacked .elementor-drop-cap{background-color:#69727d;color:#fff}.elementor-widget-text-editor.elementor-drop-cap-view-framed .elementor-drop-cap{color:#69727d;border:3px solid;background-color:transparent}.elementor-widget-text-editor:not(.elementor-drop-cap-view-default) .elementor-drop-cap{margin-top:8px}.elementor-widget-text-editor:not(.elementor-drop-cap-view-default) .elementor-drop-cap-letter{width:1em;height:1em}.elementor-widget-text-editor .elementor-drop-cap{float:left;text-align:center;line-height:1;font-size:50px}.elementor-widget-text-editor .elementor-drop-cap-letter{display:inline-block}<\/style>\t\t\t\t<h1 class=\"\" data-start=\"147\" data-end=\"205\"><strong data-start=\"149\" data-end=\"205\">Adam Chmielowski &#8211;\u00a0<\/strong><strong data-start=\"210\" data-end=\"219\">Wst\u0119p<\/strong><\/h1><p class=\"\" data-start=\"221\" data-end=\"555\">Adam Chmielowski (ur. 20 sierpnia 1845 w Igo\u0142omi, zm. 25 grudnia 1916 w Krakowie), znany p\u00f3\u017aniej jako Brat Albert, by\u0142 polskim malarzem, powsta\u0144cem styczniowym, zakonnikiem i \u015bwi\u0119tym Ko\u015bcio\u0142a katolickiego. Znany jest zar\u00f3wno ze swojej dzia\u0142alno\u015bci artystycznej, jak i ze swojego oddania pracy charytatywnej w\u015br\u00f3d ubogich i bezdomnych.<\/p><h2 class=\"\" data-start=\"562\" data-end=\"590\"><strong data-start=\"565\" data-end=\"590\">Dzieci\u0144stwo i M\u0142odo\u015b\u0107<\/strong><\/h2><p class=\"\" data-start=\"592\" data-end=\"918\">Adam Bernard Hilary Chmielowski urodzi\u0142 si\u0119 w zubo\u017ca\u0142ej rodzinie szlacheckiej herbu Jastrz\u0119biec. W m\u0142odym wieku osierocony, wychowywa\u0142 si\u0119 u krewnych. Odebra\u0142 staranne wykszta\u0142cenie \u2013 uczy\u0142 si\u0119 w Warszawie, a nast\u0119pnie w Pu\u0142awach i Petersburgu. Od m\u0142odo\u015bci przejawia\u0142 zdolno\u015bci artystyczne, szczeg\u00f3lnie w dziedzinie malarstwa.<\/p><h2 class=\"\" data-start=\"925\" data-end=\"962\"><strong data-start=\"928\" data-end=\"962\">Udzia\u0142 w Powstaniu Styczniowym<\/strong><\/h2><p class=\"\" data-start=\"964\" data-end=\"1243\">W 1863 roku, maj\u0105c zaledwie 18 lat, wzi\u0105\u0142 udzia\u0142 w powstaniu styczniowym. Podczas jednej z potyczek zosta\u0142 ci\u0119\u017cko ranny i w wyniku odniesionych obra\u017ce\u0144 straci\u0142 nog\u0119. Ta tragedia nie z\u0142ama\u0142a jego ducha \u2013 po leczeniu wyjecha\u0142 na emigracj\u0119 do Francji i Niemiec, a p\u00f3\u017aniej do Belgii.<\/p><h2 class=\"\" data-start=\"1250\" data-end=\"1276\"><strong data-start=\"1253\" data-end=\"1276\">Kariera Artystyczna<\/strong><\/h2><p class=\"\" data-start=\"1278\" data-end=\"1684\">Po zako\u0144czeniu dzia\u0142a\u0144 wojennych Chmielowski odda\u0142 si\u0119 sztuce. Studiowa\u0142 malarstwo w Monachium, gdzie pozna\u0142 m.in. Jana Matejk\u0119 i innych polskich artyst\u00f3w. Jego tw\u00f3rczo\u015b\u0107 malarska by\u0142a ceniona zar\u00f3wno przez krytyk\u00f3w, jak i przez \u015brodowiska artystyczne. Do jego najbardziej znanych obraz\u00f3w nale\u017cy <em data-start=\"1574\" data-end=\"1585\">Ecce Homo<\/em> \u2013 poruszaj\u0105cy wizerunek cierpi\u0105cego Chrystusa, kt\u00f3ry sam autor uzna\u0142 za swoje duchowe zwierciad\u0142o.<\/p><h2 class=\"\" data-start=\"1691\" data-end=\"1731\"><strong data-start=\"1694\" data-end=\"1731\">Przemiana Duchowa i \u017bycie Zakonne<\/strong><\/h2><p class=\"\" data-start=\"1733\" data-end=\"1985\">W latach 80. XIX wieku Adam Chmielowski prze\u017cy\u0142 g\u0142\u0119bokie nawr\u00f3cenie religijne. W 1887 roku porzuci\u0142 \u017cycie artysty, przywdzia\u0142 habit i przyj\u0105\u0142 imi\u0119 zakonne Brat Albert. Zamieszka\u0142 w\u015br\u00f3d ubogich w Krakowie, dziel\u0105c z nimi codzienno\u015b\u0107, cierpienie i bied\u0119.<\/p><h2 class=\"\" data-start=\"1992\" data-end=\"2047\"><strong data-start=\"1995\" data-end=\"2047\">Za\u0142o\u017cenie Zgromadzenia Braci i Si\u00f3str Albertynek<\/strong><\/h2><p class=\"\" data-start=\"2049\" data-end=\"2410\">Brat Albert za\u0142o\u017cy\u0142 dwa zgromadzenia zakonne: <strong data-start=\"2095\" data-end=\"2138\">Zgromadzenie Braci Pos\u0142uguj\u0105cych Ubogim<\/strong> (bracia albertyni, 1888) oraz <strong data-start=\"2169\" data-end=\"2224\">Zgromadzenie Si\u00f3str Albertynek Pos\u0142uguj\u0105cych Ubogim<\/strong> (1891). Celem tych wsp\u00f3lnot by\u0142a pomoc najbiedniejszym, bezdomnym i opuszczonym. Jego dzia\u0142alno\u015b\u0107 by\u0142a oparta na ha\u015ble: <em data-start=\"2345\" data-end=\"2376\">&#8220;Trzeba by\u0107 dobrym jak chleb&#8221;<\/em> \u2013 dost\u0119pny, potrzebny, codzienny.<\/p><h2 class=\"\" data-start=\"2417\" data-end=\"2444\"><strong data-start=\"2420\" data-end=\"2444\">\u015amier\u0107 i Dziedzictwo<\/strong><\/h2><p class=\"\" data-start=\"2446\" data-end=\"2707\">Brat Albert zmar\u0142 25 grudnia 1916 roku w Krakowie. Zosta\u0142 pochowany w przyklasztornym grobie, a jego posta\u0107 szybko sta\u0142a si\u0119 symbolem mi\u0142osierdzia i po\u015bwi\u0119cenia. W 1983 roku papie\u017c Jan Pawe\u0142 II og\u0142osi\u0142 go b\u0142ogos\u0142awionym, a w 1989 \u2013 kanonizowa\u0142 go jako \u015bwi\u0119tego.<\/p><h2 class=\"\" data-start=\"2714\" data-end=\"2738\"><strong data-start=\"2717\" data-end=\"2738\">Wp\u0142yw i Znaczenie<\/strong><\/h2><p class=\"\" data-start=\"2740\" data-end=\"3072\">Brat Albert jest dzi\u015b jedn\u0105 z najwa\u017cniejszych postaci polskiego \u017cycia duchowego i spo\u0142ecznego XIX i XX wieku. Jego dzia\u0142alno\u015b\u0107 inspirowa\u0142a m.in. Karola Wojty\u0142\u0119, przysz\u0142ego papie\u017ca Jana Paw\u0142a II, kt\u00f3ry po\u015bwi\u0119ci\u0142 mu sztuk\u0119 teatraln\u0105 pt. <em data-start=\"2975\" data-end=\"2994\">Brat naszego Boga<\/em>. Zgromadzenia alberty\u0144skie dzia\u0142aj\u0105 do dzi\u015b, kontynuuj\u0105c dzie\u0142o mi\u0142osierdzia.<\/p><h2 class=\"\" data-start=\"3079\" data-end=\"3116\"><strong data-start=\"3082\" data-end=\"3116\">Najwa\u017cniejsze Dzie\u0142a Malarskie<\/strong><\/h2><ul data-start=\"3118\" data-end=\"3224\"><li class=\"\" data-start=\"3118\" data-end=\"3133\"><p class=\"\" data-start=\"3120\" data-end=\"3133\"><a href=\"https:\/\/www.albertynki.pl\/wp-content\/uploads\/2018\/03\/Ecce-Homo.jpg\"><em data-start=\"3120\" data-end=\"3131\">Ecce Homo<\/em><\/a><\/p><\/li><li class=\"\" data-start=\"3134\" data-end=\"3167\"><p class=\"\" data-start=\"3136\" data-end=\"3167\"><em data-start=\"3136\" data-end=\"3165\">Dziewczynka z chryzantemami<\/em><\/p><\/li><li class=\"\" data-start=\"3168\" data-end=\"3202\"><p class=\"\" data-start=\"3170\" data-end=\"3202\"><em data-start=\"3170\" data-end=\"3200\">Autoportret w stroju artysty<\/em><\/p><\/li><li class=\"\" data-start=\"3203\" data-end=\"3224\"><p class=\"\" data-start=\"3205\" data-end=\"3224\"><em data-start=\"3205\" data-end=\"3224\">\u015awi\u0119ty Franciszek<\/em><\/p><\/li><\/ul><h2 class=\"\" data-start=\"3231\" data-end=\"3256\"><strong data-start=\"3234\" data-end=\"3256\">Kanonizacja i Kult<\/strong><\/h2><ul data-start=\"3258\" data-end=\"3458\"><li class=\"\" data-start=\"3258\" data-end=\"3333\"><p class=\"\" data-start=\"3260\" data-end=\"3333\"><strong data-start=\"3260\" data-end=\"3276\">Beatyfikacja<\/strong>: 22 czerwca 1983, Krak\u00f3w \u2013 przez papie\u017ca Jana Paw\u0142a II<\/p><\/li><li class=\"\" data-start=\"3334\" data-end=\"3416\"><p class=\"\" data-start=\"3336\" data-end=\"3416\"><strong data-start=\"3336\" data-end=\"3351\">Kanonizacja<\/strong>: 12 listopada 1989, Rzym \u2013 r\u00f3wnie\u017c przez papie\u017ca Jana Paw\u0142a II<\/p><\/li><li class=\"\" data-start=\"3417\" data-end=\"3458\"><p class=\"\" data-start=\"3419\" data-end=\"3458\"><strong data-start=\"3419\" data-end=\"3446\">Wspomnienie liturgiczne<\/strong>: 17 czerwca<\/p><\/li><\/ul>\t\t\t\t\t\t<\/div>\n\t\t\t\t<\/div>\n\t\t\t\t\t<\/div>\n\t\t\t\t<\/div>\n\t\t<div class=\"elementor-element elementor-element-181a124 e-flex e-con-boxed e-con e-parent\" data-id=\"181a124\" data-element_type=\"container\" data-settings=\"{&quot;content_width&quot;:&quot;boxed&quot;}\" data-core-v316-plus=\"true\">\n\t\t\t\t\t<div class=\"e-con-inner\">\n\t\t\t\t<div class=\"elementor-element elementor-element-d58a45f elementor-widget elementor-widget-penci-image-gallery\" data-id=\"d58a45f\" data-element_type=\"widget\" data-widget_type=\"penci-image-gallery.default\">\n\t\t\t\t<div class=\"elementor-widget-container\">\n\t\t\t        <div data-sliderid=\"88476\" id=\"penci-image_gallery_88476\"\n             class=\"penci-block-vc penci-image-gallery penci-image-gallery-masonry\">\n\t\t\t        <div class=\"penci-border-arrow penci-homepage-title penci-home-latest-posts style-1 pcalign-center pciconp-right pcicon-right block-title-icon-left\">\r\n            <h3 class=\"inner-arrow\">\r\n                <span>\r\n                    <span>Galeria oraz\u00f3w - Albert Chmielowski<\/a>                <\/span>\r\n            <\/h3>\r\n\t\t\t        <\/div>\r\n\t\t            <div class=\"penci-block_content \">\n\t\t\t\t<div class=\"penci-post-gallery-container masonry column-3\" data-height=\"150\" data-margin=\"3\"><div class=\"inner-gallery-masonry-container\"><div class=\"item-gallery-masonry\"><a class=\"penci-gallery-ite item-link-relative\" href=\"https:\/\/www.encyklopediamalarstwa.pl\/wp-content\/uploads\/2025\/04\/Abandoned-parsonage-1888.jpg\" data-rel=\"penci-gallery-image-content\"  data-cap=\"Opuszczona plebania (1888)\" data-rel=\"penci-gallery-image-content\" data-idwrap=\"penci-image_gallery_88476\"><div class=\"inner-item-masonry-gallery\"><span class=\"penci-isotope-padding\" style=\"padding-bottom:125.47008547%;\"><\/span><img decoding=\"async\" src=\"https:\/\/www.encyklopediamalarstwa.pl\/wp-content\/uploads\/2025\/04\/Abandoned-parsonage-1888-585x734.jpg\" alt=\"Opuszczona plebania (1888)\" title=\"Opuszczona plebania (1888)\"><\/div><\/a><\/div><div class=\"item-gallery-masonry\"><a class=\"penci-gallery-ite item-link-relative\" href=\"https:\/\/www.encyklopediamalarstwa.pl\/wp-content\/uploads\/2025\/04\/Barn-circa-1882.jpg\" data-rel=\"penci-gallery-image-content\"  data-cap=\"Stodo\u0142a (oko\u0142o 1882)\" data-rel=\"penci-gallery-image-content\" data-idwrap=\"penci-image_gallery_88476\"><div class=\"inner-item-masonry-gallery\"><span class=\"penci-isotope-padding\" style=\"padding-bottom:66.15384615%;\"><\/span><img decoding=\"async\" src=\"https:\/\/www.encyklopediamalarstwa.pl\/wp-content\/uploads\/2025\/04\/Barn-circa-1882-585x387.jpg\" alt=\"Stodo\u0142a (oko\u0142o 1882)\" title=\"Stodo\u0142a (oko\u0142o 1882)\"><\/div><\/a><\/div><div class=\"item-gallery-masonry\"><a class=\"penci-gallery-ite item-link-relative\" href=\"https:\/\/www.encyklopediamalarstwa.pl\/wp-content\/uploads\/2025\/04\/Black-clouds-section-of-the-triptych-Disaster-sketch-1870.jpg\" data-rel=\"penci-gallery-image-content\"  data-cap=\"Czarne chmury, fragment tryptyku \u201eKatastrofy\u201d, szkic (1870)\" data-rel=\"penci-gallery-image-content\" data-idwrap=\"penci-image_gallery_88476\"><div class=\"inner-item-masonry-gallery\"><span class=\"penci-isotope-padding\" style=\"padding-bottom:144.14414414%;\"><\/span><img decoding=\"async\" src=\"https:\/\/www.encyklopediamalarstwa.pl\/wp-content\/uploads\/2025\/04\/Black-clouds-section-of-the-triptych-Disaster-sketch-1870.jpg\" alt=\"Czarne chmury, fragment tryptyku \u201eKatastrofy\u201d, szkic (1870)\" title=\"Czarne chmury, fragment tryptyku \u201eKatastrofy\u201d, szkic (1870)\"><\/div><\/a><\/div><div class=\"item-gallery-masonry\"><a class=\"penci-gallery-ite item-link-relative\" href=\"https:\/\/www.encyklopediamalarstwa.pl\/wp-content\/uploads\/2025\/04\/Death-central-section-of-the-triptych-Disaster-sketch-1870.jpg\" data-rel=\"penci-gallery-image-content\"  data-cap=\"\u015amier\u0107, cz\u0119\u015b\u0107 \u015brodkowa tryptyku \u201eKatastrofy\u201d, szkic (1870)\" data-rel=\"penci-gallery-image-content\" data-idwrap=\"penci-image_gallery_88476\"><div class=\"inner-item-masonry-gallery\"><span class=\"penci-isotope-padding\" style=\"padding-bottom:117.94871795%;\"><\/span><img decoding=\"async\" src=\"https:\/\/www.encyklopediamalarstwa.pl\/wp-content\/uploads\/2025\/04\/Death-central-section-of-the-triptych-Disaster-sketch-1870-585x690.jpg\" alt=\"\u015amier\u0107, cz\u0119\u015b\u0107 \u015brodkowa tryptyku \u201eKatastrofy\u201d, szkic (1870)\" title=\"\u015amier\u0107, cz\u0119\u015b\u0107 \u015brodkowa tryptyku \u201eKatastrofy\u201d, szkic (1870)\"><\/div><\/a><\/div><div class=\"item-gallery-masonry\"><a class=\"penci-gallery-ite item-link-relative\" href=\"https:\/\/www.encyklopediamalarstwa.pl\/wp-content\/uploads\/2025\/04\/Garden-of-love-1876.jpg\" data-rel=\"penci-gallery-image-content\"  data-cap=\"Ogr\u00f3d mi\u0142o\u015bci (1876)\" data-rel=\"penci-gallery-image-content\" data-idwrap=\"penci-image_gallery_88476\"><div class=\"inner-item-masonry-gallery\"><span class=\"penci-isotope-padding\" style=\"padding-bottom:48.88888889%;\"><\/span><img decoding=\"async\" src=\"https:\/\/www.encyklopediamalarstwa.pl\/wp-content\/uploads\/2025\/04\/Garden-of-love-1876-585x286.jpg\" alt=\"Ogr\u00f3d mi\u0142o\u015bci (1876)\" title=\"Ogr\u00f3d mi\u0142o\u015bci (1876)\"><\/div><\/a><\/div><div class=\"item-gallery-masonry\"><a class=\"penci-gallery-ite item-link-relative\" href=\"https:\/\/www.encyklopediamalarstwa.pl\/wp-content\/uploads\/2025\/04\/Gray-Hour-1880.jpg\" data-rel=\"penci-gallery-image-content\"  data-cap=\"Szara godzina (1880)\" data-rel=\"penci-gallery-image-content\" data-idwrap=\"penci-image_gallery_88476\"><div class=\"inner-item-masonry-gallery\"><span class=\"penci-isotope-padding\" style=\"padding-bottom:33.33333333%;\"><\/span><img decoding=\"async\" src=\"https:\/\/www.encyklopediamalarstwa.pl\/wp-content\/uploads\/2025\/04\/Gray-Hour-1880-585x195.jpg\" alt=\"Szara godzina (1880)\" title=\"Szara godzina (1880)\"><\/div><\/a><\/div><div class=\"item-gallery-masonry\"><a class=\"penci-gallery-ite item-link-relative\" href=\"https:\/\/www.encyklopediamalarstwa.pl\/wp-content\/uploads\/2025\/04\/Italian-Cemetery-at-Dusk-1880.jpg\" data-rel=\"penci-gallery-image-content\"  data-cap=\"W\u0142oski cmentarz o zmierzchu (1880)\" data-rel=\"penci-gallery-image-content\" data-idwrap=\"penci-image_gallery_88476\"><div class=\"inner-item-masonry-gallery\"><span class=\"penci-isotope-padding\" style=\"padding-bottom:54.52991453%;\"><\/span><img decoding=\"async\" src=\"https:\/\/www.encyklopediamalarstwa.pl\/wp-content\/uploads\/2025\/04\/Italian-Cemetery-at-Dusk-1880-585x319.jpg\" alt=\"W\u0142oski cmentarz o zmierzchu (1880)\" title=\"W\u0142oski cmentarz o zmierzchu (1880)\"><\/div><\/a><\/div><div class=\"item-gallery-masonry\"><a class=\"penci-gallery-ite item-link-relative\" href=\"https:\/\/www.encyklopediamalarstwa.pl\/wp-content\/uploads\/2025\/04\/Landscape-from-the-Vincity-of-Czarnokozince-1883.jpg\" data-rel=\"penci-gallery-image-content\"  data-cap=\"Krajobraz z okolic Czarnokozi\u0144c\u00f3w (1883)\" data-rel=\"penci-gallery-image-content\" data-idwrap=\"penci-image_gallery_88476\"><div class=\"inner-item-masonry-gallery\"><span class=\"penci-isotope-padding\" style=\"padding-bottom:51.28205128%;\"><\/span><img decoding=\"async\" src=\"https:\/\/www.encyklopediamalarstwa.pl\/wp-content\/uploads\/2025\/04\/Landscape-from-the-Vincity-of-Czarnokozince-1883-585x300.jpg\" alt=\"Krajobraz z okolic Czarnokozi\u0144c\u00f3w (1883)\" title=\"Krajobraz z okolic Czarnokozi\u0144c\u00f3w (1883)\"><\/div><\/a><\/div><div class=\"item-gallery-masonry\"><a class=\"penci-gallery-ite item-link-relative\" href=\"https:\/\/www.encyklopediamalarstwa.pl\/wp-content\/uploads\/2025\/04\/Pestilence-right-hand-section-of-the-triptych-Disaster-1870.jpg\" data-rel=\"penci-gallery-image-content\"  data-cap=\"Zaraza, prawa cz\u0119\u015b\u0107 tryptyku \u201eKatastrofy\u201d (1870\" data-rel=\"penci-gallery-image-content\" data-idwrap=\"penci-image_gallery_88476\"><div class=\"inner-item-masonry-gallery\"><span class=\"penci-isotope-padding\" style=\"padding-bottom:147.69230769%;\"><\/span><img decoding=\"async\" src=\"https:\/\/www.encyklopediamalarstwa.pl\/wp-content\/uploads\/2025\/04\/Pestilence-right-hand-section-of-the-triptych-Disaster-1870-585x864.jpg\" alt=\"Zaraza, prawa cz\u0119\u015b\u0107 tryptyku \u201eKatastrofy\u201d (1870\" title=\"Zaraza, prawa cz\u0119\u015b\u0107 tryptyku \u201eKatastrofy\u201d (1870\"><\/div><\/a><\/div><div class=\"item-gallery-masonry\"><a class=\"penci-gallery-ite item-link-relative\" href=\"https:\/\/www.encyklopediamalarstwa.pl\/wp-content\/uploads\/2025\/04\/Pestilence-section-of-the-triptych-Disaster-sketch-1870.jpg\" data-rel=\"penci-gallery-image-content\"  data-cap=\"Zaraza, fragment tryptyku \u201eKatastrofy\u201d, szkic (1870)\" data-rel=\"penci-gallery-image-content\" data-idwrap=\"penci-image_gallery_88476\"><div class=\"inner-item-masonry-gallery\"><span class=\"penci-isotope-padding\" style=\"padding-bottom:145.19056261%;\"><\/span><img decoding=\"async\" src=\"https:\/\/www.encyklopediamalarstwa.pl\/wp-content\/uploads\/2025\/04\/Pestilence-section-of-the-triptych-Disaster-sketch-1870.jpg\" alt=\"Zaraza, fragment tryptyku \u201eKatastrofy\u201d, szkic (1870)\" title=\"Zaraza, fragment tryptyku \u201eKatastrofy\u201d, szkic (1870)\"><\/div><\/a><\/div><\/div><\/div>            <\/div>\n        <\/div>\n\t\t\t\t<\/div>\n\t\t\t\t<\/div>\n\t\t\t\t\t<\/div>\n\t\t\t\t<\/div>\n\t\t\t\t\t\t\t<\/div>\n\t\t","protected":false},"excerpt":{"rendered":"<p>Adam Chmielowski &#8211;\u00a0Wst\u0119p Adam Chmielowski (ur. 20 sierpnia 1845 w Igo\u0142omi, zm. 25 grudnia 1916 w Krakowie), znany p\u00f3\u017aniej jako Brat Albert, by\u0142 polskim malarzem, powsta\u0144cem styczniowym, zakonnikiem i \u015bwi\u0119tym&hellip;<\/p>\n","protected":false},"author":1,"featured_media":4024,"comment_status":"open","ping_status":"open","sticky":false,"template":"","format":"standard","meta":{"content-type":"","om_disable_all_campaigns":false,"_monsterinsights_skip_tracking":false,"_monsterinsights_sitenote_active":false,"_monsterinsights_sitenote_note":"","_monsterinsights_sitenote_category":0,"footnotes":""},"categories":[98,96,105],"tags":[54],"class_list":["post-4021","post","type-post","status-publish","format-standard","has-post-thumbnail","hentry","category-realizm","category-romantyzm","category-symbolizm","tag-polski-malarz"],"yoast_head":"<!-- This site is optimized with the Yoast SEO plugin v21.7 - https:\/\/yoast.com\/wordpress\/plugins\/seo\/ -->\n<title>Adam Chmielowski (brat Albert) - Encyklopedia Malarstwa<\/title>\n<meta name=\"description\" content=\"Adam Chmielowsk, znany p\u00f3\u017aniej jako Brat Albert, by\u0142 polskim malarzem, powsta\u0144cem styczniowym, zakonnikiem i \u015bwi\u0119tym Ko\u015bcio\u0142a katolickiego.\" \/>\n<meta name=\"robots\" content=\"index, follow, max-snippet:-1, max-image-preview:large, max-video-preview:-1\" \/>\n<link rel=\"canonical\" href=\"https:\/\/www.encyklopediamalarstwa.pl\/index.php\/2025\/04\/07\/adam-chmielowski-brat-albert\/\" \/>\n<meta property=\"og:locale\" content=\"pl_PL\" \/>\n<meta property=\"og:type\" content=\"article\" \/>\n<meta property=\"og:title\" content=\"Adam Chmielowski (brat Albert) - Encyklopedia Malarstwa\" \/>\n<meta property=\"og:description\" content=\"Adam Chmielowsk, znany p\u00f3\u017aniej jako Brat Albert, by\u0142 polskim malarzem, powsta\u0144cem styczniowym, zakonnikiem i \u015bwi\u0119tym Ko\u015bcio\u0142a katolickiego.\" \/>\n<meta property=\"og:url\" content=\"https:\/\/www.encyklopediamalarstwa.pl\/index.php\/2025\/04\/07\/adam-chmielowski-brat-albert\/\" \/>\n<meta property=\"og:site_name\" content=\"Encyklopedia Malarstwa\" \/>\n<meta property=\"article:published_time\" content=\"2025-04-07T18:22:05+00:00\" \/>\n<meta property=\"article:modified_time\" content=\"2025-04-13T11:42:34+00:00\" \/>\n<meta property=\"og:image\" content=\"https:\/\/www.encyklopediamalarstwa.pl\/wp-content\/uploads\/2025\/04\/Abandoned-parsonage-1888.jpg\" \/>\n\t<meta property=\"og:image:width\" content=\"800\" \/>\n\t<meta property=\"og:image:height\" content=\"1004\" \/>\n\t<meta property=\"og:image:type\" content=\"image\/jpeg\" \/>\n<meta name=\"author\" content=\"admin\" \/>\n<meta name=\"twitter:card\" content=\"summary_large_image\" \/>\n<meta name=\"twitter:label1\" content=\"Napisane przez\" \/>\n\t<meta name=\"twitter:data1\" content=\"admin\" \/>\n\t<meta name=\"twitter:label2\" content=\"Szacowany czas czytania\" \/>\n\t<meta name=\"twitter:data2\" content=\"5 minut\" \/>\n<script type=\"application\/ld+json\" class=\"yoast-schema-graph\">{\"@context\":\"https:\/\/schema.org\",\"@graph\":[{\"@type\":\"Article\",\"@id\":\"https:\/\/www.encyklopediamalarstwa.pl\/index.php\/2025\/04\/07\/adam-chmielowski-brat-albert\/#article\",\"isPartOf\":{\"@id\":\"https:\/\/www.encyklopediamalarstwa.pl\/index.php\/2025\/04\/07\/adam-chmielowski-brat-albert\/\"},\"author\":{\"name\":\"admin\",\"@id\":\"https:\/\/www.encyklopediamalarstwa.pl\/#\/schema\/person\/1a6b3ac5c26a28667ef7613105b7c5d6\"},\"headline\":\"Adam Chmielowski (brat Albert)\",\"datePublished\":\"2025-04-07T18:22:05+00:00\",\"dateModified\":\"2025-04-13T11:42:34+00:00\",\"mainEntityOfPage\":{\"@id\":\"https:\/\/www.encyklopediamalarstwa.pl\/index.php\/2025\/04\/07\/adam-chmielowski-brat-albert\/\"},\"wordCount\":518,\"commentCount\":0,\"publisher\":{\"@id\":\"https:\/\/www.encyklopediamalarstwa.pl\/#\/schema\/person\/1a6b3ac5c26a28667ef7613105b7c5d6\"},\"keywords\":[\"polski malarz\"],\"articleSection\":[\"Realizm\",\"Romantyzm\",\"Symbolizm\"],\"inLanguage\":\"pl-PL\",\"potentialAction\":[{\"@type\":\"CommentAction\",\"name\":\"Comment\",\"target\":[\"https:\/\/www.encyklopediamalarstwa.pl\/index.php\/2025\/04\/07\/adam-chmielowski-brat-albert\/#respond\"]}]},{\"@type\":\"WebPage\",\"@id\":\"https:\/\/www.encyklopediamalarstwa.pl\/index.php\/2025\/04\/07\/adam-chmielowski-brat-albert\/\",\"url\":\"https:\/\/www.encyklopediamalarstwa.pl\/index.php\/2025\/04\/07\/adam-chmielowski-brat-albert\/\",\"name\":\"Adam Chmielowski (brat Albert) - Encyklopedia Malarstwa\",\"isPartOf\":{\"@id\":\"https:\/\/www.encyklopediamalarstwa.pl\/#website\"},\"datePublished\":\"2025-04-07T18:22:05+00:00\",\"dateModified\":\"2025-04-13T11:42:34+00:00\",\"description\":\"Adam Chmielowsk, znany p\u00f3\u017aniej jako Brat Albert, by\u0142 polskim malarzem, powsta\u0144cem styczniowym, zakonnikiem i \u015bwi\u0119tym Ko\u015bcio\u0142a katolickiego.\",\"breadcrumb\":{\"@id\":\"https:\/\/www.encyklopediamalarstwa.pl\/index.php\/2025\/04\/07\/adam-chmielowski-brat-albert\/#breadcrumb\"},\"inLanguage\":\"pl-PL\",\"potentialAction\":[{\"@type\":\"ReadAction\",\"target\":[\"https:\/\/www.encyklopediamalarstwa.pl\/index.php\/2025\/04\/07\/adam-chmielowski-brat-albert\/\"]}]},{\"@type\":\"BreadcrumbList\",\"@id\":\"https:\/\/www.encyklopediamalarstwa.pl\/index.php\/2025\/04\/07\/adam-chmielowski-brat-albert\/#breadcrumb\",\"itemListElement\":[{\"@type\":\"ListItem\",\"position\":1,\"name\":\"Strona g\u0142\u00f3wna\",\"item\":\"https:\/\/www.encyklopediamalarstwa.pl\/\"},{\"@type\":\"ListItem\",\"position\":2,\"name\":\"Adam Chmielowski (brat Albert)\"}]},{\"@type\":\"WebSite\",\"@id\":\"https:\/\/www.encyklopediamalarstwa.pl\/#website\",\"url\":\"https:\/\/www.encyklopediamalarstwa.pl\/\",\"name\":\"Encyklopedia Malarstwa\",\"description\":\"Sztuka w Twoim domu\",\"publisher\":{\"@id\":\"https:\/\/www.encyklopediamalarstwa.pl\/#\/schema\/person\/1a6b3ac5c26a28667ef7613105b7c5d6\"},\"potentialAction\":[{\"@type\":\"SearchAction\",\"target\":{\"@type\":\"EntryPoint\",\"urlTemplate\":\"https:\/\/www.encyklopediamalarstwa.pl\/?s={search_term_string}\"},\"query-input\":\"required name=search_term_string\"}],\"inLanguage\":\"pl-PL\"},{\"@type\":[\"Person\",\"Organization\"],\"@id\":\"https:\/\/www.encyklopediamalarstwa.pl\/#\/schema\/person\/1a6b3ac5c26a28667ef7613105b7c5d6\",\"name\":\"admin\",\"image\":{\"@type\":\"ImageObject\",\"inLanguage\":\"pl-PL\",\"@id\":\"https:\/\/www.encyklopediamalarstwa.pl\/#\/schema\/person\/image\/\",\"url\":\"https:\/\/www.encyklopediamalarstwa.pl\/wp-content\/uploads\/2023\/11\/avatar.png\",\"contentUrl\":\"https:\/\/www.encyklopediamalarstwa.pl\/wp-content\/uploads\/2023\/11\/avatar.png\",\"width\":688,\"height\":748,\"caption\":\"admin\"},\"logo\":{\"@id\":\"https:\/\/www.encyklopediamalarstwa.pl\/#\/schema\/person\/image\/\"},\"sameAs\":[\"https:\/\/www.encyklopediamalarstwa.pl\"],\"url\":\"https:\/\/www.encyklopediamalarstwa.pl\/index.php\/author\/admin\/\"}]}<\/script>\n<!-- \/ Yoast SEO plugin. -->","yoast_head_json":{"title":"Adam Chmielowski (brat Albert) - Encyklopedia Malarstwa","description":"Adam Chmielowsk, znany p\u00f3\u017aniej jako Brat Albert, by\u0142 polskim malarzem, powsta\u0144cem styczniowym, zakonnikiem i \u015bwi\u0119tym Ko\u015bcio\u0142a katolickiego.","robots":{"index":"index","follow":"follow","max-snippet":"max-snippet:-1","max-image-preview":"max-image-preview:large","max-video-preview":"max-video-preview:-1"},"canonical":"https:\/\/www.encyklopediamalarstwa.pl\/index.php\/2025\/04\/07\/adam-chmielowski-brat-albert\/","og_locale":"pl_PL","og_type":"article","og_title":"Adam Chmielowski (brat Albert) - Encyklopedia Malarstwa","og_description":"Adam Chmielowsk, znany p\u00f3\u017aniej jako Brat Albert, by\u0142 polskim malarzem, powsta\u0144cem styczniowym, zakonnikiem i \u015bwi\u0119tym Ko\u015bcio\u0142a katolickiego.","og_url":"https:\/\/www.encyklopediamalarstwa.pl\/index.php\/2025\/04\/07\/adam-chmielowski-brat-albert\/","og_site_name":"Encyklopedia Malarstwa","article_published_time":"2025-04-07T18:22:05+00:00","article_modified_time":"2025-04-13T11:42:34+00:00","og_image":[{"width":800,"height":1004,"url":"https:\/\/www.encyklopediamalarstwa.pl\/wp-content\/uploads\/2025\/04\/Abandoned-parsonage-1888.jpg","type":"image\/jpeg"}],"author":"admin","twitter_card":"summary_large_image","twitter_misc":{"Napisane przez":"admin","Szacowany czas czytania":"5 minut"},"schema":{"@context":"https:\/\/schema.org","@graph":[{"@type":"Article","@id":"https:\/\/www.encyklopediamalarstwa.pl\/index.php\/2025\/04\/07\/adam-chmielowski-brat-albert\/#article","isPartOf":{"@id":"https:\/\/www.encyklopediamalarstwa.pl\/index.php\/2025\/04\/07\/adam-chmielowski-brat-albert\/"},"author":{"name":"admin","@id":"https:\/\/www.encyklopediamalarstwa.pl\/#\/schema\/person\/1a6b3ac5c26a28667ef7613105b7c5d6"},"headline":"Adam Chmielowski (brat Albert)","datePublished":"2025-04-07T18:22:05+00:00","dateModified":"2025-04-13T11:42:34+00:00","mainEntityOfPage":{"@id":"https:\/\/www.encyklopediamalarstwa.pl\/index.php\/2025\/04\/07\/adam-chmielowski-brat-albert\/"},"wordCount":518,"commentCount":0,"publisher":{"@id":"https:\/\/www.encyklopediamalarstwa.pl\/#\/schema\/person\/1a6b3ac5c26a28667ef7613105b7c5d6"},"keywords":["polski malarz"],"articleSection":["Realizm","Romantyzm","Symbolizm"],"inLanguage":"pl-PL","potentialAction":[{"@type":"CommentAction","name":"Comment","target":["https:\/\/www.encyklopediamalarstwa.pl\/index.php\/2025\/04\/07\/adam-chmielowski-brat-albert\/#respond"]}]},{"@type":"WebPage","@id":"https:\/\/www.encyklopediamalarstwa.pl\/index.php\/2025\/04\/07\/adam-chmielowski-brat-albert\/","url":"https:\/\/www.encyklopediamalarstwa.pl\/index.php\/2025\/04\/07\/adam-chmielowski-brat-albert\/","name":"Adam Chmielowski (brat Albert) - Encyklopedia Malarstwa","isPartOf":{"@id":"https:\/\/www.encyklopediamalarstwa.pl\/#website"},"datePublished":"2025-04-07T18:22:05+00:00","dateModified":"2025-04-13T11:42:34+00:00","description":"Adam Chmielowsk, znany p\u00f3\u017aniej jako Brat Albert, by\u0142 polskim malarzem, powsta\u0144cem styczniowym, zakonnikiem i \u015bwi\u0119tym Ko\u015bcio\u0142a katolickiego.","breadcrumb":{"@id":"https:\/\/www.encyklopediamalarstwa.pl\/index.php\/2025\/04\/07\/adam-chmielowski-brat-albert\/#breadcrumb"},"inLanguage":"pl-PL","potentialAction":[{"@type":"ReadAction","target":["https:\/\/www.encyklopediamalarstwa.pl\/index.php\/2025\/04\/07\/adam-chmielowski-brat-albert\/"]}]},{"@type":"BreadcrumbList","@id":"https:\/\/www.encyklopediamalarstwa.pl\/index.php\/2025\/04\/07\/adam-chmielowski-brat-albert\/#breadcrumb","itemListElement":[{"@type":"ListItem","position":1,"name":"Strona g\u0142\u00f3wna","item":"https:\/\/www.encyklopediamalarstwa.pl\/"},{"@type":"ListItem","position":2,"name":"Adam Chmielowski (brat Albert)"}]},{"@type":"WebSite","@id":"https:\/\/www.encyklopediamalarstwa.pl\/#website","url":"https:\/\/www.encyklopediamalarstwa.pl\/","name":"Encyklopedia Malarstwa","description":"Sztuka w Twoim domu","publisher":{"@id":"https:\/\/www.encyklopediamalarstwa.pl\/#\/schema\/person\/1a6b3ac5c26a28667ef7613105b7c5d6"},"potentialAction":[{"@type":"SearchAction","target":{"@type":"EntryPoint","urlTemplate":"https:\/\/www.encyklopediamalarstwa.pl\/?s={search_term_string}"},"query-input":"required name=search_term_string"}],"inLanguage":"pl-PL"},{"@type":["Person","Organization"],"@id":"https:\/\/www.encyklopediamalarstwa.pl\/#\/schema\/person\/1a6b3ac5c26a28667ef7613105b7c5d6","name":"admin","image":{"@type":"ImageObject","inLanguage":"pl-PL","@id":"https:\/\/www.encyklopediamalarstwa.pl\/#\/schema\/person\/image\/","url":"https:\/\/www.encyklopediamalarstwa.pl\/wp-content\/uploads\/2023\/11\/avatar.png","contentUrl":"https:\/\/www.encyklopediamalarstwa.pl\/wp-content\/uploads\/2023\/11\/avatar.png","width":688,"height":748,"caption":"admin"},"logo":{"@id":"https:\/\/www.encyklopediamalarstwa.pl\/#\/schema\/person\/image\/"},"sameAs":["https:\/\/www.encyklopediamalarstwa.pl"],"url":"https:\/\/www.encyklopediamalarstwa.pl\/index.php\/author\/admin\/"}]}},"_links":{"self":[{"href":"https:\/\/www.encyklopediamalarstwa.pl\/index.php\/wp-json\/wp\/v2\/posts\/4021","targetHints":{"allow":["GET"]}}],"collection":[{"href":"https:\/\/www.encyklopediamalarstwa.pl\/index.php\/wp-json\/wp\/v2\/posts"}],"about":[{"href":"https:\/\/www.encyklopediamalarstwa.pl\/index.php\/wp-json\/wp\/v2\/types\/post"}],"author":[{"embeddable":true,"href":"https:\/\/www.encyklopediamalarstwa.pl\/index.php\/wp-json\/wp\/v2\/users\/1"}],"replies":[{"embeddable":true,"href":"https:\/\/www.encyklopediamalarstwa.pl\/index.php\/wp-json\/wp\/v2\/comments?post=4021"}],"version-history":[{"count":14,"href":"https:\/\/www.encyklopediamalarstwa.pl\/index.php\/wp-json\/wp\/v2\/posts\/4021\/revisions"}],"predecessor-version":[{"id":4074,"href":"https:\/\/www.encyklopediamalarstwa.pl\/index.php\/wp-json\/wp\/v2\/posts\/4021\/revisions\/4074"}],"wp:featuredmedia":[{"embeddable":true,"href":"https:\/\/www.encyklopediamalarstwa.pl\/index.php\/wp-json\/wp\/v2\/media\/4024"}],"wp:attachment":[{"href":"https:\/\/www.encyklopediamalarstwa.pl\/index.php\/wp-json\/wp\/v2\/media?parent=4021"}],"wp:term":[{"taxonomy":"category","embeddable":true,"href":"https:\/\/www.encyklopediamalarstwa.pl\/index.php\/wp-json\/wp\/v2\/categories?post=4021"},{"taxonomy":"post_tag","embeddable":true,"href":"https:\/\/www.encyklopediamalarstwa.pl\/index.php\/wp-json\/wp\/v2\/tags?post=4021"}],"curies":[{"name":"wp","href":"https:\/\/api.w.org\/{rel}","templated":true}]}}