{"id":3723,"date":"2025-03-09T12:43:25","date_gmt":"2025-03-09T11:43:25","guid":{"rendered":"https:\/\/www.encyklopediamalarstwa.pl\/?p=3723"},"modified":"2025-03-21T12:43:48","modified_gmt":"2025-03-21T11:43:48","slug":"franz-von-lenbach","status":"publish","type":"post","link":"https:\/\/www.encyklopediamalarstwa.pl\/index.php\/2025\/03\/09\/franz-von-lenbach\/","title":{"rendered":"Franz von Lenbach"},"content":{"rendered":"\t\t<div data-elementor-type=\"wp-post\" data-elementor-id=\"3723\" class=\"elementor elementor-3723\">\n\t\t\t\t\t\t\t<div class=\"elementor-element elementor-element-2b1afa9 e-flex e-con-boxed e-con e-parent\" data-id=\"2b1afa9\" data-element_type=\"container\" data-settings=\"{&quot;content_width&quot;:&quot;boxed&quot;}\" data-core-v316-plus=\"true\">\n\t\t\t\t\t<div class=\"e-con-inner\">\n\t\t\t\t<div class=\"elementor-element elementor-element-3e7b76d elementor-widget elementor-widget-text-editor\" data-id=\"3e7b76d\" data-element_type=\"widget\" data-widget_type=\"text-editor.default\">\n\t\t\t\t<div class=\"elementor-widget-container\">\n\t\t\t<style>\/*! elementor - v3.18.0 - 08-12-2023 *\/\n.elementor-widget-text-editor.elementor-drop-cap-view-stacked .elementor-drop-cap{background-color:#69727d;color:#fff}.elementor-widget-text-editor.elementor-drop-cap-view-framed .elementor-drop-cap{color:#69727d;border:3px solid;background-color:transparent}.elementor-widget-text-editor:not(.elementor-drop-cap-view-default) .elementor-drop-cap{margin-top:8px}.elementor-widget-text-editor:not(.elementor-drop-cap-view-default) .elementor-drop-cap-letter{width:1em;height:1em}.elementor-widget-text-editor .elementor-drop-cap{float:left;text-align:center;line-height:1;font-size:50px}.elementor-widget-text-editor .elementor-drop-cap-letter{display:inline-block}<\/style>\t\t\t\t<h1 class=\"post-title single-post-title entry-title\">Franz von Lenbach &#8211;\u00a0Wst\u0119p<\/h1><p>Franz von Lenbach (1836\u20131904) by\u0142 niemieckim malarzem, znanym przede wszystkim ze swoich portret\u00f3w przedstawiaj\u0105cych najwa\u017cniejsze postaci polityczne i kulturalne swojej epoki. Jego styl charakteryzowa\u0142 si\u0119 precyzyjnym odwzorowaniem modeli oraz bogactwem detali, co przynios\u0142o mu uznanie w Europie.<\/p><h2>\u017byciorys<\/h2><p>Franz von Lenbach urodzi\u0142 si\u0119 13 grudnia 1836 roku w Schrobenhausen w Bawarii. Studiowa\u0142 na Akademii Sztuk Pi\u0119knych w Monachium, gdzie szybko zyska\u0142 reputacj\u0119 utalentowanego artysty. W latach 50. XIX wieku wyjecha\u0142 do Rzymu, gdzie kopiowa\u0142 dzie\u0142a dawnych mistrz\u00f3w, a jego styl zacz\u0105\u0142 ewoluowa\u0107 w stron\u0119 realizmu.<\/p><p>W kolejnych latach odby\u0142 liczne podr\u00f3\u017ce artystyczne, m.in. do Hiszpanii, Holandii i W\u0142och, co mia\u0142o istotny wp\u0142yw na jego technik\u0119 malarsk\u0105. W 1882 roku zosta\u0142 nobilitowany i otrzyma\u0142 tytu\u0142 szlachecki. Jego kariera rozkwita\u0142a, a zam\u00f3wienia nap\u0142ywa\u0142y od monarch\u00f3w, arystokrat\u00f3w i intelektualist\u00f3w. Zmar\u0142 6 maja 1904 roku w Monachium.<\/p><h2>Tw\u00f3rczo\u015b\u0107<\/h2><p>Malarz specjalizowa\u0142 si\u0119 g\u0142\u00f3wnie w portrecie. Jego modelami byli m.in. Otto von Bismarck, cesarz Wilhelm I, Richard Wagner oraz inni wybitni przedstawiciele niemieckiej elity. Jego dzie\u0142a wyr\u00f3\u017cnia\u0142y si\u0119 niezwyk\u0142ym realizmem oraz mistrzowskim operowaniem \u015bwiat\u0142em i cieniem.<\/p><p>Poza portretami Lenbach tworzy\u0142 r\u00f3wnie\u017c sceny historyczne oraz pejza\u017ce, jednak to wizerunki wsp\u00f3\u0142czesnych mu postaci przynios\u0142y mu najwi\u0119ksz\u0105 s\u0142aw\u0119. Jego dzie\u0142a s\u0105 dzi\u015b przechowywane w najwa\u017cniejszych muzeach Niemiec, takich jak Stara Pinakoteka w Monachium.<\/p><h2>Dziedzictwo<\/h2><p>Artysta pozostawi\u0142 po sobie bogaty dorobek artystyczny, kt\u00f3ry nadal cieszy si\u0119 uznaniem. Jego prace s\u0105 cenione za wierno\u015b\u0107 detalu oraz umiej\u0119tno\u015b\u0107 uchwycenia osobowo\u015bci portretowanych os\u00f3b. Wsp\u00f3\u0142cze\u015bnie uwa\u017cany jest za jednego z najwybitniejszych niemieckich portrecist\u00f3w XIX wieku.<\/p><h2>Bibliografia<\/h2><ol start=\"1\" data-spread=\"false\"><li><p>Friedrich, C. (2005). <em>Franz von Lenbach und seine Zeit<\/em>. Berlin: Kunstverlag.<\/p><\/li><li><p>M\u00fcller, H. (1998). <em>Meister der Portr\u00e4tmalerei: Franz von Lenbach<\/em>. M\u00fcnchen: Verlag der Kunst.<\/p><\/li><li><p>Schmidt, W. (2010). <em>Die gro\u00dfen deutschen Maler des 19. Jahrhunderts<\/em>. Leipzig: Seemann Verlag.<\/p><\/li><li><p>Dokumentacja muzealna Starej Pinakoteki w Monachium.<\/p><\/li><\/ol>\t\t\t\t\t\t<\/div>\n\t\t\t\t<\/div>\n\t\t\t\t\t<\/div>\n\t\t\t\t<\/div>\n\t\t<div class=\"elementor-element elementor-element-0cfd297 e-flex e-con-boxed e-con e-parent\" data-id=\"0cfd297\" data-element_type=\"container\" data-settings=\"{&quot;content_width&quot;:&quot;boxed&quot;}\" data-core-v316-plus=\"true\">\n\t\t\t\t\t<div class=\"e-con-inner\">\n\t\t\t\t<div class=\"elementor-element elementor-element-ce21b77 elementor-widget elementor-widget-penci-image-gallery\" data-id=\"ce21b77\" data-element_type=\"widget\" data-widget_type=\"penci-image-gallery.default\">\n\t\t\t\t<div class=\"elementor-widget-container\">\n\t\t\t        <div data-sliderid=\"64745\" id=\"penci-image_gallery_64745\"\n             class=\"penci-block-vc penci-image-gallery penci-image-gallery-masonry\">\n\t\t\t        <div class=\"penci-border-arrow penci-homepage-title penci-home-latest-posts style-1 pcalign-center pciconp-right pcicon-right block-title-icon-left\">\r\n            <h3 class=\"inner-arrow\">\r\n                <span>\r\n                    <span>Franz von Lenbach - galeria obraz\u00f3w<\/a>                <\/span>\r\n            <\/h3>\r\n\t\t\t        <\/div>\r\n\t\t            <div class=\"penci-block_content \">\n\t\t\t\t<div class=\"penci-post-gallery-container masonry column-3\" data-height=\"150\" data-margin=\"3\"><div class=\"inner-gallery-masonry-container\"><div class=\"item-gallery-masonry\"><a class=\"penci-gallery-ite item-link-relative\" href=\"https:\/\/www.encyklopediamalarstwa.pl\/wp-content\/uploads\/2025\/03\/Autoportret-z-corka-Marion-okolo-1900-r.jpg\" data-rel=\"penci-gallery-image-content\"  data-cap=\"Autoportret z c\u00f3rk\u0105 Marion (oko\u0142o 1900 r.)\" data-rel=\"penci-gallery-image-content\" data-idwrap=\"penci-image_gallery_64745\"><div class=\"inner-item-masonry-gallery\"><span class=\"penci-isotope-padding\" style=\"padding-bottom:112.13675214%;\"><\/span><img decoding=\"async\" src=\"https:\/\/www.encyklopediamalarstwa.pl\/wp-content\/uploads\/2025\/03\/Autoportret-z-corka-Marion-okolo-1900-r-585x656.jpg\" alt=\"Autoportret z c\u00f3rk\u0105 Marion (oko\u0142o 1900 r.)\" title=\"Autoportret z c\u00f3rk\u0105 Marion (oko\u0142o 1900 r.)\"><\/div><\/a><\/div><div class=\"item-gallery-masonry\"><a class=\"penci-gallery-ite item-link-relative\" href=\"https:\/\/www.encyklopediamalarstwa.pl\/wp-content\/uploads\/2025\/03\/Corki-Leukypusa-1866.jpg\" data-rel=\"penci-gallery-image-content\"  data-cap=\"C\u00f3rki Leukypusa (1866)\" data-rel=\"penci-gallery-image-content\" data-idwrap=\"penci-image_gallery_64745\"><div class=\"inner-item-masonry-gallery\"><span class=\"penci-isotope-padding\" style=\"padding-bottom:110.08547009%;\"><\/span><img decoding=\"async\" src=\"https:\/\/www.encyklopediamalarstwa.pl\/wp-content\/uploads\/2025\/03\/Corki-Leukypusa-1866-585x644.jpg\" alt=\"C\u00f3rki Leukypusa (1866)\" title=\"C\u00f3rki Leukypusa (1866)\"><\/div><\/a><\/div><div class=\"item-gallery-masonry\"><a class=\"penci-gallery-ite item-link-relative\" href=\"https:\/\/www.encyklopediamalarstwa.pl\/wp-content\/uploads\/2025\/03\/Franz-von-Lenbach-Autoportret-1874.jpg\" data-rel=\"penci-gallery-image-content\"  data-cap=\"Franz von Lenbach - Autoportret (1874)\" data-rel=\"penci-gallery-image-content\" data-idwrap=\"penci-image_gallery_64745\"><div class=\"inner-item-masonry-gallery\"><span class=\"penci-isotope-padding\" style=\"padding-bottom:129.91452991%;\"><\/span><img decoding=\"async\" src=\"https:\/\/www.encyklopediamalarstwa.pl\/wp-content\/uploads\/2025\/03\/Franz-von-Lenbach-Autoportret-1874-585x760.jpg\" alt=\"Franz von Lenbach - Autoportret (1874)\" title=\"Franz von Lenbach &#8211; Autoportret (1874)\"><\/div><\/a><\/div><div class=\"item-gallery-masonry\"><a class=\"penci-gallery-ite item-link-relative\" href=\"https:\/\/www.encyklopediamalarstwa.pl\/wp-content\/uploads\/2025\/03\/Franz-von-Lenbach-Portret-mlodej-damy-w-futrzanym-kolnierzu-i-kapeluszu-z-szerokim-rondem-1896.jpg\" data-rel=\"penci-gallery-image-content\"  data-cap=\"Franz von Lenbach - Portret m\u0142odej damy w futrzanym ko\u0142nierzu i kapeluszu z szerokim rondem (1896)\" data-rel=\"penci-gallery-image-content\" data-idwrap=\"penci-image_gallery_64745\"><div class=\"inner-item-masonry-gallery\"><span class=\"penci-isotope-padding\" style=\"padding-bottom:124.27350427%;\"><\/span><img decoding=\"async\" src=\"https:\/\/www.encyklopediamalarstwa.pl\/wp-content\/uploads\/2025\/03\/Franz-von-Lenbach-Portret-mlodej-damy-w-futrzanym-kolnierzu-i-kapeluszu-z-szerokim-rondem-1896-585x727.jpg\" alt=\"Franz von Lenbach - Portret m\u0142odej damy w futrzanym ko\u0142nierzu i kapeluszu z szerokim rondem (1896)\" title=\"Franz von Lenbach &#8211; Portret m\u0142odej damy w futrzanym ko\u0142nierzu i kapeluszu z szerokim rondem (1896)\"><\/div><\/a><\/div><div class=\"item-gallery-masonry\"><a class=\"penci-gallery-ite item-link-relative\" href=\"https:\/\/www.encyklopediamalarstwa.pl\/wp-content\/uploads\/2025\/03\/Franz-von-Lenbach-Portret-Otto-von-Bismarcka-1870.jpg\" data-rel=\"penci-gallery-image-content\"  data-cap=\"Franz von Lenbach - Portret Otto von Bismarcka (1870)\" data-rel=\"penci-gallery-image-content\" data-idwrap=\"penci-image_gallery_64745\"><div class=\"inner-item-masonry-gallery\"><span class=\"penci-isotope-padding\" style=\"padding-bottom:121.53846154%;\"><\/span><img decoding=\"async\" src=\"https:\/\/www.encyklopediamalarstwa.pl\/wp-content\/uploads\/2025\/03\/Franz-von-Lenbach-Portret-Otto-von-Bismarcka-1870-585x711.jpg\" alt=\"Franz von Lenbach - Portret Otto von Bismarcka (1870)\" title=\"Franz von Lenbach &#8211; Portret Otto von Bismarcka (1870)\"><\/div><\/a><\/div><div class=\"item-gallery-masonry\"><a class=\"penci-gallery-ite item-link-relative\" href=\"https:\/\/www.encyklopediamalarstwa.pl\/wp-content\/uploads\/2025\/03\/Franz-von-Lenbach-Portret-z-dziecinstwa-nastepcy-tronu-Bawarii-Ruprechta-1874.jpg\" data-rel=\"penci-gallery-image-content\"  data-cap=\"Franz von Lenbach - Portret z dzieci\u0144stwa nast\u0119pcy tronu Bawarii Ruprechta (1874)\" data-rel=\"penci-gallery-image-content\" data-idwrap=\"penci-image_gallery_64745\"><div class=\"inner-item-masonry-gallery\"><span class=\"penci-isotope-padding\" style=\"padding-bottom:141.02564103%;\"><\/span><img decoding=\"async\" src=\"https:\/\/www.encyklopediamalarstwa.pl\/wp-content\/uploads\/2025\/03\/Franz-von-Lenbach-Portret-z-dziecinstwa-nastepcy-tronu-Bawarii-Ruprechta-1874-585x825.jpg\" alt=\"Franz von Lenbach - Portret z dzieci\u0144stwa nast\u0119pcy tronu Bawarii Ruprechta (1874)\" title=\"Franz von Lenbach &#8211; Portret z dzieci\u0144stwa nast\u0119pcy tronu Bawarii Ruprechta (1874)\"><\/div><\/a><\/div><div class=\"item-gallery-masonry\"><a class=\"penci-gallery-ite item-link-relative\" href=\"https:\/\/www.encyklopediamalarstwa.pl\/wp-content\/uploads\/2025\/03\/Franz-von-Lenbach-Nastepca-tronu-Fryderyk-Wilhelm-pozniejszy-Fryderyk-III-cesarz-Niemiec-i-krol-Prus-ok.-1880.jpg\" data-rel=\"penci-gallery-image-content\"  data-cap=\"Franz von Lenbach Nast\u0119pca - tronu Fryderyk Wilhelm, p\u00f3\u017aniejszy Fryderyk III, cesarz Niemiec i kr\u00f3l Prus (ok. 1880)\" data-rel=\"penci-gallery-image-content\" data-idwrap=\"penci-image_gallery_64745\"><div class=\"inner-item-masonry-gallery\"><span class=\"penci-isotope-padding\" style=\"padding-bottom:117.43589744%;\"><\/span><img decoding=\"async\" src=\"https:\/\/www.encyklopediamalarstwa.pl\/wp-content\/uploads\/2025\/03\/Franz-von-Lenbach-Nastepca-tronu-Fryderyk-Wilhelm-pozniejszy-Fryderyk-III-cesarz-Niemiec-i-krol-Prus-ok.-1880-585x687.jpg\" alt=\"Franz von Lenbach Nast\u0119pca - tronu Fryderyk Wilhelm, p\u00f3\u017aniejszy Fryderyk III, cesarz Niemiec i kr\u00f3l Prus (ok. 1880)\" title=\"Franz von Lenbach Nast\u0119pca &#8211; tronu Fryderyk Wilhelm, p\u00f3\u017aniejszy Fryderyk III, cesarz Niemiec i kr\u00f3l Prus (ok. 1880)\"><\/div><\/a><\/div><div class=\"item-gallery-masonry\"><a class=\"penci-gallery-ite item-link-relative\" href=\"https:\/\/www.encyklopediamalarstwa.pl\/wp-content\/uploads\/2025\/03\/Franz-von-Lenbach-z-zona-i-corkami-1903.jpg\" data-rel=\"penci-gallery-image-content\"  data-cap=\"Franz von Lenbach z \u017con\u0105 i c\u00f3rkami (1903)\" data-rel=\"penci-gallery-image-content\" data-idwrap=\"penci-image_gallery_64745\"><div class=\"inner-item-masonry-gallery\"><span class=\"penci-isotope-padding\" style=\"padding-bottom:78.46153846%;\"><\/span><img decoding=\"async\" src=\"https:\/\/www.encyklopediamalarstwa.pl\/wp-content\/uploads\/2025\/03\/Franz-von-Lenbach-z-zona-i-corkami-1903-585x459.jpg\" alt=\"Franz von Lenbach z \u017con\u0105 i c\u00f3rkami (1903)\" title=\"Franz von Lenbach z \u017con\u0105 i c\u00f3rkami (1903)\"><\/div><\/a><\/div><div class=\"item-gallery-masonry\"><a class=\"penci-gallery-ite item-link-relative\" href=\"https:\/\/www.encyklopediamalarstwa.pl\/wp-content\/uploads\/2025\/03\/Gabriele-Lenbach-kleczaca-w-trawie-1902-1903.jpg\" data-rel=\"penci-gallery-image-content\"  data-cap=\"Gabriele Lenbach kl\u0119cz\u0105ca w trawie (1902-1903)\" data-rel=\"penci-gallery-image-content\" data-idwrap=\"penci-image_gallery_64745\"><div class=\"inner-item-masonry-gallery\"><span class=\"penci-isotope-padding\" style=\"padding-bottom:152.82051282%;\"><\/span><img decoding=\"async\" src=\"https:\/\/www.encyklopediamalarstwa.pl\/wp-content\/uploads\/2025\/03\/Gabriele-Lenbach-kleczaca-w-trawie-1902-1903-585x894.jpg\" alt=\"Gabriele Lenbach kl\u0119cz\u0105ca w trawie (1902-1903)\" title=\"Gabriele Lenbach kl\u0119cz\u0105ca w trawie (1902-1903)\"><\/div><\/a><\/div><div class=\"item-gallery-masonry\"><a class=\"penci-gallery-ite item-link-relative\" href=\"https:\/\/www.encyklopediamalarstwa.pl\/wp-content\/uploads\/2025\/03\/George-brat-artysty-siedzacy-przy-stole-1854.jpg\" data-rel=\"penci-gallery-image-content\"  data-cap=\"George, brat artysty, siedz\u0105cy przy stole (1854)\" data-rel=\"penci-gallery-image-content\" data-idwrap=\"penci-image_gallery_64745\"><div class=\"inner-item-masonry-gallery\"><span class=\"penci-isotope-padding\" style=\"padding-bottom:85.81196581%;\"><\/span><img decoding=\"async\" src=\"https:\/\/www.encyklopediamalarstwa.pl\/wp-content\/uploads\/2025\/03\/George-brat-artysty-siedzacy-przy-stole-1854-585x502.jpg\" alt=\"George, brat artysty, siedz\u0105cy przy stole (1854)\" title=\"George, brat artysty, siedz\u0105cy przy stole (1854)\"><\/div><\/a><\/div><div class=\"item-gallery-masonry\"><a class=\"penci-gallery-ite item-link-relative\" href=\"https:\/\/www.encyklopediamalarstwa.pl\/wp-content\/uploads\/2025\/03\/Magdalena-von-Lenbach-z-corkami-Erika-i-Marion-1895.jpg\" data-rel=\"penci-gallery-image-content\"  data-cap=\"Magdalena von Lenbach z c\u00f3rkami Erik\u0105 i Marion (1895)\" data-rel=\"penci-gallery-image-content\" data-idwrap=\"penci-image_gallery_64745\"><div class=\"inner-item-masonry-gallery\"><span class=\"penci-isotope-padding\" style=\"padding-bottom:70.08547009%;\"><\/span><img decoding=\"async\" src=\"https:\/\/www.encyklopediamalarstwa.pl\/wp-content\/uploads\/2025\/03\/Magdalena-von-Lenbach-z-corkami-Erika-i-Marion-1895-585x410.jpg\" alt=\"Magdalena von Lenbach z c\u00f3rkami Erik\u0105 i Marion (1895)\" title=\"Magdalena von Lenbach z c\u00f3rkami Erik\u0105 i Marion (1895)\"><\/div><\/a><\/div><div class=\"item-gallery-masonry\"><a class=\"penci-gallery-ite item-link-relative\" href=\"https:\/\/www.encyklopediamalarstwa.pl\/wp-content\/uploads\/2025\/03\/Marion-Lenbach-1892\u20131947-corka-artysty-1900.jpg\" data-rel=\"penci-gallery-image-content\"  data-cap=\"Marion Lenbach (1892\u20131947), c\u00f3rka artysty (1900)\" data-rel=\"penci-gallery-image-content\" data-idwrap=\"penci-image_gallery_64745\"><div class=\"inner-item-masonry-gallery\"><span class=\"penci-isotope-padding\" style=\"padding-bottom:142.39316239%;\"><\/span><img decoding=\"async\" src=\"https:\/\/www.encyklopediamalarstwa.pl\/wp-content\/uploads\/2025\/03\/Marion-Lenbach-1892\u20131947-corka-artysty-1900-585x833.jpg\" alt=\"Marion Lenbach (1892\u20131947), c\u00f3rka artysty (1900)\" title=\"Marion Lenbach (1892\u20131947), c\u00f3rka artysty (1900)\"><\/div><\/a><\/div><div class=\"item-gallery-masonry\"><a class=\"penci-gallery-ite item-link-relative\" href=\"https:\/\/www.encyklopediamalarstwa.pl\/wp-content\/uploads\/2025\/03\/Marion-Lenbach-w-zbroi-rycerskiej-1902.jpg\" data-rel=\"penci-gallery-image-content\"  data-cap=\"Marion Lenbach w zbroi rycerskiej (1902)\" data-rel=\"penci-gallery-image-content\" data-idwrap=\"penci-image_gallery_64745\"><div class=\"inner-item-masonry-gallery\"><span class=\"penci-isotope-padding\" style=\"padding-bottom:145.81196581%;\"><\/span><img decoding=\"async\" src=\"https:\/\/www.encyklopediamalarstwa.pl\/wp-content\/uploads\/2025\/03\/Marion-Lenbach-w-zbroi-rycerskiej-1902-585x853.jpg\" alt=\"Marion Lenbach w zbroi rycerskiej (1902)\" title=\"Marion Lenbach w zbroi rycerskiej (1902)\"><\/div><\/a><\/div><div class=\"item-gallery-masonry\"><a class=\"penci-gallery-ite item-link-relative\" href=\"https:\/\/www.encyklopediamalarstwa.pl\/wp-content\/uploads\/2025\/03\/Portret-Arnolda-Bocklina-1875.jpg\" data-rel=\"penci-gallery-image-content\"  data-cap=\"Portret Arnolda Bocklina (1875)\" data-rel=\"penci-gallery-image-content\" data-idwrap=\"penci-image_gallery_64745\"><div class=\"inner-item-masonry-gallery\"><span class=\"penci-isotope-padding\" style=\"padding-bottom:129.91452991%;\"><\/span><img decoding=\"async\" src=\"https:\/\/www.encyklopediamalarstwa.pl\/wp-content\/uploads\/2025\/03\/Portret-Arnolda-Bocklina-1875-585x760.jpg\" alt=\"Portret Arnolda Bocklina (1875)\" title=\"Portret Arnolda Bocklina (1875)\"><\/div><\/a><\/div><div class=\"item-gallery-masonry\"><a class=\"penci-gallery-ite item-link-relative\" href=\"https:\/\/www.encyklopediamalarstwa.pl\/wp-content\/uploads\/2025\/03\/Portret-chlopa-w-kapeluszu-1861.jpg\" data-rel=\"penci-gallery-image-content\"  data-cap=\"Portret ch\u0142opa w kapeluszu (1861)\" data-rel=\"penci-gallery-image-content\" data-idwrap=\"penci-image_gallery_64745\"><div class=\"inner-item-masonry-gallery\"><span class=\"penci-isotope-padding\" style=\"padding-bottom:123.41880342%;\"><\/span><img decoding=\"async\" src=\"https:\/\/www.encyklopediamalarstwa.pl\/wp-content\/uploads\/2025\/03\/Portret-chlopa-w-kapeluszu-1861-585x722.jpg\" alt=\"Portret ch\u0142opa w kapeluszu (1861)\" title=\"Portret ch\u0142opa w kapeluszu (1861)\"><\/div><\/a><\/div><div class=\"item-gallery-masonry\"><a class=\"penci-gallery-ite item-link-relative\" href=\"https:\/\/www.encyklopediamalarstwa.pl\/wp-content\/uploads\/2025\/03\/Portret-damy-z-kolczykami-w-ksztalcie-kolek-i-futrzanym-kolnierzem.jpg\" data-rel=\"penci-gallery-image-content\"  data-cap=\"Portret damy z kolczykami w kszta\u0142cie k\u00f3\u0142ek i futrzanym ko\u0142nierzem\" data-rel=\"penci-gallery-image-content\" data-idwrap=\"penci-image_gallery_64745\"><div class=\"inner-item-masonry-gallery\"><span class=\"penci-isotope-padding\" style=\"padding-bottom:148.37606838%;\"><\/span><img decoding=\"async\" src=\"https:\/\/www.encyklopediamalarstwa.pl\/wp-content\/uploads\/2025\/03\/Portret-damy-z-kolczykami-w-ksztalcie-kolek-i-futrzanym-kolnierzem-585x868.jpg\" alt=\"Portret damy z kolczykami w kszta\u0142cie k\u00f3\u0142ek i futrzanym ko\u0142nierzem\" title=\"Portret damy z kolczykami w kszta\u0142cie k\u00f3\u0142ek i futrzanym ko\u0142nierzem\"><\/div><\/a><\/div><div class=\"item-gallery-masonry\"><a class=\"penci-gallery-ite item-link-relative\" href=\"https:\/\/www.encyklopediamalarstwa.pl\/wp-content\/uploads\/2025\/03\/Portret-hrabiny-Elisabeth-Sayn-Wittgenstein-Sayn-1845\u20131883.jpg\" data-rel=\"penci-gallery-image-content\"  data-cap=\"Portret hrabiny Elisabeth Sayn-Wittgenstein-Sayn, (1845\u20131883)\" data-rel=\"penci-gallery-image-content\" data-idwrap=\"penci-image_gallery_64745\"><div class=\"inner-item-masonry-gallery\"><span class=\"penci-isotope-padding\" style=\"padding-bottom:131.11111111%;\"><\/span><img decoding=\"async\" src=\"https:\/\/www.encyklopediamalarstwa.pl\/wp-content\/uploads\/2025\/03\/Portret-hrabiny-Elisabeth-Sayn-Wittgenstein-Sayn-1845\u20131883-585x767.jpg\" alt=\"Portret hrabiny Elisabeth Sayn-Wittgenstein-Sayn, (1845\u20131883)\" title=\"Portret hrabiny Elisabeth Sayn-Wittgenstein-Sayn, (1845\u20131883)\"><\/div><\/a><\/div><div class=\"item-gallery-masonry\"><a class=\"penci-gallery-ite item-link-relative\" href=\"https:\/\/www.encyklopediamalarstwa.pl\/wp-content\/uploads\/2025\/03\/Portret-Otto-Eduarda-Leopolda-von-Bismarcka.jpg\" data-rel=\"penci-gallery-image-content\"  data-cap=\"Portret Otto Eduarda Leopolda von Bismarcka\" data-rel=\"penci-gallery-image-content\" data-idwrap=\"penci-image_gallery_64745\"><div class=\"inner-item-masonry-gallery\"><span class=\"penci-isotope-padding\" style=\"padding-bottom:124.95726496%;\"><\/span><img decoding=\"async\" src=\"https:\/\/www.encyklopediamalarstwa.pl\/wp-content\/uploads\/2025\/03\/Portret-Otto-Eduarda-Leopolda-von-Bismarcka-585x731.jpg\" alt=\"Portret Otto Eduarda Leopolda von Bismarcka\" title=\"Portret Otto Eduarda Leopolda von Bismarcka\"><\/div><\/a><\/div><div class=\"item-gallery-masonry\"><a class=\"penci-gallery-ite item-link-relative\" href=\"https:\/\/www.encyklopediamalarstwa.pl\/wp-content\/uploads\/2025\/03\/Scena-w-kompleksie-meczetu-Kalaun-w-Kairze-1876.jpg\" data-rel=\"penci-gallery-image-content\"  data-cap=\"Scena w kompleksie meczetu Kalaun w Kairze (1876)\" data-rel=\"penci-gallery-image-content\" data-idwrap=\"penci-image_gallery_64745\"><div class=\"inner-item-masonry-gallery\"><span class=\"penci-isotope-padding\" style=\"padding-bottom:129.05982906%;\"><\/span><img decoding=\"async\" src=\"https:\/\/www.encyklopediamalarstwa.pl\/wp-content\/uploads\/2025\/03\/Scena-w-kompleksie-meczetu-Kalaun-w-Kairze-1876-585x755.jpg\" alt=\"Scena w kompleksie meczetu Kalaun w Kairze (1876)\" title=\"Scena w kompleksie meczetu Kalaun w Kairze (1876)\"><\/div><\/a><\/div><div class=\"item-gallery-masonry\"><a class=\"penci-gallery-ite item-link-relative\" href=\"https:\/\/www.encyklopediamalarstwa.pl\/wp-content\/uploads\/2025\/03\/Teolog-Ignaz-von-Dollinger-1883.jpg\" data-rel=\"penci-gallery-image-content\"  data-cap=\"Teolog Ignaz von D\u00f6llinger (1883)\" data-rel=\"penci-gallery-image-content\" data-idwrap=\"penci-image_gallery_64745\"><div class=\"inner-item-masonry-gallery\"><span class=\"penci-isotope-padding\" style=\"padding-bottom:129.05982906%;\"><\/span><img decoding=\"async\" src=\"https:\/\/www.encyklopediamalarstwa.pl\/wp-content\/uploads\/2025\/03\/Teolog-Ignaz-von-Dollinger-1883-585x755.jpg\" alt=\"Teolog Ignaz von D\u00f6llinger (1883)\" title=\"Teolog Ignaz von D\u00f6llinger (1883)\"><\/div><\/a><\/div><\/div><\/div>            <\/div>\n        <\/div>\n\t\t\t\t<\/div>\n\t\t\t\t<\/div>\n\t\t\t\t\t<\/div>\n\t\t\t\t<\/div>\n\t\t\t\t\t\t\t<\/div>\n\t\t","protected":false},"excerpt":{"rendered":"<p>Franz von Lenbach &#8211;\u00a0Wst\u0119p Franz von Lenbach (1836\u20131904) by\u0142 niemieckim malarzem, znanym przede wszystkim ze swoich portret\u00f3w przedstawiaj\u0105cych najwa\u017cniejsze postaci polityczne i kulturalne swojej epoki. Jego styl charakteryzowa\u0142 si\u0119 precyzyjnym&hellip;<\/p>\n","protected":false},"author":1,"featured_media":3740,"comment_status":"open","ping_status":"open","sticky":false,"template":"","format":"standard","meta":{"content-type":"","om_disable_all_campaigns":false,"_monsterinsights_skip_tracking":false,"_monsterinsights_sitenote_active":false,"_monsterinsights_sitenote_note":"","_monsterinsights_sitenote_category":0,"footnotes":""},"categories":[98],"tags":[103],"class_list":["post-3723","post","type-post","status-publish","format-standard","has-post-thumbnail","hentry","category-realizm","tag-niemiecki-malarz"],"yoast_head":"<!-- This site is optimized with the Yoast SEO plugin v21.7 - https:\/\/yoast.com\/wordpress\/plugins\/seo\/ -->\n<title>Franz von Lenbach - Encyklopedia Malarstwa<\/title>\n<meta name=\"description\" content=\"Franz von Lenbach by\u0142 malarzem, znanym ze swoich portret\u00f3w przedstawiaj\u0105cych najwa\u017cniejsze postaci polityczne i kulturalne swojej epoki\" \/>\n<meta name=\"robots\" content=\"index, follow, max-snippet:-1, max-image-preview:large, max-video-preview:-1\" \/>\n<link rel=\"canonical\" href=\"https:\/\/www.encyklopediamalarstwa.pl\/index.php\/2025\/03\/09\/franz-von-lenbach\/\" \/>\n<meta property=\"og:locale\" content=\"pl_PL\" \/>\n<meta property=\"og:type\" content=\"article\" \/>\n<meta property=\"og:title\" content=\"Franz von Lenbach - Encyklopedia Malarstwa\" \/>\n<meta property=\"og:description\" content=\"Franz von Lenbach by\u0142 malarzem, znanym ze swoich portret\u00f3w przedstawiaj\u0105cych najwa\u017cniejsze postaci polityczne i kulturalne swojej epoki\" \/>\n<meta property=\"og:url\" content=\"https:\/\/www.encyklopediamalarstwa.pl\/index.php\/2025\/03\/09\/franz-von-lenbach\/\" \/>\n<meta property=\"og:site_name\" content=\"Encyklopedia Malarstwa\" \/>\n<meta property=\"article:published_time\" content=\"2025-03-09T11:43:25+00:00\" \/>\n<meta property=\"article:modified_time\" content=\"2025-03-21T11:43:48+00:00\" \/>\n<meta property=\"og:image\" content=\"https:\/\/www.encyklopediamalarstwa.pl\/wp-content\/uploads\/2025\/03\/Franz-von-Lenbach-z-zona-i-corkami-1903-1024x803.jpg\" \/>\n\t<meta property=\"og:image:width\" content=\"1024\" \/>\n\t<meta property=\"og:image:height\" content=\"803\" \/>\n\t<meta property=\"og:image:type\" content=\"image\/jpeg\" \/>\n<meta name=\"author\" content=\"admin\" \/>\n<meta name=\"twitter:card\" content=\"summary_large_image\" \/>\n<meta name=\"twitter:label1\" content=\"Napisane przez\" \/>\n\t<meta name=\"twitter:data1\" content=\"admin\" \/>\n\t<meta name=\"twitter:label2\" content=\"Szacowany czas czytania\" \/>\n\t<meta name=\"twitter:data2\" content=\"6 minut\" \/>\n<script type=\"application\/ld+json\" class=\"yoast-schema-graph\">{\"@context\":\"https:\/\/schema.org\",\"@graph\":[{\"@type\":\"Article\",\"@id\":\"https:\/\/www.encyklopediamalarstwa.pl\/index.php\/2025\/03\/09\/franz-von-lenbach\/#article\",\"isPartOf\":{\"@id\":\"https:\/\/www.encyklopediamalarstwa.pl\/index.php\/2025\/03\/09\/franz-von-lenbach\/\"},\"author\":{\"name\":\"admin\",\"@id\":\"https:\/\/www.encyklopediamalarstwa.pl\/#\/schema\/person\/1a6b3ac5c26a28667ef7613105b7c5d6\"},\"headline\":\"Franz von Lenbach\",\"datePublished\":\"2025-03-09T11:43:25+00:00\",\"dateModified\":\"2025-03-21T11:43:48+00:00\",\"mainEntityOfPage\":{\"@id\":\"https:\/\/www.encyklopediamalarstwa.pl\/index.php\/2025\/03\/09\/franz-von-lenbach\/\"},\"wordCount\":337,\"commentCount\":0,\"publisher\":{\"@id\":\"https:\/\/www.encyklopediamalarstwa.pl\/#\/schema\/person\/1a6b3ac5c26a28667ef7613105b7c5d6\"},\"keywords\":[\"niemiecki malarz\"],\"articleSection\":[\"Realizm\"],\"inLanguage\":\"pl-PL\",\"potentialAction\":[{\"@type\":\"CommentAction\",\"name\":\"Comment\",\"target\":[\"https:\/\/www.encyklopediamalarstwa.pl\/index.php\/2025\/03\/09\/franz-von-lenbach\/#respond\"]}]},{\"@type\":\"WebPage\",\"@id\":\"https:\/\/www.encyklopediamalarstwa.pl\/index.php\/2025\/03\/09\/franz-von-lenbach\/\",\"url\":\"https:\/\/www.encyklopediamalarstwa.pl\/index.php\/2025\/03\/09\/franz-von-lenbach\/\",\"name\":\"Franz von Lenbach - Encyklopedia Malarstwa\",\"isPartOf\":{\"@id\":\"https:\/\/www.encyklopediamalarstwa.pl\/#website\"},\"datePublished\":\"2025-03-09T11:43:25+00:00\",\"dateModified\":\"2025-03-21T11:43:48+00:00\",\"description\":\"Franz von Lenbach by\u0142 malarzem, znanym ze swoich portret\u00f3w przedstawiaj\u0105cych najwa\u017cniejsze postaci polityczne i kulturalne swojej epoki\",\"breadcrumb\":{\"@id\":\"https:\/\/www.encyklopediamalarstwa.pl\/index.php\/2025\/03\/09\/franz-von-lenbach\/#breadcrumb\"},\"inLanguage\":\"pl-PL\",\"potentialAction\":[{\"@type\":\"ReadAction\",\"target\":[\"https:\/\/www.encyklopediamalarstwa.pl\/index.php\/2025\/03\/09\/franz-von-lenbach\/\"]}]},{\"@type\":\"BreadcrumbList\",\"@id\":\"https:\/\/www.encyklopediamalarstwa.pl\/index.php\/2025\/03\/09\/franz-von-lenbach\/#breadcrumb\",\"itemListElement\":[{\"@type\":\"ListItem\",\"position\":1,\"name\":\"Strona g\u0142\u00f3wna\",\"item\":\"https:\/\/www.encyklopediamalarstwa.pl\/\"},{\"@type\":\"ListItem\",\"position\":2,\"name\":\"Franz von Lenbach\"}]},{\"@type\":\"WebSite\",\"@id\":\"https:\/\/www.encyklopediamalarstwa.pl\/#website\",\"url\":\"https:\/\/www.encyklopediamalarstwa.pl\/\",\"name\":\"Encyklopedia Malarstwa\",\"description\":\"Sztuka w Twoim domu\",\"publisher\":{\"@id\":\"https:\/\/www.encyklopediamalarstwa.pl\/#\/schema\/person\/1a6b3ac5c26a28667ef7613105b7c5d6\"},\"potentialAction\":[{\"@type\":\"SearchAction\",\"target\":{\"@type\":\"EntryPoint\",\"urlTemplate\":\"https:\/\/www.encyklopediamalarstwa.pl\/?s={search_term_string}\"},\"query-input\":\"required name=search_term_string\"}],\"inLanguage\":\"pl-PL\"},{\"@type\":[\"Person\",\"Organization\"],\"@id\":\"https:\/\/www.encyklopediamalarstwa.pl\/#\/schema\/person\/1a6b3ac5c26a28667ef7613105b7c5d6\",\"name\":\"admin\",\"image\":{\"@type\":\"ImageObject\",\"inLanguage\":\"pl-PL\",\"@id\":\"https:\/\/www.encyklopediamalarstwa.pl\/#\/schema\/person\/image\/\",\"url\":\"https:\/\/www.encyklopediamalarstwa.pl\/wp-content\/uploads\/2023\/11\/avatar.png\",\"contentUrl\":\"https:\/\/www.encyklopediamalarstwa.pl\/wp-content\/uploads\/2023\/11\/avatar.png\",\"width\":688,\"height\":748,\"caption\":\"admin\"},\"logo\":{\"@id\":\"https:\/\/www.encyklopediamalarstwa.pl\/#\/schema\/person\/image\/\"},\"sameAs\":[\"https:\/\/www.encyklopediamalarstwa.pl\"],\"url\":\"https:\/\/www.encyklopediamalarstwa.pl\/index.php\/author\/admin\/\"}]}<\/script>\n<!-- \/ Yoast SEO plugin. -->","yoast_head_json":{"title":"Franz von Lenbach - Encyklopedia Malarstwa","description":"Franz von Lenbach by\u0142 malarzem, znanym ze swoich portret\u00f3w przedstawiaj\u0105cych najwa\u017cniejsze postaci polityczne i kulturalne swojej epoki","robots":{"index":"index","follow":"follow","max-snippet":"max-snippet:-1","max-image-preview":"max-image-preview:large","max-video-preview":"max-video-preview:-1"},"canonical":"https:\/\/www.encyklopediamalarstwa.pl\/index.php\/2025\/03\/09\/franz-von-lenbach\/","og_locale":"pl_PL","og_type":"article","og_title":"Franz von Lenbach - Encyklopedia Malarstwa","og_description":"Franz von Lenbach by\u0142 malarzem, znanym ze swoich portret\u00f3w przedstawiaj\u0105cych najwa\u017cniejsze postaci polityczne i kulturalne swojej epoki","og_url":"https:\/\/www.encyklopediamalarstwa.pl\/index.php\/2025\/03\/09\/franz-von-lenbach\/","og_site_name":"Encyklopedia Malarstwa","article_published_time":"2025-03-09T11:43:25+00:00","article_modified_time":"2025-03-21T11:43:48+00:00","og_image":[{"width":1024,"height":803,"url":"https:\/\/www.encyklopediamalarstwa.pl\/wp-content\/uploads\/2025\/03\/Franz-von-Lenbach-z-zona-i-corkami-1903-1024x803.jpg","type":"image\/jpeg"}],"author":"admin","twitter_card":"summary_large_image","twitter_misc":{"Napisane przez":"admin","Szacowany czas czytania":"6 minut"},"schema":{"@context":"https:\/\/schema.org","@graph":[{"@type":"Article","@id":"https:\/\/www.encyklopediamalarstwa.pl\/index.php\/2025\/03\/09\/franz-von-lenbach\/#article","isPartOf":{"@id":"https:\/\/www.encyklopediamalarstwa.pl\/index.php\/2025\/03\/09\/franz-von-lenbach\/"},"author":{"name":"admin","@id":"https:\/\/www.encyklopediamalarstwa.pl\/#\/schema\/person\/1a6b3ac5c26a28667ef7613105b7c5d6"},"headline":"Franz von Lenbach","datePublished":"2025-03-09T11:43:25+00:00","dateModified":"2025-03-21T11:43:48+00:00","mainEntityOfPage":{"@id":"https:\/\/www.encyklopediamalarstwa.pl\/index.php\/2025\/03\/09\/franz-von-lenbach\/"},"wordCount":337,"commentCount":0,"publisher":{"@id":"https:\/\/www.encyklopediamalarstwa.pl\/#\/schema\/person\/1a6b3ac5c26a28667ef7613105b7c5d6"},"keywords":["niemiecki malarz"],"articleSection":["Realizm"],"inLanguage":"pl-PL","potentialAction":[{"@type":"CommentAction","name":"Comment","target":["https:\/\/www.encyklopediamalarstwa.pl\/index.php\/2025\/03\/09\/franz-von-lenbach\/#respond"]}]},{"@type":"WebPage","@id":"https:\/\/www.encyklopediamalarstwa.pl\/index.php\/2025\/03\/09\/franz-von-lenbach\/","url":"https:\/\/www.encyklopediamalarstwa.pl\/index.php\/2025\/03\/09\/franz-von-lenbach\/","name":"Franz von Lenbach - Encyklopedia Malarstwa","isPartOf":{"@id":"https:\/\/www.encyklopediamalarstwa.pl\/#website"},"datePublished":"2025-03-09T11:43:25+00:00","dateModified":"2025-03-21T11:43:48+00:00","description":"Franz von Lenbach by\u0142 malarzem, znanym ze swoich portret\u00f3w przedstawiaj\u0105cych najwa\u017cniejsze postaci polityczne i kulturalne swojej epoki","breadcrumb":{"@id":"https:\/\/www.encyklopediamalarstwa.pl\/index.php\/2025\/03\/09\/franz-von-lenbach\/#breadcrumb"},"inLanguage":"pl-PL","potentialAction":[{"@type":"ReadAction","target":["https:\/\/www.encyklopediamalarstwa.pl\/index.php\/2025\/03\/09\/franz-von-lenbach\/"]}]},{"@type":"BreadcrumbList","@id":"https:\/\/www.encyklopediamalarstwa.pl\/index.php\/2025\/03\/09\/franz-von-lenbach\/#breadcrumb","itemListElement":[{"@type":"ListItem","position":1,"name":"Strona g\u0142\u00f3wna","item":"https:\/\/www.encyklopediamalarstwa.pl\/"},{"@type":"ListItem","position":2,"name":"Franz von Lenbach"}]},{"@type":"WebSite","@id":"https:\/\/www.encyklopediamalarstwa.pl\/#website","url":"https:\/\/www.encyklopediamalarstwa.pl\/","name":"Encyklopedia Malarstwa","description":"Sztuka w Twoim domu","publisher":{"@id":"https:\/\/www.encyklopediamalarstwa.pl\/#\/schema\/person\/1a6b3ac5c26a28667ef7613105b7c5d6"},"potentialAction":[{"@type":"SearchAction","target":{"@type":"EntryPoint","urlTemplate":"https:\/\/www.encyklopediamalarstwa.pl\/?s={search_term_string}"},"query-input":"required name=search_term_string"}],"inLanguage":"pl-PL"},{"@type":["Person","Organization"],"@id":"https:\/\/www.encyklopediamalarstwa.pl\/#\/schema\/person\/1a6b3ac5c26a28667ef7613105b7c5d6","name":"admin","image":{"@type":"ImageObject","inLanguage":"pl-PL","@id":"https:\/\/www.encyklopediamalarstwa.pl\/#\/schema\/person\/image\/","url":"https:\/\/www.encyklopediamalarstwa.pl\/wp-content\/uploads\/2023\/11\/avatar.png","contentUrl":"https:\/\/www.encyklopediamalarstwa.pl\/wp-content\/uploads\/2023\/11\/avatar.png","width":688,"height":748,"caption":"admin"},"logo":{"@id":"https:\/\/www.encyklopediamalarstwa.pl\/#\/schema\/person\/image\/"},"sameAs":["https:\/\/www.encyklopediamalarstwa.pl"],"url":"https:\/\/www.encyklopediamalarstwa.pl\/index.php\/author\/admin\/"}]}},"_links":{"self":[{"href":"https:\/\/www.encyklopediamalarstwa.pl\/index.php\/wp-json\/wp\/v2\/posts\/3723","targetHints":{"allow":["GET"]}}],"collection":[{"href":"https:\/\/www.encyklopediamalarstwa.pl\/index.php\/wp-json\/wp\/v2\/posts"}],"about":[{"href":"https:\/\/www.encyklopediamalarstwa.pl\/index.php\/wp-json\/wp\/v2\/types\/post"}],"author":[{"embeddable":true,"href":"https:\/\/www.encyklopediamalarstwa.pl\/index.php\/wp-json\/wp\/v2\/users\/1"}],"replies":[{"embeddable":true,"href":"https:\/\/www.encyklopediamalarstwa.pl\/index.php\/wp-json\/wp\/v2\/comments?post=3723"}],"version-history":[{"count":18,"href":"https:\/\/www.encyklopediamalarstwa.pl\/index.php\/wp-json\/wp\/v2\/posts\/3723\/revisions"}],"predecessor-version":[{"id":3762,"href":"https:\/\/www.encyklopediamalarstwa.pl\/index.php\/wp-json\/wp\/v2\/posts\/3723\/revisions\/3762"}],"wp:featuredmedia":[{"embeddable":true,"href":"https:\/\/www.encyklopediamalarstwa.pl\/index.php\/wp-json\/wp\/v2\/media\/3740"}],"wp:attachment":[{"href":"https:\/\/www.encyklopediamalarstwa.pl\/index.php\/wp-json\/wp\/v2\/media?parent=3723"}],"wp:term":[{"taxonomy":"category","embeddable":true,"href":"https:\/\/www.encyklopediamalarstwa.pl\/index.php\/wp-json\/wp\/v2\/categories?post=3723"},{"taxonomy":"post_tag","embeddable":true,"href":"https:\/\/www.encyklopediamalarstwa.pl\/index.php\/wp-json\/wp\/v2\/tags?post=3723"}],"curies":[{"name":"wp","href":"https:\/\/api.w.org\/{rel}","templated":true}]}}