{"id":3456,"date":"2024-07-28T13:57:26","date_gmt":"2024-07-28T11:57:26","guid":{"rendered":"https:\/\/www.encyklopediamalarstwa.pl\/?p=3456"},"modified":"2024-07-30T13:58:20","modified_gmt":"2024-07-30T11:58:20","slug":"emil-nolde","status":"publish","type":"post","link":"https:\/\/www.encyklopediamalarstwa.pl\/index.php\/2024\/07\/28\/emil-nolde\/","title":{"rendered":"Emil Nolde"},"content":{"rendered":"\t\t<div data-elementor-type=\"wp-post\" data-elementor-id=\"3456\" class=\"elementor elementor-3456\">\n\t\t\t\t\t\t\t<div class=\"elementor-element elementor-element-a6f4339 e-flex e-con-boxed e-con e-parent\" data-id=\"a6f4339\" data-element_type=\"container\" data-settings=\"{&quot;content_width&quot;:&quot;boxed&quot;}\" data-core-v316-plus=\"true\">\n\t\t\t\t\t<div class=\"e-con-inner\">\n\t\t\t\t<div class=\"elementor-element elementor-element-2f525d4 elementor-widget elementor-widget-text-editor\" data-id=\"2f525d4\" data-element_type=\"widget\" data-widget_type=\"text-editor.default\">\n\t\t\t\t<div class=\"elementor-widget-container\">\n\t\t\t<style>\/*! elementor - v3.18.0 - 08-12-2023 *\/\n.elementor-widget-text-editor.elementor-drop-cap-view-stacked .elementor-drop-cap{background-color:#69727d;color:#fff}.elementor-widget-text-editor.elementor-drop-cap-view-framed .elementor-drop-cap{color:#69727d;border:3px solid;background-color:transparent}.elementor-widget-text-editor:not(.elementor-drop-cap-view-default) .elementor-drop-cap{margin-top:8px}.elementor-widget-text-editor:not(.elementor-drop-cap-view-default) .elementor-drop-cap-letter{width:1em;height:1em}.elementor-widget-text-editor .elementor-drop-cap{float:left;text-align:center;line-height:1;font-size:50px}.elementor-widget-text-editor .elementor-drop-cap-letter{display:inline-block}<\/style>\t\t\t\t<h2><strong>Emil Nolde &#8211; Wczesne lata \u017cycia<\/strong>\u00a0<\/h2><p>Emil Nolde, urodzony jako Hans Emil Hansen 7 sierpnia 1867 roku w Nolde, by\u0142 niemiecko-du\u0144skim malarzem i grafikiem. Wychowa\u0142 si\u0119 na farmie w rodzinie pobo\u017cnych protestant\u00f3w du\u0144skiego i fryzyjskiego pochodzenia. Ju\u017c jako dziecko kocha\u0142 malowa\u0107 i rysowa\u0107, ale dopiero w wieku 31 lat zdecydowa\u0142 si\u0119 na karier\u0119 artystyczn\u0105. W latach 1884-1891 studiowa\u0142 rze\u017ab\u0119 i ilustracj\u0119 w Flensburgu, a nast\u0119pnie pracowa\u0142 w fabrykach mebli. W 1889 roku dosta\u0142 si\u0119 do Szko\u0142y Sztuk Stosowanych w Karlsruhe.<\/p><h2><strong>Kariera<\/strong>\u00a0<\/h2><p>Malarz by\u0142 jednym z pierwszych ekspresjonist\u00f3w i cz\u0142onkiem grupy Die Br\u00fccke. Znany jest ze swojej techniki malarskiej i ekspresyjnego wyboru kolor\u00f3w. Z\u0142ote \u017c\u00f3\u0142cienie i g\u0142\u0119bokie czerwienie cz\u0119sto pojawiaj\u0105 si\u0119 w jego pracach, nadaj\u0105c im luminiscencyjn\u0105 jako\u015b\u0107. Jego akwarele obejmuj\u0105 \u017cywe, ponure pejza\u017ce burzowe i jaskrawe kwiaty. Zainteresowanie Noldego kwiatami odzwierciedla\u0142o jego fascynacj\u0119 sztuk\u0105 Vincenta van Gogha. Mimo \u017ce jego prace zosta\u0142y w\u0142\u0105czone do wystawy \u201cEntartete Kunst\u201d w 1937 roku, Nolde by\u0142 rasist\u0105, antysemit\u0105 i zagorza\u0142ym zwolennikiem nazistowskich Niemiec.<\/p><h2><strong>Dziedzictwo<\/strong>\u00a0<\/h2><p>Malarz wprowadzi\u0142 do swojej tw\u00f3rczo\u015bci tematyk\u0119 religijn\u0105, kt\u00f3ra by\u0142a typowa dla sztuki p\u00f3\u0142nocnej przez setki lat. Jego interpretacja zachowa\u0142a niemieck\u0105 sk\u0142onno\u015b\u0107 do ekspresyjnych obraz\u00f3w. Na podstawie biblijnych motyw\u00f3w z zar\u00f3wno Starego, jak i Nowego Testamentu, jego kompozycje abstrahowa\u0142y i przesadza\u0142y formy, aby przedstawi\u0107 postacie w skompresowanej przestrzeni, pomijaj\u0105c u\u017cycie tradycyjnej perspektywy liniowej do opowiadania historii.<\/p><p><a class=\"tooltip-target\" href=\"https:\/\/en.wikipedia.org\/wiki\/Emil_Nolde\" target=\"_blank\" rel=\"noopener\" data-citationid=\"54220c9c-89b8-7540-d2c7-f90396b6cdab-21-group\">Emil Nolde zmar\u0142 13 kwietnia 1956 roku w Seeb\u00fcll<\/a><a class=\"ac-anchor sup-target\" href=\"https:\/\/en.wikipedia.org\/wiki\/Emil_Nolde\" target=\"_blank\" rel=\"noopener\" data-citationid=\"54220c9c-89b8-7540-d2c7-f90396b6cdab-21\" aria-label=\"1: \"><sup class=\"citation-sup\">1<\/sup><\/a>.<\/p><h2>\u0179r\u00f3d\u0142a:<\/h2><ol><li>https:\/\/en.wikipedia.org\/wiki\/Emil_Nolde<\/li><li>https:\/\/www.theartstory.org\/artist\/nolde-emil\/<\/li><li>https:\/\/learn.ncartmuseum.org\/artists\/emil-nolde\/<\/li><li><a href=\"https:\/\/www.tate.org.uk\/art\/artists\/emil-nolde-1710\">https:\/\/www.tate.org.uk\/art\/artists\/emil-nolde-1710<\/a><\/li><\/ol>\t\t\t\t\t\t<\/div>\n\t\t\t\t<\/div>\n\t\t\t\t\t<\/div>\n\t\t\t\t<\/div>\n\t\t<div class=\"elementor-element elementor-element-e96e0f8 e-flex e-con-boxed e-con e-parent\" data-id=\"e96e0f8\" data-element_type=\"container\" data-settings=\"{&quot;content_width&quot;:&quot;boxed&quot;}\" data-core-v316-plus=\"true\">\n\t\t\t\t\t<div class=\"e-con-inner\">\n\t\t\t\t<div class=\"elementor-element elementor-element-e742622 elementor-widget elementor-widget-image\" data-id=\"e742622\" data-element_type=\"widget\" data-widget_type=\"image.default\">\n\t\t\t\t<div class=\"elementor-widget-container\">\n\t\t\t<style>\/*! elementor - v3.18.0 - 08-12-2023 *\/\n.elementor-widget-image{text-align:center}.elementor-widget-image a{display:inline-block}.elementor-widget-image a img[src$=\".svg\"]{width:48px}.elementor-widget-image img{vertical-align:middle;display:inline-block}<\/style>\t\t\t\t\t\t\t\t\t<figure class=\"wp-caption\">\n\t\t\t\t\t\t\t\t\t\t<img fetchpriority=\"high\" decoding=\"async\" width=\"928\" height=\"800\" src=\"https:\/\/www.encyklopediamalarstwa.pl\/wp-content\/uploads\/2024\/07\/Morning-in-the-Flower-Garden-1918.jpg\" class=\"attachment-large size-large wp-image-3458\" alt=\"Emil Nolde - Morning in the Flower Garden (1918)\" srcset=\"https:\/\/www.encyklopediamalarstwa.pl\/wp-content\/uploads\/2024\/07\/Morning-in-the-Flower-Garden-1918.jpg 928w, https:\/\/www.encyklopediamalarstwa.pl\/wp-content\/uploads\/2024\/07\/Morning-in-the-Flower-Garden-1918-300x259.jpg 300w, https:\/\/www.encyklopediamalarstwa.pl\/wp-content\/uploads\/2024\/07\/Morning-in-the-Flower-Garden-1918-768x662.jpg 768w, https:\/\/www.encyklopediamalarstwa.pl\/wp-content\/uploads\/2024\/07\/Morning-in-the-Flower-Garden-1918-585x504.jpg 585w\" sizes=\"(max-width: 928px) 100vw, 928px\" \/>\t\t\t\t\t\t\t\t\t\t\t<figcaption class=\"widget-image-caption wp-caption-text\">Emil Nolde - Morning in the Flower Garden (1918)<\/figcaption>\n\t\t\t\t\t\t\t\t\t\t<\/figure>\n\t\t\t\t\t\t\t\t\t<\/div>\n\t\t\t\t<\/div>\n\t\t\t\t\t<\/div>\n\t\t\t\t<\/div>\n\t\t\t\t\t\t\t<\/div>\n\t\t","protected":false},"excerpt":{"rendered":"<p>Emil Nolde &#8211; Wczesne lata \u017cycia\u00a0 Emil Nolde, urodzony jako Hans Emil Hansen 7 sierpnia 1867 roku w Nolde, by\u0142 niemiecko-du\u0144skim malarzem i grafikiem. Wychowa\u0142 si\u0119 na farmie w rodzinie&hellip;<\/p>\n","protected":false},"author":1,"featured_media":3458,"comment_status":"open","ping_status":"open","sticky":false,"template":"","format":"standard","meta":{"content-type":"","om_disable_all_campaigns":false,"_monsterinsights_skip_tracking":false,"_monsterinsights_sitenote_active":false,"_monsterinsights_sitenote_note":"","_monsterinsights_sitenote_category":0,"footnotes":""},"categories":[61],"tags":[109,103],"class_list":["post-3456","post","type-post","status-publish","format-standard","has-post-thumbnail","hentry","category-ekspresjonizm","tag-dunski-malarz","tag-niemiecki-malarz"],"yoast_head":"<!-- This site is optimized with the Yoast SEO plugin v21.7 - https:\/\/yoast.com\/wordpress\/plugins\/seo\/ -->\n<title>Emil Nolde - Encyklopedia Malarstwa<\/title>\n<meta name=\"description\" content=\"Nolde Emil. Przybrane nazwisko Emila Hansena (1867-1956). Niemiecki malarz i grafik ekspresjonistyczny. Studiowa\u0142 w Pary\u017cu i Dachau.\" \/>\n<meta name=\"robots\" content=\"index, follow, max-snippet:-1, max-image-preview:large, max-video-preview:-1\" \/>\n<link rel=\"canonical\" href=\"https:\/\/www.encyklopediamalarstwa.pl\/index.php\/2024\/07\/28\/emil-nolde\/\" \/>\n<meta property=\"og:locale\" content=\"pl_PL\" \/>\n<meta property=\"og:type\" content=\"article\" \/>\n<meta property=\"og:title\" content=\"Emil Nolde - Encyklopedia Malarstwa\" \/>\n<meta property=\"og:description\" content=\"Nolde Emil. Przybrane nazwisko Emila Hansena (1867-1956). Niemiecki malarz i grafik ekspresjonistyczny. Studiowa\u0142 w Pary\u017cu i Dachau.\" \/>\n<meta property=\"og:url\" content=\"https:\/\/www.encyklopediamalarstwa.pl\/index.php\/2024\/07\/28\/emil-nolde\/\" \/>\n<meta property=\"og:site_name\" content=\"Encyklopedia Malarstwa\" \/>\n<meta property=\"article:published_time\" content=\"2024-07-28T11:57:26+00:00\" \/>\n<meta property=\"article:modified_time\" content=\"2024-07-30T11:58:20+00:00\" \/>\n<meta property=\"og:image\" content=\"https:\/\/www.encyklopediamalarstwa.pl\/wp-content\/uploads\/2024\/07\/Morning-in-the-Flower-Garden-1918.jpg\" \/>\n\t<meta property=\"og:image:width\" content=\"928\" \/>\n\t<meta property=\"og:image:height\" content=\"800\" \/>\n\t<meta property=\"og:image:type\" content=\"image\/jpeg\" \/>\n<meta name=\"author\" content=\"admin\" \/>\n<meta name=\"twitter:card\" content=\"summary_large_image\" \/>\n<meta name=\"twitter:label1\" content=\"Napisane przez\" \/>\n\t<meta name=\"twitter:data1\" content=\"admin\" \/>\n\t<meta name=\"twitter:label2\" content=\"Szacowany czas czytania\" \/>\n\t<meta name=\"twitter:data2\" content=\"2 minuty\" \/>\n<script type=\"application\/ld+json\" class=\"yoast-schema-graph\">{\"@context\":\"https:\/\/schema.org\",\"@graph\":[{\"@type\":\"Article\",\"@id\":\"https:\/\/www.encyklopediamalarstwa.pl\/index.php\/2024\/07\/28\/emil-nolde\/#article\",\"isPartOf\":{\"@id\":\"https:\/\/www.encyklopediamalarstwa.pl\/index.php\/2024\/07\/28\/emil-nolde\/\"},\"author\":{\"name\":\"admin\",\"@id\":\"https:\/\/www.encyklopediamalarstwa.pl\/#\/schema\/person\/1a6b3ac5c26a28667ef7613105b7c5d6\"},\"headline\":\"Emil Nolde\",\"datePublished\":\"2024-07-28T11:57:26+00:00\",\"dateModified\":\"2024-07-30T11:58:20+00:00\",\"mainEntityOfPage\":{\"@id\":\"https:\/\/www.encyklopediamalarstwa.pl\/index.php\/2024\/07\/28\/emil-nolde\/\"},\"wordCount\":292,\"commentCount\":0,\"publisher\":{\"@id\":\"https:\/\/www.encyklopediamalarstwa.pl\/#\/schema\/person\/1a6b3ac5c26a28667ef7613105b7c5d6\"},\"keywords\":[\"du\u0144ski malarz\",\"niemiecki malarz\"],\"articleSection\":[\"Ekspresjonizm\"],\"inLanguage\":\"pl-PL\",\"potentialAction\":[{\"@type\":\"CommentAction\",\"name\":\"Comment\",\"target\":[\"https:\/\/www.encyklopediamalarstwa.pl\/index.php\/2024\/07\/28\/emil-nolde\/#respond\"]}]},{\"@type\":\"WebPage\",\"@id\":\"https:\/\/www.encyklopediamalarstwa.pl\/index.php\/2024\/07\/28\/emil-nolde\/\",\"url\":\"https:\/\/www.encyklopediamalarstwa.pl\/index.php\/2024\/07\/28\/emil-nolde\/\",\"name\":\"Emil Nolde - Encyklopedia Malarstwa\",\"isPartOf\":{\"@id\":\"https:\/\/www.encyklopediamalarstwa.pl\/#website\"},\"datePublished\":\"2024-07-28T11:57:26+00:00\",\"dateModified\":\"2024-07-30T11:58:20+00:00\",\"description\":\"Nolde Emil. Przybrane nazwisko Emila Hansena (1867-1956). Niemiecki malarz i grafik ekspresjonistyczny. Studiowa\u0142 w Pary\u017cu i Dachau.\",\"breadcrumb\":{\"@id\":\"https:\/\/www.encyklopediamalarstwa.pl\/index.php\/2024\/07\/28\/emil-nolde\/#breadcrumb\"},\"inLanguage\":\"pl-PL\",\"potentialAction\":[{\"@type\":\"ReadAction\",\"target\":[\"https:\/\/www.encyklopediamalarstwa.pl\/index.php\/2024\/07\/28\/emil-nolde\/\"]}]},{\"@type\":\"BreadcrumbList\",\"@id\":\"https:\/\/www.encyklopediamalarstwa.pl\/index.php\/2024\/07\/28\/emil-nolde\/#breadcrumb\",\"itemListElement\":[{\"@type\":\"ListItem\",\"position\":1,\"name\":\"Strona g\u0142\u00f3wna\",\"item\":\"https:\/\/www.encyklopediamalarstwa.pl\/\"},{\"@type\":\"ListItem\",\"position\":2,\"name\":\"Emil Nolde\"}]},{\"@type\":\"WebSite\",\"@id\":\"https:\/\/www.encyklopediamalarstwa.pl\/#website\",\"url\":\"https:\/\/www.encyklopediamalarstwa.pl\/\",\"name\":\"Encyklopedia Malarstwa\",\"description\":\"Sztuka w Twoim domu\",\"publisher\":{\"@id\":\"https:\/\/www.encyklopediamalarstwa.pl\/#\/schema\/person\/1a6b3ac5c26a28667ef7613105b7c5d6\"},\"potentialAction\":[{\"@type\":\"SearchAction\",\"target\":{\"@type\":\"EntryPoint\",\"urlTemplate\":\"https:\/\/www.encyklopediamalarstwa.pl\/?s={search_term_string}\"},\"query-input\":\"required name=search_term_string\"}],\"inLanguage\":\"pl-PL\"},{\"@type\":[\"Person\",\"Organization\"],\"@id\":\"https:\/\/www.encyklopediamalarstwa.pl\/#\/schema\/person\/1a6b3ac5c26a28667ef7613105b7c5d6\",\"name\":\"admin\",\"image\":{\"@type\":\"ImageObject\",\"inLanguage\":\"pl-PL\",\"@id\":\"https:\/\/www.encyklopediamalarstwa.pl\/#\/schema\/person\/image\/\",\"url\":\"https:\/\/www.encyklopediamalarstwa.pl\/wp-content\/uploads\/2023\/11\/avatar.png\",\"contentUrl\":\"https:\/\/www.encyklopediamalarstwa.pl\/wp-content\/uploads\/2023\/11\/avatar.png\",\"width\":688,\"height\":748,\"caption\":\"admin\"},\"logo\":{\"@id\":\"https:\/\/www.encyklopediamalarstwa.pl\/#\/schema\/person\/image\/\"},\"sameAs\":[\"https:\/\/www.encyklopediamalarstwa.pl\"],\"url\":\"https:\/\/www.encyklopediamalarstwa.pl\/index.php\/author\/admin\/\"}]}<\/script>\n<!-- \/ Yoast SEO plugin. -->","yoast_head_json":{"title":"Emil Nolde - Encyklopedia Malarstwa","description":"Nolde Emil. Przybrane nazwisko Emila Hansena (1867-1956). Niemiecki malarz i grafik ekspresjonistyczny. Studiowa\u0142 w Pary\u017cu i Dachau.","robots":{"index":"index","follow":"follow","max-snippet":"max-snippet:-1","max-image-preview":"max-image-preview:large","max-video-preview":"max-video-preview:-1"},"canonical":"https:\/\/www.encyklopediamalarstwa.pl\/index.php\/2024\/07\/28\/emil-nolde\/","og_locale":"pl_PL","og_type":"article","og_title":"Emil Nolde - Encyklopedia Malarstwa","og_description":"Nolde Emil. Przybrane nazwisko Emila Hansena (1867-1956). Niemiecki malarz i grafik ekspresjonistyczny. Studiowa\u0142 w Pary\u017cu i Dachau.","og_url":"https:\/\/www.encyklopediamalarstwa.pl\/index.php\/2024\/07\/28\/emil-nolde\/","og_site_name":"Encyklopedia Malarstwa","article_published_time":"2024-07-28T11:57:26+00:00","article_modified_time":"2024-07-30T11:58:20+00:00","og_image":[{"width":928,"height":800,"url":"https:\/\/www.encyklopediamalarstwa.pl\/wp-content\/uploads\/2024\/07\/Morning-in-the-Flower-Garden-1918.jpg","type":"image\/jpeg"}],"author":"admin","twitter_card":"summary_large_image","twitter_misc":{"Napisane przez":"admin","Szacowany czas czytania":"2 minuty"},"schema":{"@context":"https:\/\/schema.org","@graph":[{"@type":"Article","@id":"https:\/\/www.encyklopediamalarstwa.pl\/index.php\/2024\/07\/28\/emil-nolde\/#article","isPartOf":{"@id":"https:\/\/www.encyklopediamalarstwa.pl\/index.php\/2024\/07\/28\/emil-nolde\/"},"author":{"name":"admin","@id":"https:\/\/www.encyklopediamalarstwa.pl\/#\/schema\/person\/1a6b3ac5c26a28667ef7613105b7c5d6"},"headline":"Emil Nolde","datePublished":"2024-07-28T11:57:26+00:00","dateModified":"2024-07-30T11:58:20+00:00","mainEntityOfPage":{"@id":"https:\/\/www.encyklopediamalarstwa.pl\/index.php\/2024\/07\/28\/emil-nolde\/"},"wordCount":292,"commentCount":0,"publisher":{"@id":"https:\/\/www.encyklopediamalarstwa.pl\/#\/schema\/person\/1a6b3ac5c26a28667ef7613105b7c5d6"},"keywords":["du\u0144ski malarz","niemiecki malarz"],"articleSection":["Ekspresjonizm"],"inLanguage":"pl-PL","potentialAction":[{"@type":"CommentAction","name":"Comment","target":["https:\/\/www.encyklopediamalarstwa.pl\/index.php\/2024\/07\/28\/emil-nolde\/#respond"]}]},{"@type":"WebPage","@id":"https:\/\/www.encyklopediamalarstwa.pl\/index.php\/2024\/07\/28\/emil-nolde\/","url":"https:\/\/www.encyklopediamalarstwa.pl\/index.php\/2024\/07\/28\/emil-nolde\/","name":"Emil Nolde - Encyklopedia Malarstwa","isPartOf":{"@id":"https:\/\/www.encyklopediamalarstwa.pl\/#website"},"datePublished":"2024-07-28T11:57:26+00:00","dateModified":"2024-07-30T11:58:20+00:00","description":"Nolde Emil. Przybrane nazwisko Emila Hansena (1867-1956). Niemiecki malarz i grafik ekspresjonistyczny. Studiowa\u0142 w Pary\u017cu i Dachau.","breadcrumb":{"@id":"https:\/\/www.encyklopediamalarstwa.pl\/index.php\/2024\/07\/28\/emil-nolde\/#breadcrumb"},"inLanguage":"pl-PL","potentialAction":[{"@type":"ReadAction","target":["https:\/\/www.encyklopediamalarstwa.pl\/index.php\/2024\/07\/28\/emil-nolde\/"]}]},{"@type":"BreadcrumbList","@id":"https:\/\/www.encyklopediamalarstwa.pl\/index.php\/2024\/07\/28\/emil-nolde\/#breadcrumb","itemListElement":[{"@type":"ListItem","position":1,"name":"Strona g\u0142\u00f3wna","item":"https:\/\/www.encyklopediamalarstwa.pl\/"},{"@type":"ListItem","position":2,"name":"Emil Nolde"}]},{"@type":"WebSite","@id":"https:\/\/www.encyklopediamalarstwa.pl\/#website","url":"https:\/\/www.encyklopediamalarstwa.pl\/","name":"Encyklopedia Malarstwa","description":"Sztuka w Twoim domu","publisher":{"@id":"https:\/\/www.encyklopediamalarstwa.pl\/#\/schema\/person\/1a6b3ac5c26a28667ef7613105b7c5d6"},"potentialAction":[{"@type":"SearchAction","target":{"@type":"EntryPoint","urlTemplate":"https:\/\/www.encyklopediamalarstwa.pl\/?s={search_term_string}"},"query-input":"required name=search_term_string"}],"inLanguage":"pl-PL"},{"@type":["Person","Organization"],"@id":"https:\/\/www.encyklopediamalarstwa.pl\/#\/schema\/person\/1a6b3ac5c26a28667ef7613105b7c5d6","name":"admin","image":{"@type":"ImageObject","inLanguage":"pl-PL","@id":"https:\/\/www.encyklopediamalarstwa.pl\/#\/schema\/person\/image\/","url":"https:\/\/www.encyklopediamalarstwa.pl\/wp-content\/uploads\/2023\/11\/avatar.png","contentUrl":"https:\/\/www.encyklopediamalarstwa.pl\/wp-content\/uploads\/2023\/11\/avatar.png","width":688,"height":748,"caption":"admin"},"logo":{"@id":"https:\/\/www.encyklopediamalarstwa.pl\/#\/schema\/person\/image\/"},"sameAs":["https:\/\/www.encyklopediamalarstwa.pl"],"url":"https:\/\/www.encyklopediamalarstwa.pl\/index.php\/author\/admin\/"}]}},"_links":{"self":[{"href":"https:\/\/www.encyklopediamalarstwa.pl\/index.php\/wp-json\/wp\/v2\/posts\/3456","targetHints":{"allow":["GET"]}}],"collection":[{"href":"https:\/\/www.encyklopediamalarstwa.pl\/index.php\/wp-json\/wp\/v2\/posts"}],"about":[{"href":"https:\/\/www.encyklopediamalarstwa.pl\/index.php\/wp-json\/wp\/v2\/types\/post"}],"author":[{"embeddable":true,"href":"https:\/\/www.encyklopediamalarstwa.pl\/index.php\/wp-json\/wp\/v2\/users\/1"}],"replies":[{"embeddable":true,"href":"https:\/\/www.encyklopediamalarstwa.pl\/index.php\/wp-json\/wp\/v2\/comments?post=3456"}],"version-history":[{"count":12,"href":"https:\/\/www.encyklopediamalarstwa.pl\/index.php\/wp-json\/wp\/v2\/posts\/3456\/revisions"}],"predecessor-version":[{"id":3469,"href":"https:\/\/www.encyklopediamalarstwa.pl\/index.php\/wp-json\/wp\/v2\/posts\/3456\/revisions\/3469"}],"wp:featuredmedia":[{"embeddable":true,"href":"https:\/\/www.encyklopediamalarstwa.pl\/index.php\/wp-json\/wp\/v2\/media\/3458"}],"wp:attachment":[{"href":"https:\/\/www.encyklopediamalarstwa.pl\/index.php\/wp-json\/wp\/v2\/media?parent=3456"}],"wp:term":[{"taxonomy":"category","embeddable":true,"href":"https:\/\/www.encyklopediamalarstwa.pl\/index.php\/wp-json\/wp\/v2\/categories?post=3456"},{"taxonomy":"post_tag","embeddable":true,"href":"https:\/\/www.encyklopediamalarstwa.pl\/index.php\/wp-json\/wp\/v2\/tags?post=3456"}],"curies":[{"name":"wp","href":"https:\/\/api.w.org\/{rel}","templated":true}]}}