{"id":3355,"date":"2024-03-14T23:11:03","date_gmt":"2024-03-14T22:11:03","guid":{"rendered":"https:\/\/www.encyklopediamalarstwa.pl\/?p=3355"},"modified":"2024-04-04T23:17:11","modified_gmt":"2024-04-04T21:17:11","slug":"paula-modersohn-becker","status":"publish","type":"post","link":"https:\/\/www.encyklopediamalarstwa.pl\/index.php\/2024\/03\/14\/paula-modersohn-becker\/","title":{"rendered":"Paula Modersohn-Becker"},"content":{"rendered":"\t\t<div data-elementor-type=\"wp-post\" data-elementor-id=\"3355\" class=\"elementor elementor-3355\">\n\t\t\t\t\t\t\t<div class=\"elementor-element elementor-element-27476fc e-flex e-con-boxed e-con e-parent\" data-id=\"27476fc\" data-element_type=\"container\" data-settings=\"{&quot;content_width&quot;:&quot;boxed&quot;}\" data-core-v316-plus=\"true\">\n\t\t\t\t\t<div class=\"e-con-inner\">\n\t\t\t\t<div class=\"elementor-element elementor-element-cf79632 elementor-widget elementor-widget-text-editor\" data-id=\"cf79632\" data-element_type=\"widget\" data-widget_type=\"text-editor.default\">\n\t\t\t\t<div class=\"elementor-widget-container\">\n\t\t\t<style>\/*! elementor - v3.18.0 - 08-12-2023 *\/\n.elementor-widget-text-editor.elementor-drop-cap-view-stacked .elementor-drop-cap{background-color:#69727d;color:#fff}.elementor-widget-text-editor.elementor-drop-cap-view-framed .elementor-drop-cap{color:#69727d;border:3px solid;background-color:transparent}.elementor-widget-text-editor:not(.elementor-drop-cap-view-default) .elementor-drop-cap{margin-top:8px}.elementor-widget-text-editor:not(.elementor-drop-cap-view-default) .elementor-drop-cap-letter{width:1em;height:1em}.elementor-widget-text-editor .elementor-drop-cap{float:left;text-align:center;line-height:1;font-size:50px}.elementor-widget-text-editor .elementor-drop-cap-letter{display:inline-block}<\/style>\t\t\t\t<p>Paula Modersohn-Becker (ur. 8 lutego 1876, zm. 20 listopada 1907) by\u0142a niemieck\u0105 malark\u0105 uznawan\u0105 za jedn\u0105 z pionierek sztuki modernistycznej oraz za jedn\u0105 z najwa\u017cniejszych postaci ekspresjonizmu w Niemczech prze\u0142omu XIX i XX wieku.<\/p><h3><span style=\"color: var(--pcheading-cl); font-family: var(--pchead-font); font-weight: var(--pchead-wei); text-align: var(--text-align);\">Paula Modersohn-Becker &#8211;\u00a0<\/span>Wczesne \u017bycie i Edukacja<\/h3><p>Paula Becker urodzi\u0142a si\u0119 8 lutego 1876 roku w Dre\u017anie (Niemcy). W wieku dw\u00f3ch lat przenios\u0142a si\u0119 wraz z rodzin\u0105 do Bremy. Ju\u017c w m\u0142odym wieku przejawia\u0142a zainteresowanie sztuk\u0105 i otrzyma\u0142a wsparcie od rodzic\u00f3w w rozwijaniu swojego talentu. W 1892 roku zacz\u0119\u0142a studiowa\u0107 w prywatnej szkole artystycznej w Bremie. W 1896 roku wyjecha\u0142a do Londynu, aby studiowa\u0107 malarstwo w Saint John&#8217;s Wood School of Art.<\/p><h3>Tw\u00f3rczo\u015b\u0107<\/h3><p>Modersohn-Becker by\u0142a jedn\u0105 z pierwszych artystek, kt\u00f3ra odwa\u017cy\u0142a si\u0119 malowa\u0107 akt kobiecy z perspektywy kobiety. Jej prace cechowa\u0142a subtelno\u015b\u0107, intymno\u015b\u0107 oraz \u015bmia\u0142o\u015b\u0107 w wyra\u017caniu emocji. By\u0142a inspiracj\u0105 dla wielu artystek, kt\u00f3re nast\u0119pnie pod\u0105\u017cy\u0142y jej \u015bladami w wyra\u017caniu kobiecego do\u015bwiadczenia poprzez sztuk\u0119.<\/p><p>Jej style malarskie ewoluowa\u0142y wraz z czasem. Od wczesnych prac, kt\u00f3re odzwierciedla\u0142y wp\u0142yw impresjonizmu i postimpresjonizmu, a\u017c po p\u00f3\u017aniejsze, bardziej ekspresjonistyczne dzie\u0142a, w kt\u00f3rych eksperymentowa\u0142a z form\u0105 i kolorem, koncentruj\u0105c si\u0119 na wyra\u017ceniu g\u0142\u0119bszych emocji.<\/p><h3>Worpswede i Wp\u0142yw na Tw\u00f3rczo\u015b\u0107<\/h3><p>W 1898 roku Modersohn-Becker przy\u0142\u0105czy\u0142a si\u0119 do kolonii artystycznej w Worpswede, ma\u0142ej wiosce artystycznej na p\u00f3\u0142nocy Niemiec. To tam pozna\u0142a malarza Otto Modersohna, kt\u00f3rego po\u015blubi\u0142a w 1901 roku. Ta okolica sta\u0142a si\u0119 inspiracj\u0105 dla wielu jej prac, kt\u00f3re cz\u0119sto przedstawia\u0142y krajobrazy i ludzi z tego regionu.<\/p><h3>Dziedzictwo i \u015amier\u0107<\/h3><p>Paula Modersohn-Becker zmar\u0142a nagle 20 listopada 1907 roku w wieku 31 lat, zaledwie kilka tygodni po urodzeniu swojej c\u00f3rki. Cho\u0107 jej kariera by\u0142a kr\u00f3tka, jej wp\u0142yw na sztuk\u0119 niemieck\u0105 i \u015bwiatow\u0105 by\u0142 znacz\u0105cy. Dzi\u0119ki jej odwadze w eksplorowaniu kobiecego do\u015bwiadczenia oraz jej innowacyjnym podej\u015bciu do sztuki, Paula Modersohn-Becker pozostaje wa\u017cn\u0105 postaci\u0105 w historii sztuki.<\/p><h3>\u00a0Podsumowanie<\/h3><p>Artystka by\u0142a wyj\u0105tkow\u0105 postaci\u0105 w historii sztuki, kt\u00f3ra swoimi pracami odwa\u017cnie wyra\u017ca\u0142a kobiece do\u015bwiadczenie i emocje. Jej wk\u0142ad w rozw\u00f3j ekspresjonizmu oraz jej \u015bmia\u0142o\u015b\u0107 w prze\u0142amywaniu konwencji artystycznych sprawi\u0142y, \u017ce jest nadal doceniana i podziwiana przez kolejne pokolenia artyst\u00f3w i mi\u0142o\u015bnik\u00f3w sztuki. Jej prace s\u0105 prezentowane w wielu muzeach na ca\u0142ym \u015bwiecie, a jej dziedzictwo jest kontynuowane przez artystki wsp\u00f3\u0142czesne.<\/p><h2>\u0179r\u00f3d\u0142a<\/h2><ol><li>&#8220;Paula Modersohn-Becker: Her Life and Work&#8221; by Diane Radycki (Yale University Press, 2013).<\/li><li>&#8220;Paula Modersohn-Becker: The First Modern Woman Artist&#8221; by Gill Perry (Yale University Press, 2013).<\/li><li>&#8220;Paula Modersohn-Becker: The Letters and Journals&#8221; edited by G\u00fcnter Busch and Liselotte von Reinken (Prestel Publishing, 2018).<\/li><li><a href=\"https:\/\/www.metmuseum.org\/art\/collection\/search\/486804\">The Metropolitan Museum of Art<\/a>.<\/li><li><a href=\"https:\/\/www.theartstory.org\/artist\/modersohn-becker-paula\/\">The Art Story<\/a>.<\/li><\/ol>\t\t\t\t\t\t<\/div>\n\t\t\t\t<\/div>\n\t\t\t\t\t<\/div>\n\t\t\t\t<\/div>\n\t\t<div class=\"elementor-element elementor-element-c8de083 e-flex e-con-boxed e-con e-parent\" data-id=\"c8de083\" data-element_type=\"container\" data-settings=\"{&quot;content_width&quot;:&quot;boxed&quot;}\" data-core-v316-plus=\"true\">\n\t\t\t\t\t<div class=\"e-con-inner\">\n\t\t\t\t<div class=\"elementor-element elementor-element-e1453de elementor-widget elementor-widget-penci-image-gallery\" data-id=\"e1453de\" data-element_type=\"widget\" data-widget_type=\"penci-image-gallery.default\">\n\t\t\t\t<div class=\"elementor-widget-container\">\n\t\t\t        <div data-sliderid=\"32249\" id=\"penci-image_gallery_32249\"\n             class=\"penci-block-vc penci-image-gallery penci-image-gallery-masonry\">\n\t\t\t        <div class=\"penci-border-arrow penci-homepage-title penci-home-latest-posts style-1 pcalign-center pciconp-right pcicon-right block-title-icon-left\">\r\n            <h3 class=\"inner-arrow\">\r\n                <span>\r\n                    <span>Paula Modersohn-Becker - Galeria obraz\u00f3w<\/a>                <\/span>\r\n            <\/h3>\r\n\t\t\t        <\/div>\r\n\t\t            <div class=\"penci-block_content \">\n\t\t\t\t<div class=\"penci-post-gallery-container masonry column-3\" data-height=\"150\" data-margin=\"3\"><div class=\"inner-gallery-masonry-container\"><div class=\"item-gallery-masonry\"><a class=\"penci-gallery-ite item-link-relative\" href=\"https:\/\/www.encyklopediamalarstwa.pl\/wp-content\/uploads\/2024\/04\/Chlopiec-na-sniegu-okolo-1905.jpg\" data-rel=\"penci-gallery-image-content\"  data-cap=\"Ch\u0142opiec na \u015bniegu (oko\u0142o 1905)\" data-rel=\"penci-gallery-image-content\" data-idwrap=\"penci-image_gallery_32249\"><div class=\"inner-item-masonry-gallery\"><span class=\"penci-isotope-padding\" style=\"padding-bottom:74.35897436%;\"><\/span><img decoding=\"async\" src=\"https:\/\/www.encyklopediamalarstwa.pl\/wp-content\/uploads\/2024\/04\/Chlopiec-na-sniegu-okolo-1905-585x435.jpg\" alt=\"Ch\u0142opiec na \u015bniegu (oko\u0142o 1905)\" title=\"Ch\u0142opiec na \u015bniegu (oko\u0142o 1905)\"><\/div><\/a><\/div><div class=\"item-gallery-masonry\"><a class=\"penci-gallery-ite item-link-relative\" href=\"https:\/\/www.encyklopediamalarstwa.pl\/wp-content\/uploads\/2024\/04\/Chlopiec-w-drodze-pod-brzozami-1900.jpg\" data-rel=\"penci-gallery-image-content\"  data-cap=\"Ch\u0142opiec w drodze pod brzozami (1900)\" data-rel=\"penci-gallery-image-content\" data-idwrap=\"penci-image_gallery_32249\"><div class=\"inner-item-masonry-gallery\"><span class=\"penci-isotope-padding\" style=\"padding-bottom:71.62393162%;\"><\/span><img decoding=\"async\" src=\"https:\/\/www.encyklopediamalarstwa.pl\/wp-content\/uploads\/2024\/04\/Chlopiec-w-drodze-pod-brzozami-1900-585x419.jpg\" alt=\"Ch\u0142opiec w drodze pod brzozami (1900)\" title=\"Ch\u0142opiec w drodze pod brzozami (1900)\"><\/div><\/a><\/div><div class=\"item-gallery-masonry\"><a class=\"penci-gallery-ite item-link-relative\" href=\"https:\/\/www.encyklopediamalarstwa.pl\/wp-content\/uploads\/2024\/04\/Dwie-dziewczyny-przed-brzozami-ok.-1905.jpg\" data-rel=\"penci-gallery-image-content\"  data-cap=\"Dwie dziewczyny przed brzozami (ok. 1905)\" data-rel=\"penci-gallery-image-content\" data-idwrap=\"penci-image_gallery_32249\"><div class=\"inner-item-masonry-gallery\"><span class=\"penci-isotope-padding\" style=\"padding-bottom:158.41584158%;\"><\/span><img decoding=\"async\" src=\"https:\/\/www.encyklopediamalarstwa.pl\/wp-content\/uploads\/2024\/04\/Dwie-dziewczyny-przed-brzozami-ok.-1905.jpg\" alt=\"Dwie dziewczyny przed brzozami (ok. 1905)\" title=\"Dwie dziewczyny przed brzozami (ok. 1905)\"><\/div><\/a><\/div><div class=\"item-gallery-masonry\"><a class=\"penci-gallery-ite item-link-relative\" href=\"https:\/\/www.encyklopediamalarstwa.pl\/wp-content\/uploads\/2024\/04\/Dzieci-i-kurczaki-przed-krajobrazem-ok.-1902-r.jpg\" data-rel=\"penci-gallery-image-content\"  data-cap=\"Dzieci i kurczaki przed krajobrazem (ok. 1902 r.)\" data-rel=\"penci-gallery-image-content\" data-idwrap=\"penci-image_gallery_32249\"><div class=\"inner-item-masonry-gallery\"><span class=\"penci-isotope-padding\" style=\"padding-bottom:68.71794872%;\"><\/span><img decoding=\"async\" src=\"https:\/\/www.encyklopediamalarstwa.pl\/wp-content\/uploads\/2024\/04\/Dzieci-i-kurczaki-przed-krajobrazem-ok.-1902-r-585x402.jpg\" alt=\"Dzieci i kurczaki przed krajobrazem (ok. 1902 r.)\" title=\"Dzieci i kurczaki przed krajobrazem (ok. 1902 r.)\"><\/div><\/a><\/div><div class=\"item-gallery-masonry\"><a class=\"penci-gallery-ite item-link-relative\" href=\"https:\/\/www.encyklopediamalarstwa.pl\/wp-content\/uploads\/2024\/04\/Dziewczyna-o-zmierzchu-w-kraciastej-bluzce-okolo-1904.jpg\" data-rel=\"penci-gallery-image-content\"  data-cap=\"Dziewczyna o zmierzchu w kraciastej bluzce (oko\u0142o 1904)\" data-rel=\"penci-gallery-image-content\" data-idwrap=\"penci-image_gallery_32249\"><div class=\"inner-item-masonry-gallery\"><span class=\"penci-isotope-padding\" style=\"padding-bottom:127.17948718%;\"><\/span><img decoding=\"async\" src=\"https:\/\/www.encyklopediamalarstwa.pl\/wp-content\/uploads\/2024\/04\/Dziewczyna-o-zmierzchu-w-kraciastej-bluzce-okolo-1904-585x744.jpg\" alt=\"Dziewczyna o zmierzchu w kraciastej bluzce (oko\u0142o 1904)\" title=\"Dziewczyna o zmierzchu w kraciastej bluzce (oko\u0142o 1904)\"><\/div><\/a><\/div><div class=\"item-gallery-masonry\"><a class=\"penci-gallery-ite item-link-relative\" href=\"https:\/\/www.encyklopediamalarstwa.pl\/wp-content\/uploads\/2024\/04\/Dziewczyna-w-brzozowym-lesie-z-kotem-ok.-1904-r.jpg\" data-rel=\"penci-gallery-image-content\"  data-cap=\"Dziewczyna w brzozowym lesie z kotem (ok. 1904 r.)\" data-rel=\"penci-gallery-image-content\" data-idwrap=\"penci-image_gallery_32249\"><div class=\"inner-item-masonry-gallery\"><span class=\"penci-isotope-padding\" style=\"padding-bottom:122.39316239%;\"><\/span><img decoding=\"async\" src=\"https:\/\/www.encyklopediamalarstwa.pl\/wp-content\/uploads\/2024\/04\/Dziewczyna-w-brzozowym-lesie-z-kotem-ok.-1904-r-585x716.jpg\" alt=\"Dziewczyna w brzozowym lesie z kotem (ok. 1904 r.)\" title=\"Dziewczyna w brzozowym lesie z kotem (ok. 1904 r.)\"><\/div><\/a><\/div><div class=\"item-gallery-masonry\"><a class=\"penci-gallery-ite item-link-relative\" href=\"https:\/\/www.encyklopediamalarstwa.pl\/wp-content\/uploads\/2024\/04\/Dziewczyna-w-czerwonej-sukience-ok.-1905-r.jpg\" data-rel=\"penci-gallery-image-content\"  data-cap=\"Dziewczyna w czerwonej sukience (ok. 1905 r.)\" data-rel=\"penci-gallery-image-content\" data-idwrap=\"penci-image_gallery_32249\"><div class=\"inner-item-masonry-gallery\"><span class=\"penci-isotope-padding\" style=\"padding-bottom:125.81196581%;\"><\/span><img decoding=\"async\" src=\"https:\/\/www.encyklopediamalarstwa.pl\/wp-content\/uploads\/2024\/04\/Dziewczyna-w-czerwonej-sukience-ok.-1905-r-585x736.jpg\" alt=\"Dziewczyna w czerwonej sukience (ok. 1905 r.)\" title=\"Dziewczyna w czerwonej sukience (ok. 1905 r.)\"><\/div><\/a><\/div><div class=\"item-gallery-masonry\"><a class=\"penci-gallery-ite item-link-relative\" href=\"https:\/\/www.encyklopediamalarstwa.pl\/wp-content\/uploads\/2024\/04\/Dziewczyna-w-lesie-brzozowym-okolo-1903.jpg\" data-rel=\"penci-gallery-image-content\"  data-cap=\"Dziewczyna w lesie brzozowym (oko\u0142o 1903)\" data-rel=\"penci-gallery-image-content\" data-idwrap=\"penci-image_gallery_32249\"><div class=\"inner-item-masonry-gallery\"><span class=\"penci-isotope-padding\" style=\"padding-bottom:140.59753954%;\"><\/span><img decoding=\"async\" src=\"https:\/\/www.encyklopediamalarstwa.pl\/wp-content\/uploads\/2024\/04\/Dziewczyna-w-lesie-brzozowym-okolo-1903.jpg\" alt=\"Dziewczyna w lesie brzozowym (oko\u0142o 1903)\" title=\"Dziewczyna w lesie brzozowym (oko\u0142o 1903)\"><\/div><\/a><\/div><div class=\"item-gallery-masonry\"><a class=\"penci-gallery-ite item-link-relative\" href=\"https:\/\/www.encyklopediamalarstwa.pl\/wp-content\/uploads\/2024\/04\/Dziewczyna-w-slomkowym-kapeluszu-z-profilu-po-prawej-stronie-okolo-1905-r.jpg\" data-rel=\"penci-gallery-image-content\"  data-cap=\"Dziewczyna w s\u0142omkowym kapeluszu z profilu po prawej stronie (oko\u0142o 1905 r.)\" data-rel=\"penci-gallery-image-content\" data-idwrap=\"penci-image_gallery_32249\"><div class=\"inner-item-masonry-gallery\"><span class=\"penci-isotope-padding\" style=\"padding-bottom:95.38461538%;\"><\/span><img decoding=\"async\" src=\"https:\/\/www.encyklopediamalarstwa.pl\/wp-content\/uploads\/2024\/04\/Dziewczyna-w-slomkowym-kapeluszu-z-profilu-po-prawej-stronie-okolo-1905-r-585x558.jpg\" alt=\"Dziewczyna w s\u0142omkowym kapeluszu z profilu po prawej stronie (oko\u0142o 1905 r.)\" title=\"Dziewczyna w s\u0142omkowym kapeluszu z profilu po prawej stronie (oko\u0142o 1905 r.)\"><\/div><\/a><\/div><div class=\"item-gallery-masonry\"><a class=\"penci-gallery-ite item-link-relative\" href=\"https:\/\/www.encyklopediamalarstwa.pl\/wp-content\/uploads\/2024\/04\/Dziewczyna-z-dzieckiem-wsrod-brzoz-1905.jpg\" data-rel=\"penci-gallery-image-content\"  data-cap=\"Dziewczyna z dzieckiem w\u015br\u00f3d brzoz (1905)\" data-rel=\"penci-gallery-image-content\" data-idwrap=\"penci-image_gallery_32249\"><div class=\"inner-item-masonry-gallery\"><span class=\"penci-isotope-padding\" style=\"padding-bottom:125.12820513%;\"><\/span><img decoding=\"async\" src=\"https:\/\/www.encyklopediamalarstwa.pl\/wp-content\/uploads\/2024\/04\/Dziewczyna-z-dzieckiem-wsrod-brzoz-1905-585x732.jpg\" alt=\"Dziewczyna z dzieckiem w\u015br\u00f3d brzoz (1905)\" title=\"Dziewczyna z dzieckiem w\u015br\u00f3d brzoz (1905)\"><\/div><\/a><\/div><div class=\"item-gallery-masonry\"><a class=\"penci-gallery-ite item-link-relative\" href=\"https:\/\/www.encyklopediamalarstwa.pl\/wp-content\/uploads\/2024\/04\/Dziewczyna-z-dzieckiem.jpg\" data-rel=\"penci-gallery-image-content\"  data-cap=\"Dziewczyna z dzieckiem\" data-rel=\"penci-gallery-image-content\" data-idwrap=\"penci-image_gallery_32249\"><div class=\"inner-item-masonry-gallery\"><span class=\"penci-isotope-padding\" style=\"padding-bottom:92.99145299%;\"><\/span><img decoding=\"async\" src=\"https:\/\/www.encyklopediamalarstwa.pl\/wp-content\/uploads\/2024\/04\/Dziewczyna-z-dzieckiem-585x544.jpg\" alt=\"Dziewczyna z dzieckiem\" title=\"Dziewczyna z dzieckiem\"><\/div><\/a><\/div><div class=\"item-gallery-masonry\"><a class=\"penci-gallery-ite item-link-relative\" href=\"https:\/\/www.encyklopediamalarstwa.pl\/wp-content\/uploads\/2024\/04\/Glowa-dziewczynki-przed-oknem-ok.-1902-r.jpg\" data-rel=\"penci-gallery-image-content\"  data-cap=\"G\u0142owa dziewczynki przed oknem (ok. 1902 r.)\" data-rel=\"penci-gallery-image-content\" data-idwrap=\"penci-image_gallery_32249\"><div class=\"inner-item-masonry-gallery\"><span class=\"penci-isotope-padding\" style=\"padding-bottom:79.48717949%;\"><\/span><img decoding=\"async\" src=\"https:\/\/www.encyklopediamalarstwa.pl\/wp-content\/uploads\/2024\/04\/Glowa-dziewczynki-przed-oknem-ok.-1902-r-585x465.jpg\" alt=\"G\u0142owa dziewczynki przed oknem (ok. 1902 r.)\" title=\"G\u0142owa dziewczynki przed oknem (ok. 1902 r.)\"><\/div><\/a><\/div><div class=\"item-gallery-masonry\"><a class=\"penci-gallery-ite item-link-relative\" href=\"https:\/\/www.encyklopediamalarstwa.pl\/wp-content\/uploads\/2024\/04\/Jesienny-krajobraz-na-Weyerbergu-ze-stawem-ok.-1899-r.jpg\" data-rel=\"penci-gallery-image-content\"  data-cap=\"Jesienny krajobraz na Weyerbergu ze stawem (ok. 1899 r.)\" data-rel=\"penci-gallery-image-content\" data-idwrap=\"penci-image_gallery_32249\"><div class=\"inner-item-masonry-gallery\"><span class=\"penci-isotope-padding\" style=\"padding-bottom:72.82051282%;\"><\/span><img decoding=\"async\" src=\"https:\/\/www.encyklopediamalarstwa.pl\/wp-content\/uploads\/2024\/04\/Jesienny-krajobraz-na-Weyerbergu-ze-stawem-ok.-1899-r-585x426.jpg\" alt=\"Jesienny krajobraz na Weyerbergu ze stawem (ok. 1899 r.)\" title=\"Jesienny krajobraz na Weyerbergu ze stawem (ok. 1899 r.)\"><\/div><\/a><\/div><div class=\"item-gallery-masonry\"><a class=\"penci-gallery-ite item-link-relative\" href=\"https:\/\/www.encyklopediamalarstwa.pl\/wp-content\/uploads\/2024\/04\/Kanal-torfowiskowy-okolo-1900-r.jpg\" data-rel=\"penci-gallery-image-content\"  data-cap=\"Kana\u0142 torfowiskowy (oko\u0142o 1900 r.)\" data-rel=\"penci-gallery-image-content\" data-idwrap=\"penci-image_gallery_32249\"><div class=\"inner-item-masonry-gallery\"><span class=\"penci-isotope-padding\" style=\"padding-bottom:166.15384615%;\"><\/span><img decoding=\"async\" src=\"https:\/\/www.encyklopediamalarstwa.pl\/wp-content\/uploads\/2024\/04\/Kanal-torfowiskowy-okolo-1900-r-585x972.jpg\" alt=\"Kana\u0142 torfowiskowy (oko\u0142o 1900 r.)\" title=\"Kana\u0142 torfowiskowy (oko\u0142o 1900 r.)\"><\/div><\/a><\/div><div class=\"item-gallery-masonry\"><a class=\"penci-gallery-ite item-link-relative\" href=\"https:\/\/www.encyklopediamalarstwa.pl\/wp-content\/uploads\/2024\/04\/Kobieta-z-gesia-1902.jpg\" data-rel=\"penci-gallery-image-content\"  data-cap=\"Kobieta z g\u0119si\u0105 (1902)\" data-rel=\"penci-gallery-image-content\" data-idwrap=\"penci-image_gallery_32249\"><div class=\"inner-item-masonry-gallery\"><span class=\"penci-isotope-padding\" style=\"padding-bottom:75.89743590%;\"><\/span><img decoding=\"async\" src=\"https:\/\/www.encyklopediamalarstwa.pl\/wp-content\/uploads\/2024\/04\/Kobieta-z-gesia-1902-585x444.jpg\" alt=\"Kobieta z g\u0119si\u0105 (1902)\" title=\"Kobieta z g\u0119si\u0105 (1902)\"><\/div><\/a><\/div><div class=\"item-gallery-masonry\"><a class=\"penci-gallery-ite item-link-relative\" href=\"https:\/\/www.encyklopediamalarstwa.pl\/wp-content\/uploads\/2024\/04\/Kosciol-w-Worpswede-1900.jpg\" data-rel=\"penci-gallery-image-content\"  data-cap=\"Ko\u015bci\u00f3\u0142 w Worpswede (1900)\" data-rel=\"penci-gallery-image-content\" data-idwrap=\"penci-image_gallery_32249\"><div class=\"inner-item-masonry-gallery\"><span class=\"penci-isotope-padding\" style=\"padding-bottom:160.17094017%;\"><\/span><img decoding=\"async\" src=\"https:\/\/www.encyklopediamalarstwa.pl\/wp-content\/uploads\/2024\/04\/Kosciol-w-Worpswede-1900-585x937.jpg\" alt=\"Ko\u015bci\u00f3\u0142 w Worpswede (1900)\" title=\"Ko\u015bci\u00f3\u0142 w Worpswede (1900)\"><\/div><\/a><\/div><div class=\"item-gallery-masonry\"><a class=\"penci-gallery-ite item-link-relative\" href=\"https:\/\/www.encyklopediamalarstwa.pl\/wp-content\/uploads\/2024\/04\/Martwa-natura-z-lampa-gazowa-ok.-1906-r.jpg\" data-rel=\"penci-gallery-image-content\"  data-cap=\"Martwa natura z lamp\u0105 gazow\u0105 (ok. 1906 r.)\" data-rel=\"penci-gallery-image-content\" data-idwrap=\"penci-image_gallery_32249\"><div class=\"inner-item-masonry-gallery\"><span class=\"penci-isotope-padding\" style=\"padding-bottom:120.68376068%;\"><\/span><img decoding=\"async\" src=\"https:\/\/www.encyklopediamalarstwa.pl\/wp-content\/uploads\/2024\/04\/Martwa-natura-z-lampa-gazowa-ok.-1906-r-585x706.jpg\" alt=\"Martwa natura z lamp\u0105 gazow\u0105 (ok. 1906 r.)\" title=\"Martwa natura z lamp\u0105 gazow\u0105 (ok. 1906 r.)\"><\/div><\/a><\/div><div class=\"item-gallery-masonry\"><a class=\"penci-gallery-ite item-link-relative\" href=\"https:\/\/www.encyklopediamalarstwa.pl\/wp-content\/uploads\/2024\/04\/Martwa-natura-z-zupa-mleczna-stol-sniadaniowy-1905.jpg\" data-rel=\"penci-gallery-image-content\"  data-cap=\"Martwa natura z zup\u0105 mleczn\u0105 (st\u00f3\u0142 \u015bniadaniowy) (1905)\" data-rel=\"penci-gallery-image-content\" data-idwrap=\"penci-image_gallery_32249\"><div class=\"inner-item-masonry-gallery\"><span class=\"penci-isotope-padding\" style=\"padding-bottom:76.58119658%;\"><\/span><img decoding=\"async\" src=\"https:\/\/www.encyklopediamalarstwa.pl\/wp-content\/uploads\/2024\/04\/Martwa-natura-z-zupa-mleczna-stol-sniadaniowy-1905-585x448.jpg\" alt=\"Martwa natura z zup\u0105 mleczn\u0105 (st\u00f3\u0142 \u015bniadaniowy) (1905)\" title=\"Martwa natura z zup\u0105 mleczn\u0105 (st\u00f3\u0142 \u015bniadaniowy) (1905)\"><\/div><\/a><\/div><div class=\"item-gallery-masonry\"><a class=\"penci-gallery-ite item-link-relative\" href=\"https:\/\/www.encyklopediamalarstwa.pl\/wp-content\/uploads\/2024\/04\/Mezczyzna-lezacy-pod-kwitnacym-drzewem-1903.jpg\" data-rel=\"penci-gallery-image-content\"  data-cap=\"M\u0119\u017cczyzna le\u017c\u0105cy pod kwitn\u0105cym drzewem (1903)\" data-rel=\"penci-gallery-image-content\" data-idwrap=\"penci-image_gallery_32249\"><div class=\"inner-item-masonry-gallery\"><span class=\"penci-isotope-padding\" style=\"padding-bottom:71.28205128%;\"><\/span><img decoding=\"async\" src=\"https:\/\/www.encyklopediamalarstwa.pl\/wp-content\/uploads\/2024\/04\/Mezczyzna-lezacy-pod-kwitnacym-drzewem-1903-585x417.jpg\" alt=\"M\u0119\u017cczyzna le\u017c\u0105cy pod kwitn\u0105cym drzewem (1903)\" title=\"M\u0119\u017cczyzna le\u017c\u0105cy pod kwitn\u0105cym drzewem (1903)\"><\/div><\/a><\/div><div class=\"item-gallery-masonry\"><a class=\"penci-gallery-ite item-link-relative\" href=\"https:\/\/www.encyklopediamalarstwa.pl\/wp-content\/uploads\/2024\/04\/Ogrod-Brunjes-okolo-1902.jpg\" data-rel=\"penci-gallery-image-content\"  data-cap=\"Ogr\u00f3d Br\u00fcnjes (oko\u0142o 1902)\" data-rel=\"penci-gallery-image-content\" data-idwrap=\"penci-image_gallery_32249\"><div class=\"inner-item-masonry-gallery\"><span class=\"penci-isotope-padding\" style=\"padding-bottom:90.25641026%;\"><\/span><img decoding=\"async\" src=\"https:\/\/www.encyklopediamalarstwa.pl\/wp-content\/uploads\/2024\/04\/Ogrod-Brunjes-okolo-1902-585x528.jpg\" alt=\"Ogr\u00f3d Br\u00fcnjes (oko\u0142o 1902)\" title=\"Ogr\u00f3d Br\u00fcnjes (oko\u0142o 1902)\"><\/div><\/a><\/div><div class=\"item-gallery-masonry\"><a class=\"penci-gallery-ite item-link-relative\" href=\"https:\/\/www.encyklopediamalarstwa.pl\/wp-content\/uploads\/2024\/04\/Paula-Modersohn-Becker-Autoportret-na-zielonym-tle-z-niebieska-teczowka-lata-1900-1907.jpg\" data-rel=\"penci-gallery-image-content\"  data-cap=\"Paula Modersohn-Becker - Autoportret na zielonym tle z niebiesk\u0105 t\u0119cz\u00f3wk\u0105 (lata 1900-1907)\" data-rel=\"penci-gallery-image-content\" data-idwrap=\"penci-image_gallery_32249\"><div class=\"inner-item-masonry-gallery\"><span class=\"penci-isotope-padding\" style=\"padding-bottom:117.77777778%;\"><\/span><img decoding=\"async\" src=\"https:\/\/www.encyklopediamalarstwa.pl\/wp-content\/uploads\/2024\/04\/Paula-Modersohn-Becker-Autoportret-na-zielonym-tle-z-niebieska-teczowka-lata-1900-1907-585x689.jpg\" alt=\"Paula Modersohn-Becker - Autoportret na zielonym tle z niebiesk\u0105 t\u0119cz\u00f3wk\u0105 (lata 1900-1907)\" title=\"Paula Modersohn-Becker &#8211; Autoportret na zielonym tle z niebiesk\u0105 t\u0119cz\u00f3wk\u0105 (lata 1900-1907)\"><\/div><\/a><\/div><div class=\"item-gallery-masonry\"><a class=\"penci-gallery-ite item-link-relative\" href=\"https:\/\/www.encyklopediamalarstwa.pl\/wp-content\/uploads\/2024\/04\/Paula-Modersohn-Becker-Autoportret-w-6.-rocznice-slubu-1906.jpg\" data-rel=\"penci-gallery-image-content\"  data-cap=\"Paula Modersohn-Becker - Autoportret w 6. rocznic\u0119 \u015blubu (1906)\" data-rel=\"penci-gallery-image-content\" data-idwrap=\"penci-image_gallery_32249\"><div class=\"inner-item-masonry-gallery\"><span class=\"penci-isotope-padding\" style=\"padding-bottom:144.66546112%;\"><\/span><img decoding=\"async\" src=\"https:\/\/www.encyklopediamalarstwa.pl\/wp-content\/uploads\/2024\/04\/Paula-Modersohn-Becker-Autoportret-w-6.-rocznice-slubu-1906.jpg\" alt=\"Paula Modersohn-Becker - Autoportret w 6. rocznic\u0119 \u015blubu (1906)\" title=\"Paula Modersohn-Becker &#8211; Autoportret w 6. rocznic\u0119 \u015blubu (1906)\"><\/div><\/a><\/div><div class=\"item-gallery-masonry\"><a class=\"penci-gallery-ite item-link-relative\" href=\"https:\/\/www.encyklopediamalarstwa.pl\/wp-content\/uploads\/2024\/04\/Paula-Modersohn-Becker-Autoportret-w-kapeluszu-i-welonie.jpg\" data-rel=\"penci-gallery-image-content\"  data-cap=\"Paula Modersohn-Becker - Autoportret w kapeluszu i welonie\" data-rel=\"penci-gallery-image-content\" data-idwrap=\"penci-image_gallery_32249\"><div class=\"inner-item-masonry-gallery\"><span class=\"penci-isotope-padding\" style=\"padding-bottom:120.34188034%;\"><\/span><img decoding=\"async\" src=\"https:\/\/www.encyklopediamalarstwa.pl\/wp-content\/uploads\/2024\/04\/Paula-Modersohn-Becker-Autoportret-w-kapeluszu-i-welonie-585x704.jpg\" alt=\"Paula Modersohn-Becker - Autoportret w kapeluszu i welonie\" title=\"Paula Modersohn-Becker &#8211; Autoportret w kapeluszu i welonie\"><\/div><\/a><\/div><div class=\"item-gallery-masonry\"><a class=\"penci-gallery-ite item-link-relative\" href=\"https:\/\/www.encyklopediamalarstwa.pl\/wp-content\/uploads\/2024\/04\/Paula-Modersohn-Becker-Autoportret-z-galazka-kamelii-ok.-1906-1907.jpg\" data-rel=\"penci-gallery-image-content\"  data-cap=\"Paula Modersohn-Becker - Autoportret z ga\u0142\u0105zk\u0105 kamelii (ok. 1906-1907)\" data-rel=\"penci-gallery-image-content\" data-idwrap=\"penci-image_gallery_32249\"><div class=\"inner-item-masonry-gallery\"><span class=\"penci-isotope-padding\" style=\"padding-bottom:209.97375328%;\"><\/span><img decoding=\"async\" src=\"https:\/\/www.encyklopediamalarstwa.pl\/wp-content\/uploads\/2024\/04\/Paula-Modersohn-Becker-Autoportret-z-galazka-kamelii-ok.-1906-1907.jpg\" alt=\"Paula Modersohn-Becker - Autoportret z ga\u0142\u0105zk\u0105 kamelii (ok. 1906-1907)\" title=\"Paula Modersohn-Becker &#8211; Autoportret z ga\u0142\u0105zk\u0105 kamelii (ok. 1906-1907)\"><\/div><\/a><\/div><div class=\"item-gallery-masonry\"><a class=\"penci-gallery-ite item-link-relative\" href=\"https:\/\/www.encyklopediamalarstwa.pl\/wp-content\/uploads\/2024\/04\/Paula-Modersohn-Becker-Dzieci-z-gesiami-ok.-1901.jpg\" data-rel=\"penci-gallery-image-content\"  data-cap=\"Paula Modersohn-Becker - Dzieci z g\u0119siami (ok. 1901)\" data-rel=\"penci-gallery-image-content\" data-idwrap=\"penci-image_gallery_32249\"><div class=\"inner-item-masonry-gallery\"><span class=\"penci-isotope-padding\" style=\"padding-bottom:78.80341880%;\"><\/span><img decoding=\"async\" src=\"https:\/\/www.encyklopediamalarstwa.pl\/wp-content\/uploads\/2024\/04\/Paula-Modersohn-Becker-Dzieci-z-gesiami-ok.-1901-585x461.jpg\" alt=\"Paula Modersohn-Becker - Dzieci z g\u0119siami (ok. 1901)\" title=\"Paula Modersohn-Becker &#8211; Dzieci z g\u0119siami (ok. 1901)\"><\/div><\/a><\/div><div class=\"item-gallery-masonry\"><a class=\"penci-gallery-ite item-link-relative\" href=\"https:\/\/www.encyklopediamalarstwa.pl\/wp-content\/uploads\/2024\/04\/Paula-Modersohn-Becker-dziewczynka-z-zoltym-wiankiem-we-wlosach-1902.jpg\" data-rel=\"penci-gallery-image-content\"  data-cap=\"Paula Modersohn-Becker - dziewczynka z \u017c\u00f3\u0142tym wiankiem we w\u0142osach (1902)\" data-rel=\"penci-gallery-image-content\" data-idwrap=\"penci-image_gallery_32249\"><div class=\"inner-item-masonry-gallery\"><span class=\"penci-isotope-padding\" style=\"padding-bottom:155.64202335%;\"><\/span><img decoding=\"async\" src=\"https:\/\/www.encyklopediamalarstwa.pl\/wp-content\/uploads\/2024\/04\/Paula-Modersohn-Becker-dziewczynka-z-zoltym-wiankiem-we-wlosach-1902.jpg\" alt=\"Paula Modersohn-Becker - dziewczynka z \u017c\u00f3\u0142tym wiankiem we w\u0142osach (1902)\" title=\"Paula Modersohn-Becker &#8211; dziewczynka z \u017c\u00f3\u0142tym wiankiem we w\u0142osach (1902)\"><\/div><\/a><\/div><div class=\"item-gallery-masonry\"><a class=\"penci-gallery-ite item-link-relative\" href=\"https:\/\/www.encyklopediamalarstwa.pl\/wp-content\/uploads\/2024\/04\/Paula-Modersohn-Becker-Glowa-dziewczyny-ok.-1905.jpg\" data-rel=\"penci-gallery-image-content\"  data-cap=\"Paula Modersohn-Becker - G\u0142owa dziewczyny (ok. 1905)\" data-rel=\"penci-gallery-image-content\" data-idwrap=\"penci-image_gallery_32249\"><div class=\"inner-item-masonry-gallery\"><span class=\"penci-isotope-padding\" style=\"padding-bottom:116.75213675%;\"><\/span><img decoding=\"async\" src=\"https:\/\/www.encyklopediamalarstwa.pl\/wp-content\/uploads\/2024\/04\/Paula-Modersohn-Becker-Glowa-dziewczyny-ok.-1905-585x683.jpg\" alt=\"Paula Modersohn-Becker - G\u0142owa dziewczyny (ok. 1905)\" title=\"Paula Modersohn-Becker &#8211; G\u0142owa dziewczyny (ok. 1905)\"><\/div><\/a><\/div><div class=\"item-gallery-masonry\"><a class=\"penci-gallery-ite item-link-relative\" href=\"https:\/\/www.encyklopediamalarstwa.pl\/wp-content\/uploads\/2024\/04\/Paula-Modersohn-Becker-Krajobraz-z-brzoza1899.jpg\" data-rel=\"penci-gallery-image-content\"  data-cap=\"Paula Modersohn-Becker - Krajobraz z brzoz\u0105 (1899)\" data-rel=\"penci-gallery-image-content\" data-idwrap=\"penci-image_gallery_32249\"><div class=\"inner-item-masonry-gallery\"><span class=\"penci-isotope-padding\" style=\"padding-bottom:131.28205128%;\"><\/span><img decoding=\"async\" src=\"https:\/\/www.encyklopediamalarstwa.pl\/wp-content\/uploads\/2024\/04\/Paula-Modersohn-Becker-Krajobraz-z-brzoza1899-585x768.jpg\" alt=\"Paula Modersohn-Becker - Krajobraz z brzoz\u0105 (1899)\" title=\"Paula Modersohn-Becker &#8211; Krajobraz z brzoz\u0105 (1899)\"><\/div><\/a><\/div><div class=\"item-gallery-masonry\"><a class=\"penci-gallery-ite item-link-relative\" href=\"https:\/\/www.encyklopediamalarstwa.pl\/wp-content\/uploads\/2024\/04\/Paula-Modersohn-Becker-Martwa-natura-z-jablkami-i-bananami-1905.jpg\" data-rel=\"penci-gallery-image-content\"  data-cap=\"Paula Modersohn-Becker - Martwa natura z jab\u0142kami i bananami (1905)\" data-rel=\"penci-gallery-image-content\" data-idwrap=\"penci-image_gallery_32249\"><div class=\"inner-item-masonry-gallery\"><span class=\"penci-isotope-padding\" style=\"padding-bottom:80.17094017%;\"><\/span><img decoding=\"async\" src=\"https:\/\/www.encyklopediamalarstwa.pl\/wp-content\/uploads\/2024\/04\/Paula-Modersohn-Becker-Martwa-natura-z-jablkami-i-bananami-1905-585x469.jpg\" alt=\"Paula Modersohn-Becker - Martwa natura z jab\u0142kami i bananami (1905)\" title=\"Paula Modersohn-Becker &#8211; Martwa natura z jab\u0142kami i bananami (1905)\"><\/div><\/a><\/div><div class=\"item-gallery-masonry\"><a class=\"penci-gallery-ite item-link-relative\" href=\"https:\/\/www.encyklopediamalarstwa.pl\/wp-content\/uploads\/2024\/04\/Paula-Modersohn-Becker-Martwa-natura-z-jablkami-i-zielonym-szklem-1906.jpg\" data-rel=\"penci-gallery-image-content\"  data-cap=\"Paula Modersohn-Becker - Martwa natura z jab\u0142kami i zielonym szk\u0142em (1906)\" data-rel=\"penci-gallery-image-content\" data-idwrap=\"penci-image_gallery_32249\"><div class=\"inner-item-masonry-gallery\"><span class=\"penci-isotope-padding\" style=\"padding-bottom:76.41025641%;\"><\/span><img decoding=\"async\" src=\"https:\/\/www.encyklopediamalarstwa.pl\/wp-content\/uploads\/2024\/04\/Paula-Modersohn-Becker-Martwa-natura-z-jablkami-i-zielonym-szklem-1906-585x447.jpg\" alt=\"Paula Modersohn-Becker - Martwa natura z jab\u0142kami i zielonym szk\u0142em (1906)\" title=\"Paula Modersohn-Becker &#8211; Martwa natura z jab\u0142kami i zielonym szk\u0142em (1906)\"><\/div><\/a><\/div><div class=\"item-gallery-masonry\"><a class=\"penci-gallery-ite item-link-relative\" href=\"https:\/\/www.encyklopediamalarstwa.pl\/wp-content\/uploads\/2024\/04\/Paula-Modersohn-Becker-Pien-brzozy-okolo-1902-1903.jpg\" data-rel=\"penci-gallery-image-content\"  data-cap=\"Paula Modersohn-Becker - Pie\u0144 brzozy (oko\u0142o 1902-1903)\" data-rel=\"penci-gallery-image-content\" data-idwrap=\"penci-image_gallery_32249\"><div class=\"inner-item-masonry-gallery\"><span class=\"penci-isotope-padding\" style=\"padding-bottom:126.49572650%;\"><\/span><img decoding=\"async\" src=\"https:\/\/www.encyklopediamalarstwa.pl\/wp-content\/uploads\/2024\/04\/Paula-Modersohn-Becker-Pien-brzozy-okolo-1902-1903-585x740.jpg\" alt=\"Paula Modersohn-Becker - Pie\u0144 brzozy (oko\u0142o 1902-1903)\" title=\"Paula Modersohn-Becker &#8211; Pie\u0144 brzozy (oko\u0142o 1902-1903)\"><\/div><\/a><\/div><div class=\"item-gallery-masonry\"><a class=\"penci-gallery-ite item-link-relative\" href=\"https:\/\/www.encyklopediamalarstwa.pl\/wp-content\/uploads\/2024\/04\/Paula-Modersohn-Becker-Portret-Lee-Hoetgera-z-kwiatem-1906.jpg\" data-rel=\"penci-gallery-image-content\"  data-cap=\"Paula Modersohn-Becker - Portret Lee Hoetgera z kwiatem (1906)\" data-rel=\"penci-gallery-image-content\" data-idwrap=\"penci-image_gallery_32249\"><div class=\"inner-item-masonry-gallery\"><span class=\"penci-isotope-padding\" style=\"padding-bottom:164.94845361%;\"><\/span><img decoding=\"async\" src=\"https:\/\/www.encyklopediamalarstwa.pl\/wp-content\/uploads\/2024\/04\/Paula-Modersohn-Becker-Portret-Lee-Hoetgera-z-kwiatem-1906.jpg\" alt=\"Paula Modersohn-Becker - Portret Lee Hoetgera z kwiatem (1906)\" title=\"Paula Modersohn-Becker &#8211; Portret Lee Hoetgera z kwiatem (1906)\"><\/div><\/a><\/div><div class=\"item-gallery-masonry\"><a class=\"penci-gallery-ite item-link-relative\" href=\"https:\/\/www.encyklopediamalarstwa.pl\/wp-content\/uploads\/2024\/04\/Pejzaz-wieczorny-1904.jpg\" data-rel=\"penci-gallery-image-content\"  data-cap=\"Pejza\u017c wieczorny (1904)\" data-rel=\"penci-gallery-image-content\" data-idwrap=\"penci-image_gallery_32249\"><div class=\"inner-item-masonry-gallery\"><span class=\"penci-isotope-padding\" style=\"padding-bottom:75.04273504%;\"><\/span><img decoding=\"async\" src=\"https:\/\/www.encyklopediamalarstwa.pl\/wp-content\/uploads\/2024\/04\/Pejzaz-wieczorny-1904-585x439.jpg\" alt=\"Pejza\u017c wieczorny (1904)\" title=\"Pejza\u017c wieczorny (1904)\"><\/div><\/a><\/div><div class=\"item-gallery-masonry\"><a class=\"penci-gallery-ite item-link-relative\" href=\"https:\/\/www.encyklopediamalarstwa.pl\/wp-content\/uploads\/2024\/04\/Pejzaz-z-brzozami-w-tle-szczyty-dwoch-domow-1900.jpg\" data-rel=\"penci-gallery-image-content\"  data-cap=\"Pejza\u017c z brzozami, w tle szczyty dw\u00f3ch dom\u00f3w (1900)\" data-rel=\"penci-gallery-image-content\" data-idwrap=\"penci-image_gallery_32249\"><div class=\"inner-item-masonry-gallery\"><span class=\"penci-isotope-padding\" style=\"padding-bottom:137.94871795%;\"><\/span><img decoding=\"async\" src=\"https:\/\/www.encyklopediamalarstwa.pl\/wp-content\/uploads\/2024\/04\/Pejzaz-z-brzozami-w-tle-szczyty-dwoch-domow-1900-585x807.jpg\" alt=\"Pejza\u017c z brzozami, w tle szczyty dw\u00f3ch dom\u00f3w (1900)\" title=\"Pejza\u017c z brzozami, w tle szczyty dw\u00f3ch dom\u00f3w (1900)\"><\/div><\/a><\/div><div class=\"item-gallery-masonry\"><a class=\"penci-gallery-ite item-link-relative\" href=\"https:\/\/www.encyklopediamalarstwa.pl\/wp-content\/uploads\/2024\/04\/Piecioro-dzieci-na-zboczu-Elsbeth-po-prawej-1902.jpg\" data-rel=\"penci-gallery-image-content\"  data-cap=\"Pi\u0119cioro dzieci na zboczu, Elsbeth po prawej (1902)\" data-rel=\"penci-gallery-image-content\" data-idwrap=\"penci-image_gallery_32249\"><div class=\"inner-item-masonry-gallery\"><span class=\"penci-isotope-padding\" style=\"padding-bottom:70.08547009%;\"><\/span><img decoding=\"async\" src=\"https:\/\/www.encyklopediamalarstwa.pl\/wp-content\/uploads\/2024\/04\/Piecioro-dzieci-na-zboczu-Elsbeth-po-prawej-1902-585x410.jpg\" alt=\"Pi\u0119cioro dzieci na zboczu, Elsbeth po prawej (1902)\" title=\"Pi\u0119cioro dzieci na zboczu, Elsbeth po prawej (1902)\"><\/div><\/a><\/div><div class=\"item-gallery-masonry\"><a class=\"penci-gallery-ite item-link-relative\" href=\"https:\/\/www.encyklopediamalarstwa.pl\/wp-content\/uploads\/2024\/04\/Portret-chlopca-przed-jabloniami-1901.jpg\" data-rel=\"penci-gallery-image-content\"  data-cap=\"Portret ch\u0142opca przed jab\u0142oniami (1901)\" data-rel=\"penci-gallery-image-content\" data-idwrap=\"penci-image_gallery_32249\"><div class=\"inner-item-masonry-gallery\"><span class=\"penci-isotope-padding\" style=\"padding-bottom:72.13675214%;\"><\/span><img decoding=\"async\" src=\"https:\/\/www.encyklopediamalarstwa.pl\/wp-content\/uploads\/2024\/04\/Portret-chlopca-przed-jabloniami-1901-585x422.jpg\" alt=\"Portret ch\u0142opca przed jab\u0142oniami (1901)\" title=\"Portret ch\u0142opca przed jab\u0142oniami (1901)\"><\/div><\/a><\/div><div class=\"item-gallery-masonry\"><a class=\"penci-gallery-ite item-link-relative\" href=\"https:\/\/www.encyklopediamalarstwa.pl\/wp-content\/uploads\/2024\/04\/Portret-dziewczynki-1901.jpg\" data-rel=\"penci-gallery-image-content\"  data-cap=\"Portret dziewczynki (1901)\" data-rel=\"penci-gallery-image-content\" data-idwrap=\"penci-image_gallery_32249\"><div class=\"inner-item-masonry-gallery\"><span class=\"penci-isotope-padding\" style=\"padding-bottom:70.42735043%;\"><\/span><img decoding=\"async\" src=\"https:\/\/www.encyklopediamalarstwa.pl\/wp-content\/uploads\/2024\/04\/Portret-dziewczynki-1901-585x412.jpg\" alt=\"Portret dziewczynki (1901)\" title=\"Portret dziewczynki (1901)\"><\/div><\/a><\/div><div class=\"item-gallery-masonry\"><a class=\"penci-gallery-ite item-link-relative\" href=\"https:\/\/www.encyklopediamalarstwa.pl\/wp-content\/uploads\/2024\/04\/Siedzaca-staruszka-ok.-1905.jpg\" data-rel=\"penci-gallery-image-content\"  data-cap=\"Siedz\u0105ca staruszka (ok. 1905)\" data-rel=\"penci-gallery-image-content\" data-idwrap=\"penci-image_gallery_32249\"><div class=\"inner-item-masonry-gallery\"><span class=\"penci-isotope-padding\" style=\"padding-bottom:129.40170940%;\"><\/span><img decoding=\"async\" src=\"https:\/\/www.encyklopediamalarstwa.pl\/wp-content\/uploads\/2024\/04\/Siedzaca-staruszka-ok.-1905-585x757.jpg\" alt=\"Siedz\u0105ca staruszka (ok. 1905)\" title=\"Siedz\u0105ca staruszka (ok. 1905)\"><\/div><\/a><\/div><div class=\"item-gallery-masonry\"><a class=\"penci-gallery-ite item-link-relative\" href=\"https:\/\/www.encyklopediamalarstwa.pl\/wp-content\/uploads\/2024\/04\/Stara-biedna-kobieta-ze-szklana-kula-i-makami-1907.jpg\" data-rel=\"penci-gallery-image-content\"  data-cap=\"Stara biedna kobieta ze szklan\u0105 kul\u0105 i makami (1907)\" data-rel=\"penci-gallery-image-content\" data-idwrap=\"penci-image_gallery_32249\"><div class=\"inner-item-masonry-gallery\"><span class=\"penci-isotope-padding\" style=\"padding-bottom:118.97435897%;\"><\/span><img decoding=\"async\" src=\"https:\/\/www.encyklopediamalarstwa.pl\/wp-content\/uploads\/2024\/04\/Stara-biedna-kobieta-ze-szklana-kula-i-makami-1907-585x696.jpg\" alt=\"Stara biedna kobieta ze szklan\u0105 kul\u0105 i makami (1907)\" title=\"Stara biedna kobieta ze szklan\u0105 kul\u0105 i makami (1907)\"><\/div><\/a><\/div><div class=\"item-gallery-masonry\"><a class=\"penci-gallery-ite item-link-relative\" href=\"https:\/\/www.encyklopediamalarstwa.pl\/wp-content\/uploads\/2024\/04\/Zona-rolnika-z-dwiema-kozami-przed-gospodarstwem-okolo-1902-r.jpg\" data-rel=\"penci-gallery-image-content\"  data-cap=\"\u017bona rolnika z dwiema kozami przed gospodarstwem (oko\u0142o 1902 r.)\" data-rel=\"penci-gallery-image-content\" data-idwrap=\"penci-image_gallery_32249\"><div class=\"inner-item-masonry-gallery\"><span class=\"penci-isotope-padding\" style=\"padding-bottom:67.35042735%;\"><\/span><img decoding=\"async\" src=\"https:\/\/www.encyklopediamalarstwa.pl\/wp-content\/uploads\/2024\/04\/Zona-rolnika-z-dwiema-kozami-przed-gospodarstwem-okolo-1902-r-585x394.jpg\" alt=\"\u017bona rolnika z dwiema kozami przed gospodarstwem (oko\u0142o 1902 r.)\" title=\"\u017bona rolnika z dwiema kozami przed gospodarstwem (oko\u0142o 1902 r.)\"><\/div><\/a><\/div><\/div><\/div>            <\/div>\n        <\/div>\n\t\t\t\t<\/div>\n\t\t\t\t<\/div>\n\t\t\t\t\t<\/div>\n\t\t\t\t<\/div>\n\t\t\t\t\t\t\t<\/div>\n\t\t","protected":false},"excerpt":{"rendered":"<p>Paula Modersohn-Becker (ur. 8 lutego 1876, zm. 20 listopada 1907) by\u0142a niemieck\u0105 malark\u0105 uznawan\u0105 za jedn\u0105 z pionierek sztuki modernistycznej oraz za jedn\u0105 z najwa\u017cniejszych postaci ekspresjonizmu w Niemczech prze\u0142omu&hellip;<\/p>\n","protected":false},"author":1,"featured_media":3378,"comment_status":"open","ping_status":"open","sticky":false,"template":"","format":"standard","meta":{"content-type":"","om_disable_all_campaigns":false,"_monsterinsights_skip_tracking":false,"_monsterinsights_sitenote_active":false,"_monsterinsights_sitenote_note":"","_monsterinsights_sitenote_category":0,"footnotes":""},"categories":[61],"tags":[103],"class_list":["post-3355","post","type-post","status-publish","format-standard","has-post-thumbnail","hentry","category-ekspresjonizm","tag-niemiecki-malarz"],"yoast_head":"<!-- This site is optimized with the Yoast SEO plugin v21.7 - https:\/\/yoast.com\/wordpress\/plugins\/seo\/ -->\n<title>Paula Modersohn-Becker - Encyklopedia Malarstwa<\/title>\n<meta name=\"description\" content=\"Paula Modersohn-Becker by\u0142a niemieck\u0105 malark\u0105 uznawan\u0105 za jedn\u0105 z pionierek sztuki modernistycznej oraz ekspresjonizmu w Niemczech\" \/>\n<meta name=\"robots\" content=\"index, follow, max-snippet:-1, max-image-preview:large, max-video-preview:-1\" \/>\n<link rel=\"canonical\" href=\"https:\/\/www.encyklopediamalarstwa.pl\/index.php\/2024\/03\/14\/paula-modersohn-becker\/\" \/>\n<meta property=\"og:locale\" content=\"pl_PL\" \/>\n<meta property=\"og:type\" content=\"article\" \/>\n<meta property=\"og:title\" content=\"Paula Modersohn-Becker - Encyklopedia Malarstwa\" \/>\n<meta property=\"og:description\" content=\"Paula Modersohn-Becker by\u0142a niemieck\u0105 malark\u0105 uznawan\u0105 za jedn\u0105 z pionierek sztuki modernistycznej oraz ekspresjonizmu w Niemczech\" \/>\n<meta property=\"og:url\" content=\"https:\/\/www.encyklopediamalarstwa.pl\/index.php\/2024\/03\/14\/paula-modersohn-becker\/\" \/>\n<meta property=\"og:site_name\" content=\"Encyklopedia Malarstwa\" \/>\n<meta property=\"article:published_time\" content=\"2024-03-14T22:11:03+00:00\" \/>\n<meta property=\"article:modified_time\" content=\"2024-04-04T21:17:11+00:00\" \/>\n<meta property=\"og:image\" content=\"https:\/\/www.encyklopediamalarstwa.pl\/wp-content\/uploads\/2024\/04\/Paula-Modersohn-Becker-Autoportret-na-zielonym-tle-z-niebieska-teczowka-lata-1900-1907.jpg\" \/>\n\t<meta property=\"og:image:width\" content=\"679\" \/>\n\t<meta property=\"og:image:height\" content=\"800\" \/>\n\t<meta property=\"og:image:type\" content=\"image\/jpeg\" \/>\n<meta name=\"author\" content=\"admin\" \/>\n<meta name=\"twitter:card\" content=\"summary_large_image\" \/>\n<meta name=\"twitter:label1\" content=\"Napisane przez\" \/>\n\t<meta name=\"twitter:data1\" content=\"admin\" \/>\n\t<meta name=\"twitter:label2\" content=\"Szacowany czas czytania\" \/>\n\t<meta name=\"twitter:data2\" content=\"13 minut\" \/>\n<script type=\"application\/ld+json\" class=\"yoast-schema-graph\">{\"@context\":\"https:\/\/schema.org\",\"@graph\":[{\"@type\":\"Article\",\"@id\":\"https:\/\/www.encyklopediamalarstwa.pl\/index.php\/2024\/03\/14\/paula-modersohn-becker\/#article\",\"isPartOf\":{\"@id\":\"https:\/\/www.encyklopediamalarstwa.pl\/index.php\/2024\/03\/14\/paula-modersohn-becker\/\"},\"author\":{\"name\":\"admin\",\"@id\":\"https:\/\/www.encyklopediamalarstwa.pl\/#\/schema\/person\/1a6b3ac5c26a28667ef7613105b7c5d6\"},\"headline\":\"Paula Modersohn-Becker\",\"datePublished\":\"2024-03-14T22:11:03+00:00\",\"dateModified\":\"2024-04-04T21:17:11+00:00\",\"mainEntityOfPage\":{\"@id\":\"https:\/\/www.encyklopediamalarstwa.pl\/index.php\/2024\/03\/14\/paula-modersohn-becker\/\"},\"wordCount\":481,\"commentCount\":0,\"publisher\":{\"@id\":\"https:\/\/www.encyklopediamalarstwa.pl\/#\/schema\/person\/1a6b3ac5c26a28667ef7613105b7c5d6\"},\"keywords\":[\"niemiecki malarz\"],\"articleSection\":[\"Ekspresjonizm\"],\"inLanguage\":\"pl-PL\",\"potentialAction\":[{\"@type\":\"CommentAction\",\"name\":\"Comment\",\"target\":[\"https:\/\/www.encyklopediamalarstwa.pl\/index.php\/2024\/03\/14\/paula-modersohn-becker\/#respond\"]}]},{\"@type\":\"WebPage\",\"@id\":\"https:\/\/www.encyklopediamalarstwa.pl\/index.php\/2024\/03\/14\/paula-modersohn-becker\/\",\"url\":\"https:\/\/www.encyklopediamalarstwa.pl\/index.php\/2024\/03\/14\/paula-modersohn-becker\/\",\"name\":\"Paula Modersohn-Becker - Encyklopedia Malarstwa\",\"isPartOf\":{\"@id\":\"https:\/\/www.encyklopediamalarstwa.pl\/#website\"},\"datePublished\":\"2024-03-14T22:11:03+00:00\",\"dateModified\":\"2024-04-04T21:17:11+00:00\",\"description\":\"Paula Modersohn-Becker by\u0142a niemieck\u0105 malark\u0105 uznawan\u0105 za jedn\u0105 z pionierek sztuki modernistycznej oraz ekspresjonizmu w Niemczech\",\"breadcrumb\":{\"@id\":\"https:\/\/www.encyklopediamalarstwa.pl\/index.php\/2024\/03\/14\/paula-modersohn-becker\/#breadcrumb\"},\"inLanguage\":\"pl-PL\",\"potentialAction\":[{\"@type\":\"ReadAction\",\"target\":[\"https:\/\/www.encyklopediamalarstwa.pl\/index.php\/2024\/03\/14\/paula-modersohn-becker\/\"]}]},{\"@type\":\"BreadcrumbList\",\"@id\":\"https:\/\/www.encyklopediamalarstwa.pl\/index.php\/2024\/03\/14\/paula-modersohn-becker\/#breadcrumb\",\"itemListElement\":[{\"@type\":\"ListItem\",\"position\":1,\"name\":\"Strona g\u0142\u00f3wna\",\"item\":\"https:\/\/www.encyklopediamalarstwa.pl\/\"},{\"@type\":\"ListItem\",\"position\":2,\"name\":\"Paula Modersohn-Becker\"}]},{\"@type\":\"WebSite\",\"@id\":\"https:\/\/www.encyklopediamalarstwa.pl\/#website\",\"url\":\"https:\/\/www.encyklopediamalarstwa.pl\/\",\"name\":\"Encyklopedia Malarstwa\",\"description\":\"Sztuka w Twoim domu\",\"publisher\":{\"@id\":\"https:\/\/www.encyklopediamalarstwa.pl\/#\/schema\/person\/1a6b3ac5c26a28667ef7613105b7c5d6\"},\"potentialAction\":[{\"@type\":\"SearchAction\",\"target\":{\"@type\":\"EntryPoint\",\"urlTemplate\":\"https:\/\/www.encyklopediamalarstwa.pl\/?s={search_term_string}\"},\"query-input\":\"required name=search_term_string\"}],\"inLanguage\":\"pl-PL\"},{\"@type\":[\"Person\",\"Organization\"],\"@id\":\"https:\/\/www.encyklopediamalarstwa.pl\/#\/schema\/person\/1a6b3ac5c26a28667ef7613105b7c5d6\",\"name\":\"admin\",\"image\":{\"@type\":\"ImageObject\",\"inLanguage\":\"pl-PL\",\"@id\":\"https:\/\/www.encyklopediamalarstwa.pl\/#\/schema\/person\/image\/\",\"url\":\"https:\/\/www.encyklopediamalarstwa.pl\/wp-content\/uploads\/2023\/11\/avatar.png\",\"contentUrl\":\"https:\/\/www.encyklopediamalarstwa.pl\/wp-content\/uploads\/2023\/11\/avatar.png\",\"width\":688,\"height\":748,\"caption\":\"admin\"},\"logo\":{\"@id\":\"https:\/\/www.encyklopediamalarstwa.pl\/#\/schema\/person\/image\/\"},\"sameAs\":[\"https:\/\/www.encyklopediamalarstwa.pl\"],\"url\":\"https:\/\/www.encyklopediamalarstwa.pl\/index.php\/author\/admin\/\"}]}<\/script>\n<!-- \/ Yoast SEO plugin. -->","yoast_head_json":{"title":"Paula Modersohn-Becker - Encyklopedia Malarstwa","description":"Paula Modersohn-Becker by\u0142a niemieck\u0105 malark\u0105 uznawan\u0105 za jedn\u0105 z pionierek sztuki modernistycznej oraz ekspresjonizmu w Niemczech","robots":{"index":"index","follow":"follow","max-snippet":"max-snippet:-1","max-image-preview":"max-image-preview:large","max-video-preview":"max-video-preview:-1"},"canonical":"https:\/\/www.encyklopediamalarstwa.pl\/index.php\/2024\/03\/14\/paula-modersohn-becker\/","og_locale":"pl_PL","og_type":"article","og_title":"Paula Modersohn-Becker - Encyklopedia Malarstwa","og_description":"Paula Modersohn-Becker by\u0142a niemieck\u0105 malark\u0105 uznawan\u0105 za jedn\u0105 z pionierek sztuki modernistycznej oraz ekspresjonizmu w Niemczech","og_url":"https:\/\/www.encyklopediamalarstwa.pl\/index.php\/2024\/03\/14\/paula-modersohn-becker\/","og_site_name":"Encyklopedia Malarstwa","article_published_time":"2024-03-14T22:11:03+00:00","article_modified_time":"2024-04-04T21:17:11+00:00","og_image":[{"width":679,"height":800,"url":"https:\/\/www.encyklopediamalarstwa.pl\/wp-content\/uploads\/2024\/04\/Paula-Modersohn-Becker-Autoportret-na-zielonym-tle-z-niebieska-teczowka-lata-1900-1907.jpg","type":"image\/jpeg"}],"author":"admin","twitter_card":"summary_large_image","twitter_misc":{"Napisane przez":"admin","Szacowany czas czytania":"13 minut"},"schema":{"@context":"https:\/\/schema.org","@graph":[{"@type":"Article","@id":"https:\/\/www.encyklopediamalarstwa.pl\/index.php\/2024\/03\/14\/paula-modersohn-becker\/#article","isPartOf":{"@id":"https:\/\/www.encyklopediamalarstwa.pl\/index.php\/2024\/03\/14\/paula-modersohn-becker\/"},"author":{"name":"admin","@id":"https:\/\/www.encyklopediamalarstwa.pl\/#\/schema\/person\/1a6b3ac5c26a28667ef7613105b7c5d6"},"headline":"Paula Modersohn-Becker","datePublished":"2024-03-14T22:11:03+00:00","dateModified":"2024-04-04T21:17:11+00:00","mainEntityOfPage":{"@id":"https:\/\/www.encyklopediamalarstwa.pl\/index.php\/2024\/03\/14\/paula-modersohn-becker\/"},"wordCount":481,"commentCount":0,"publisher":{"@id":"https:\/\/www.encyklopediamalarstwa.pl\/#\/schema\/person\/1a6b3ac5c26a28667ef7613105b7c5d6"},"keywords":["niemiecki malarz"],"articleSection":["Ekspresjonizm"],"inLanguage":"pl-PL","potentialAction":[{"@type":"CommentAction","name":"Comment","target":["https:\/\/www.encyklopediamalarstwa.pl\/index.php\/2024\/03\/14\/paula-modersohn-becker\/#respond"]}]},{"@type":"WebPage","@id":"https:\/\/www.encyklopediamalarstwa.pl\/index.php\/2024\/03\/14\/paula-modersohn-becker\/","url":"https:\/\/www.encyklopediamalarstwa.pl\/index.php\/2024\/03\/14\/paula-modersohn-becker\/","name":"Paula Modersohn-Becker - Encyklopedia Malarstwa","isPartOf":{"@id":"https:\/\/www.encyklopediamalarstwa.pl\/#website"},"datePublished":"2024-03-14T22:11:03+00:00","dateModified":"2024-04-04T21:17:11+00:00","description":"Paula Modersohn-Becker by\u0142a niemieck\u0105 malark\u0105 uznawan\u0105 za jedn\u0105 z pionierek sztuki modernistycznej oraz ekspresjonizmu w Niemczech","breadcrumb":{"@id":"https:\/\/www.encyklopediamalarstwa.pl\/index.php\/2024\/03\/14\/paula-modersohn-becker\/#breadcrumb"},"inLanguage":"pl-PL","potentialAction":[{"@type":"ReadAction","target":["https:\/\/www.encyklopediamalarstwa.pl\/index.php\/2024\/03\/14\/paula-modersohn-becker\/"]}]},{"@type":"BreadcrumbList","@id":"https:\/\/www.encyklopediamalarstwa.pl\/index.php\/2024\/03\/14\/paula-modersohn-becker\/#breadcrumb","itemListElement":[{"@type":"ListItem","position":1,"name":"Strona g\u0142\u00f3wna","item":"https:\/\/www.encyklopediamalarstwa.pl\/"},{"@type":"ListItem","position":2,"name":"Paula Modersohn-Becker"}]},{"@type":"WebSite","@id":"https:\/\/www.encyklopediamalarstwa.pl\/#website","url":"https:\/\/www.encyklopediamalarstwa.pl\/","name":"Encyklopedia Malarstwa","description":"Sztuka w Twoim domu","publisher":{"@id":"https:\/\/www.encyklopediamalarstwa.pl\/#\/schema\/person\/1a6b3ac5c26a28667ef7613105b7c5d6"},"potentialAction":[{"@type":"SearchAction","target":{"@type":"EntryPoint","urlTemplate":"https:\/\/www.encyklopediamalarstwa.pl\/?s={search_term_string}"},"query-input":"required name=search_term_string"}],"inLanguage":"pl-PL"},{"@type":["Person","Organization"],"@id":"https:\/\/www.encyklopediamalarstwa.pl\/#\/schema\/person\/1a6b3ac5c26a28667ef7613105b7c5d6","name":"admin","image":{"@type":"ImageObject","inLanguage":"pl-PL","@id":"https:\/\/www.encyklopediamalarstwa.pl\/#\/schema\/person\/image\/","url":"https:\/\/www.encyklopediamalarstwa.pl\/wp-content\/uploads\/2023\/11\/avatar.png","contentUrl":"https:\/\/www.encyklopediamalarstwa.pl\/wp-content\/uploads\/2023\/11\/avatar.png","width":688,"height":748,"caption":"admin"},"logo":{"@id":"https:\/\/www.encyklopediamalarstwa.pl\/#\/schema\/person\/image\/"},"sameAs":["https:\/\/www.encyklopediamalarstwa.pl"],"url":"https:\/\/www.encyklopediamalarstwa.pl\/index.php\/author\/admin\/"}]}},"_links":{"self":[{"href":"https:\/\/www.encyklopediamalarstwa.pl\/index.php\/wp-json\/wp\/v2\/posts\/3355","targetHints":{"allow":["GET"]}}],"collection":[{"href":"https:\/\/www.encyklopediamalarstwa.pl\/index.php\/wp-json\/wp\/v2\/posts"}],"about":[{"href":"https:\/\/www.encyklopediamalarstwa.pl\/index.php\/wp-json\/wp\/v2\/types\/post"}],"author":[{"embeddable":true,"href":"https:\/\/www.encyklopediamalarstwa.pl\/index.php\/wp-json\/wp\/v2\/users\/1"}],"replies":[{"embeddable":true,"href":"https:\/\/www.encyklopediamalarstwa.pl\/index.php\/wp-json\/wp\/v2\/comments?post=3355"}],"version-history":[{"count":11,"href":"https:\/\/www.encyklopediamalarstwa.pl\/index.php\/wp-json\/wp\/v2\/posts\/3355\/revisions"}],"predecessor-version":[{"id":3406,"href":"https:\/\/www.encyklopediamalarstwa.pl\/index.php\/wp-json\/wp\/v2\/posts\/3355\/revisions\/3406"}],"wp:featuredmedia":[{"embeddable":true,"href":"https:\/\/www.encyklopediamalarstwa.pl\/index.php\/wp-json\/wp\/v2\/media\/3378"}],"wp:attachment":[{"href":"https:\/\/www.encyklopediamalarstwa.pl\/index.php\/wp-json\/wp\/v2\/media?parent=3355"}],"wp:term":[{"taxonomy":"category","embeddable":true,"href":"https:\/\/www.encyklopediamalarstwa.pl\/index.php\/wp-json\/wp\/v2\/categories?post=3355"},{"taxonomy":"post_tag","embeddable":true,"href":"https:\/\/www.encyklopediamalarstwa.pl\/index.php\/wp-json\/wp\/v2\/tags?post=3355"}],"curies":[{"name":"wp","href":"https:\/\/api.w.org\/{rel}","templated":true}]}}