{"id":3220,"date":"2024-03-07T11:26:26","date_gmt":"2024-03-07T10:26:26","guid":{"rendered":"https:\/\/www.encyklopediamalarstwa.pl\/?p=3220"},"modified":"2024-03-22T11:28:18","modified_gmt":"2024-03-22T10:28:18","slug":"lucas-van-leyden","status":"publish","type":"post","link":"https:\/\/www.encyklopediamalarstwa.pl\/index.php\/2024\/03\/07\/lucas-van-leyden\/","title":{"rendered":"Lucas van Leyden"},"content":{"rendered":"\t\t<div data-elementor-type=\"wp-post\" data-elementor-id=\"3220\" class=\"elementor elementor-3220\">\n\t\t\t\t\t\t\t<div class=\"elementor-element elementor-element-69b9b09 e-flex e-con-boxed e-con e-parent\" data-id=\"69b9b09\" data-element_type=\"container\" data-settings=\"{&quot;content_width&quot;:&quot;boxed&quot;}\" data-core-v316-plus=\"true\">\n\t\t\t\t\t<div class=\"e-con-inner\">\n\t\t\t\t<div class=\"elementor-element elementor-element-6b40b4d elementor-widget elementor-widget-text-editor\" data-id=\"6b40b4d\" data-element_type=\"widget\" data-widget_type=\"text-editor.default\">\n\t\t\t\t<div class=\"elementor-widget-container\">\n\t\t\t<style>\/*! elementor - v3.18.0 - 08-12-2023 *\/\n.elementor-widget-text-editor.elementor-drop-cap-view-stacked .elementor-drop-cap{background-color:#69727d;color:#fff}.elementor-widget-text-editor.elementor-drop-cap-view-framed .elementor-drop-cap{color:#69727d;border:3px solid;background-color:transparent}.elementor-widget-text-editor:not(.elementor-drop-cap-view-default) .elementor-drop-cap{margin-top:8px}.elementor-widget-text-editor:not(.elementor-drop-cap-view-default) .elementor-drop-cap-letter{width:1em;height:1em}.elementor-widget-text-editor .elementor-drop-cap{float:left;text-align:center;line-height:1;font-size:50px}.elementor-widget-text-editor .elementor-drop-cap-letter{display:inline-block}<\/style>\t\t\t\t<h1>Lucas van Leyden: Niderlandzki Malarz i Grafik<\/h1><p>Lucas van Leyden, znany r\u00f3wnie\u017c jako Lucas Hugensz, urodzi\u0142 si\u0119 w\u00a0<strong>1494 roku w Lejdzie<\/strong>\u00a0i zmar\u0142 w tej samej miejscowo\u015bci w\u00a0<strong>1533 roku<\/strong>. By\u0142 wybitnym artyst\u0105 dzia\u0142aj\u0105cym na prze\u0142omie\u00a0<strong>p\u00f3\u017anego \u015bredniowiecza i renesansu<\/strong>. Jego tw\u00f3rczo\u015b\u0107 obejmuje zar\u00f3wno malarstwo, jak i grafik\u0119.<\/p><h2>Wczesne Lata i Edukacja<\/h2><p>\u00a0Lucas rozpocz\u0105\u0142 nauk\u0119 podstaw malarstwa u swojego ojca, <strong>Huygha Jacobsza<\/strong>\u00a0(1480-1538). W\u0142asn\u0105 dzia\u0142alno\u015b\u0107 artystyczn\u0105 rozpocz\u0105\u0142 w\u00a0<strong>1509 roku<\/strong>, pracuj\u0105c w pracowni\u00a0<strong>Cornelisa Engebrechtsz\u2019a<\/strong>\u00a0(ok. 1465-1527). W\u00a0<strong>1521 roku<\/strong>\u00a0spotka\u0142 si\u0119 w Antwerpii z\u00a0<strong>Albrechtem D\u00fcrerem<\/strong>, kt\u00f3ry sportretowa\u0142 go (obraz znajduje si\u0119 w Mus\u00e9e des Beaux Arts w Lille).<\/p><h2>Tw\u00f3rczo\u015b\u0107 i Eksperymenty<\/h2><p>Tw\u00f3rczo\u015b\u0107 malarza nie jest jednolita pod wzgl\u0119dem stylu. Artysta nieustannie eksperymentowa\u0142 i przerabia\u0142 liczne pomys\u0142y. Jego obrazy nie by\u0142y datowane, co utrudnia systematyzacj\u0119. Jednak przegl\u0105d jego dorobku mo\u017cna dokona\u0107 na przyk\u0142adzie miedzioryt\u00f3w. Miedzioryt <strong>\u201cMohamed i mnich Sergiusz\u201d<\/strong>\u00a0z\u00a0<strong>1508 roku<\/strong>\u00a0to dzie\u0142o najwcze\u015bniej datowane, wskazuj\u0105ce na \u015bwietnie opanowan\u0105 technik\u0119 miedziorytnicz\u0105. Lucas van Leyden pozostawi\u0142\u00a0<strong>175 sztych\u00f3w<\/strong>\u00a0i\u00a0<strong>110 grafik<\/strong>.<\/p><p>Warto wspomnie\u0107 o kilku wa\u017cnych dzie\u0142ach Lucasa van Leyden:<\/p><ol><li><strong>Tryptyk Moj\u017cesz wydobywaj\u0105cy wod\u0119 ze ska\u0142y (1527)<\/strong>\u00a0\u2013 obraz o wymiarach\u00a0<strong>182,5 \u00d7 237 cm<\/strong>, znajduj\u0105cy si\u0119 w\u00a0<strong>Museum of Fine Arts w Bostonie<\/strong>.<\/li><li><a href=\"https:\/\/pl.wikipedia.org\/wiki\/Lucas_van_Leyden#\/media\/Plik:Hetlaatsteoordeel.jpg\"><strong>S\u0105d Ostateczny (1526-27)<\/strong><\/a>\u00a0\u2013 monumentalny tryptyk o wymiarach\u00a0<strong>269,5 \u00d7 185 cm + 265 \u00d7 76,5 cm<\/strong>, eksponowany w\u00a0<strong>Stedelijk Museum Lakenhal w Lejdzie<\/strong>.<\/li><li><a href=\"https:\/\/pl.wikipedia.org\/wiki\/Taniec_ze_z%C5%82otym_cielcem\"><strong>Taniec ze z\u0142otym cielcem (1528-30)<\/strong><\/a>\u00a0\u2013 obraz o wymiarach\u00a0<strong>93 \u00d7 67 cm + 91 \u00d7 30 cm<\/strong>, znajduj\u0105cy si\u0119 w\u00a0<strong>Rijksmuseum w Amsterdamie<\/strong>.<\/li><li><a href=\"https:\/\/pl.wikipedia.org\/wiki\/Lucas_van_Leyden#\/media\/Plik:Leyden,_Lucas_van_%E2%80%94_Healing_of_Blind_Man_of_Jericho_(triptych)_%E2%80%94_Hermitage_Museum,_%D0%93%D0%AD-407.jpg\"><strong>Uzdrowienie \u015blepca z Jerycha (1531)<\/strong>\u00a0<\/a>\u2013 dzie\u0142o o wymiarach\u00a0<strong>115,5 \u00d7 150,5 cm + 89 \u00d7 33,5 cm<\/strong>, prezentowane w\u00a0<strong>Ermita\u017cu w Sankt Petersburgu<\/strong>.<\/li><\/ol><p>Lucas by\u0142 r\u00f3wnie\u017c autorem wielu innych dzie\u0142, w tym portret\u00f3w, scen religijnych i obraz\u00f3w rodzajowych. Jego tw\u00f3rczo\u015b\u0107 stanowi wa\u017cny wk\u0142ad w histori\u0119 sztuki niderlandzkiej i europejskiej.<\/p><h2>\u0179r\u00f3d\u0142a:<\/h2><ol><li>https:\/\/en.wikipedia.org\/wiki\/Lucas_van_Leyden<\/li><li>https:\/\/www.wikiart.org\/en\/lucas-van-leyden<\/li><li>https:\/\/pl.wikipedia.org\/wiki\/Lucas_van_Leyden<\/li><\/ol>\t\t\t\t\t\t<\/div>\n\t\t\t\t<\/div>\n\t\t\t\t\t<\/div>\n\t\t\t\t<\/div>\n\t\t<div class=\"elementor-element elementor-element-ebd01fa e-flex e-con-boxed e-con e-parent\" data-id=\"ebd01fa\" data-element_type=\"container\" data-settings=\"{&quot;content_width&quot;:&quot;boxed&quot;}\" data-core-v316-plus=\"true\">\n\t\t\t\t\t<div class=\"e-con-inner\">\n\t\t\t\t<div class=\"elementor-element elementor-element-e4af509 elementor-widget elementor-widget-penci-image-gallery\" data-id=\"e4af509\" data-element_type=\"widget\" data-widget_type=\"penci-image-gallery.default\">\n\t\t\t\t<div class=\"elementor-widget-container\">\n\t\t\t        <div data-sliderid=\"29695\" id=\"penci-image_gallery_29695\"\n             class=\"penci-block-vc penci-image-gallery penci-image-gallery-masonry\">\n\t\t\t        <div class=\"penci-border-arrow penci-homepage-title penci-home-latest-posts style-1 pcalign-center pciconp-right pcicon-right block-title-icon-left\">\r\n            <h3 class=\"inner-arrow\">\r\n                <span>\r\n                    <span>Lucas van Leyden - Galeria obraz\u00f3w<\/a>                <\/span>\r\n            <\/h3>\r\n\t\t\t        <\/div>\r\n\t\t            <div class=\"penci-block_content \">\n\t\t\t\t<div class=\"penci-post-gallery-container masonry column-3\" data-height=\"150\" data-margin=\"3\"><div class=\"inner-gallery-masonry-container\"><div class=\"item-gallery-masonry\"><a class=\"penci-gallery-ite item-link-relative\" href=\"https:\/\/www.encyklopediamalarstwa.pl\/wp-content\/uploads\/2024\/03\/Dawid-grajacy-na-harfie-dla-Saula.jpg\" data-rel=\"penci-gallery-image-content\"  data-cap=\"Dawid graj\u0105cy na harfie dla Saula\" data-rel=\"penci-gallery-image-content\" data-idwrap=\"penci-image_gallery_29695\"><div class=\"inner-item-masonry-gallery\"><span class=\"penci-isotope-padding\" style=\"padding-bottom:133.33333333%;\"><\/span><img decoding=\"async\" src=\"https:\/\/www.encyklopediamalarstwa.pl\/wp-content\/uploads\/2024\/03\/Dawid-grajacy-na-harfie-dla-Saula-585x780.jpg\" alt=\"Dawid graj\u0105cy na harfie dla Saula\" title=\"Dawid graj\u0105cy na harfie dla Saula\"><\/div><\/a><\/div><div class=\"item-gallery-masonry\"><a class=\"penci-gallery-ite item-link-relative\" href=\"https:\/\/www.encyklopediamalarstwa.pl\/wp-content\/uploads\/2024\/03\/Dziewica-z-Dzieciatkiem-ok.-1530.jpg\" data-rel=\"penci-gallery-image-content\"  data-cap=\"Dziewica z Dzieci\u0105tkiem (ok. 1530)\" data-rel=\"penci-gallery-image-content\" data-idwrap=\"penci-image_gallery_29695\"><div class=\"inner-item-masonry-gallery\"><span class=\"penci-isotope-padding\" style=\"padding-bottom:126.66666667%;\"><\/span><img decoding=\"async\" src=\"https:\/\/www.encyklopediamalarstwa.pl\/wp-content\/uploads\/2024\/03\/Dziewica-z-Dzieciatkiem-ok.-1530-585x741.jpg\" alt=\"Dziewica z Dzieci\u0105tkiem (ok. 1530)\" title=\"Dziewica z Dzieci\u0105tkiem (ok. 1530)\"><\/div><\/a><\/div><div class=\"item-gallery-masonry\"><a class=\"penci-gallery-ite item-link-relative\" href=\"https:\/\/www.encyklopediamalarstwa.pl\/wp-content\/uploads\/2024\/03\/Dziewica-z-Dzieciatkiem-na-polksiezycu-1523.jpg\" data-rel=\"penci-gallery-image-content\"  data-cap=\"Dziewica z Dzieci\u0105tkiem na p\u00f3\u0142ksi\u0119\u017cycu (1523)\" data-rel=\"penci-gallery-image-content\" data-idwrap=\"penci-image_gallery_29695\"><div class=\"inner-item-masonry-gallery\"><span class=\"penci-isotope-padding\" style=\"padding-bottom:156.06837607%;\"><\/span><img decoding=\"async\" src=\"https:\/\/www.encyklopediamalarstwa.pl\/wp-content\/uploads\/2024\/03\/Dziewica-z-Dzieciatkiem-na-polksiezycu-1523-585x913.jpg\" alt=\"Dziewica z Dzieci\u0105tkiem na p\u00f3\u0142ksi\u0119\u017cycu (1523)\" title=\"Dziewica z Dzieci\u0105tkiem na p\u00f3\u0142ksi\u0119\u017cycu (1523)\"><\/div><\/a><\/div><div class=\"item-gallery-masonry\"><a class=\"penci-gallery-ite item-link-relative\" href=\"https:\/\/www.encyklopediamalarstwa.pl\/wp-content\/uploads\/2024\/03\/Gracze-w-karty-prawdopodobnie-ok.-1550-1599.jpg\" data-rel=\"penci-gallery-image-content\"  data-cap=\"Gracze w karty (prawdopodobnie ok. 1550-1599)\" data-rel=\"penci-gallery-image-content\" data-idwrap=\"penci-image_gallery_29695\"><div class=\"inner-item-masonry-gallery\"><span class=\"penci-isotope-padding\" style=\"padding-bottom:90.94017094%;\"><\/span><img decoding=\"async\" src=\"https:\/\/www.encyklopediamalarstwa.pl\/wp-content\/uploads\/2024\/03\/Gracze-w-karty-prawdopodobnie-ok.-1550-1599-585x532.jpg\" alt=\"Gracze w karty (prawdopodobnie ok. 1550-1599)\" title=\"Gracze w karty (prawdopodobnie ok. 1550-1599)\"><\/div><\/a><\/div><div class=\"item-gallery-masonry\"><a class=\"penci-gallery-ite item-link-relative\" href=\"https:\/\/www.encyklopediamalarstwa.pl\/wp-content\/uploads\/2024\/03\/Lot-i-jego-corki-1530.jpg\" data-rel=\"penci-gallery-image-content\"  data-cap=\"Lot i jego c\u00f3rki (1530)\" data-rel=\"penci-gallery-image-content\" data-idwrap=\"penci-image_gallery_29695\"><div class=\"inner-item-masonry-gallery\"><span class=\"penci-isotope-padding\" style=\"padding-bottom:77.43589744%;\"><\/span><img decoding=\"async\" src=\"https:\/\/www.encyklopediamalarstwa.pl\/wp-content\/uploads\/2024\/03\/Lot-i-jego-corki-1530-585x453.jpg\" alt=\"Lot i jego c\u00f3rki (1530)\" title=\"Lot i jego c\u00f3rki (1530)\"><\/div><\/a><\/div><div class=\"item-gallery-masonry\"><a class=\"penci-gallery-ite item-link-relative\" href=\"https:\/\/www.encyklopediamalarstwa.pl\/wp-content\/uploads\/2024\/03\/Lucas-van-Leyden-Balwochwalstwo-krola-Salomona.jpg\" data-rel=\"penci-gallery-image-content\"  data-cap=\"Lucas van Leyden - Ba\u0142wochwalstwo kr\u00f3la Salomona\" data-rel=\"penci-gallery-image-content\" data-idwrap=\"penci-image_gallery_29695\"><div class=\"inner-item-masonry-gallery\"><span class=\"penci-isotope-padding\" style=\"padding-bottom:64.78632479%;\"><\/span><img decoding=\"async\" src=\"https:\/\/www.encyklopediamalarstwa.pl\/wp-content\/uploads\/2024\/03\/Lucas-van-Leyden-Balwochwalstwo-krola-Salomona-585x379.jpg\" alt=\"Lucas van Leyden - Ba\u0142wochwalstwo kr\u00f3la Salomona\" title=\"Lucas van Leyden &#8211; Ba\u0142wochwalstwo kr\u00f3la Salomona\"><\/div><\/a><\/div><div class=\"item-gallery-masonry\"><a class=\"penci-gallery-ite item-link-relative\" href=\"https:\/\/www.encyklopediamalarstwa.pl\/wp-content\/uploads\/2024\/03\/Lucas-van-Leyden-Poklon-Trzech-Kroli.jpg\" data-rel=\"penci-gallery-image-content\"  data-cap=\"Lucas van Leyden - Pok\u0142on Trzech Kr\u00f3li\" data-rel=\"penci-gallery-image-content\" data-idwrap=\"penci-image_gallery_29695\"><div class=\"inner-item-masonry-gallery\"><span class=\"penci-isotope-padding\" style=\"padding-bottom:69.40170940%;\"><\/span><img decoding=\"async\" src=\"https:\/\/www.encyklopediamalarstwa.pl\/wp-content\/uploads\/2024\/03\/Lucas-van-Leyden-Poklon-Trzech-Kroli-585x406.jpg\" alt=\"Lucas van Leyden - Pok\u0142on Trzech Kr\u00f3li\" title=\"Lucas van Leyden &#8211; Pok\u0142on Trzech Kr\u00f3li\"><\/div><\/a><\/div><div class=\"item-gallery-masonry\"><a class=\"penci-gallery-ite item-link-relative\" href=\"https:\/\/www.encyklopediamalarstwa.pl\/wp-content\/uploads\/2024\/03\/Lucas-van-Leyden-Swiety-Jan-1518.jpg\" data-rel=\"penci-gallery-image-content\"  data-cap=\"Lucas van Leyden - \u015awi\u0119ty Jan (1518)\" data-rel=\"penci-gallery-image-content\" data-idwrap=\"penci-image_gallery_29695\"><div class=\"inner-item-masonry-gallery\"><span class=\"penci-isotope-padding\" style=\"padding-bottom:137.94871795%;\"><\/span><img decoding=\"async\" src=\"https:\/\/www.encyklopediamalarstwa.pl\/wp-content\/uploads\/2024\/03\/Lucas-van-Leyden-Swiety-Jan-1518-585x807.jpg\" alt=\"Lucas van Leyden - \u015awi\u0119ty Jan (1518)\" title=\"Lucas van Leyden &#8211; \u015awi\u0119ty Jan (1518)\"><\/div><\/a><\/div><div class=\"item-gallery-masonry\"><a class=\"penci-gallery-ite item-link-relative\" href=\"https:\/\/www.encyklopediamalarstwa.pl\/wp-content\/uploads\/2024\/03\/Lucas-van-Leyden-Upadek-czlowieka-1529.jpg\" data-rel=\"penci-gallery-image-content\"  data-cap=\"Lucas van Leyden - Upadek cz\u0142owieka (1529)\" data-rel=\"penci-gallery-image-content\" data-idwrap=\"penci-image_gallery_29695\"><div class=\"inner-item-masonry-gallery\"><span class=\"penci-isotope-padding\" style=\"padding-bottom:140.34188034%;\"><\/span><img decoding=\"async\" src=\"https:\/\/www.encyklopediamalarstwa.pl\/wp-content\/uploads\/2024\/03\/Lucas-van-Leyden-Upadek-czlowieka-1529-585x821.jpg\" alt=\"Lucas van Leyden - Upadek cz\u0142owieka (1529)\" title=\"Lucas van Leyden &#8211; Upadek cz\u0142owieka (1529)\"><\/div><\/a><\/div><div class=\"item-gallery-masonry\"><a class=\"penci-gallery-ite item-link-relative\" href=\"https:\/\/www.encyklopediamalarstwa.pl\/wp-content\/uploads\/2024\/03\/Lucas-van-Leyden-Zareczyny.jpg\" data-rel=\"penci-gallery-image-content\"  data-cap=\"Lucas van Leyden - Zar\u0119czyny\" data-rel=\"penci-gallery-image-content\" data-idwrap=\"penci-image_gallery_29695\"><div class=\"inner-item-masonry-gallery\"><span class=\"penci-isotope-padding\" style=\"padding-bottom:92.99145299%;\"><\/span><img decoding=\"async\" src=\"https:\/\/www.encyklopediamalarstwa.pl\/wp-content\/uploads\/2024\/03\/Lucas-van-Leyden-Zareczyny-585x544.jpg\" alt=\"Lucas van Leyden - Zar\u0119czyny\" title=\"Lucas van Leyden &#8211; Zar\u0119czyny\"><\/div><\/a><\/div><div class=\"item-gallery-masonry\"><a class=\"penci-gallery-ite item-link-relative\" href=\"https:\/\/www.encyklopediamalarstwa.pl\/wp-content\/uploads\/2024\/03\/Mars-Wenus-i-Kupidyn-1530.jpg\" data-rel=\"penci-gallery-image-content\"  data-cap=\"Mars, Wenus i Kupidyn (1530)\" data-rel=\"penci-gallery-image-content\" data-idwrap=\"penci-image_gallery_29695\"><div class=\"inner-item-masonry-gallery\"><span class=\"penci-isotope-padding\" style=\"padding-bottom:79.48717949%;\"><\/span><img decoding=\"async\" src=\"https:\/\/www.encyklopediamalarstwa.pl\/wp-content\/uploads\/2024\/03\/Mars-Wenus-i-Kupidyn-1530-585x465.jpg\" alt=\"Mars, Wenus i Kupidyn (1530)\" title=\"Mars, Wenus i Kupidyn (1530)\"><\/div><\/a><\/div><div class=\"item-gallery-masonry\"><a class=\"penci-gallery-ite item-link-relative\" href=\"https:\/\/www.encyklopediamalarstwa.pl\/wp-content\/uploads\/2024\/03\/Saint-John-1518.jpg\" data-rel=\"penci-gallery-image-content\"  data-cap=\"\u015awi\u0119ty Jan (1518)\" data-rel=\"penci-gallery-image-content\" data-idwrap=\"penci-image_gallery_29695\"><div class=\"inner-item-masonry-gallery\"><span class=\"penci-isotope-padding\" style=\"padding-bottom:149.74358974%;\"><\/span><img decoding=\"async\" src=\"https:\/\/www.encyklopediamalarstwa.pl\/wp-content\/uploads\/2024\/03\/Saint-John-1518-585x876.jpg\" alt=\"\u015awi\u0119ty Jan (1518)\" title=\"\u015awi\u0119ty Jan (1518)\"><\/div><\/a><\/div><div class=\"item-gallery-masonry\"><a class=\"penci-gallery-ite item-link-relative\" href=\"https:\/\/www.encyklopediamalarstwa.pl\/wp-content\/uploads\/2024\/03\/Sw.-Mateusz-ok.-1518.jpg\" data-rel=\"penci-gallery-image-content\"  data-cap=\"\u015aw. Mateusz (ok. 1518)\" data-rel=\"penci-gallery-image-content\" data-idwrap=\"penci-image_gallery_29695\"><div class=\"inner-item-masonry-gallery\"><span class=\"penci-isotope-padding\" style=\"padding-bottom:140.34188034%;\"><\/span><img decoding=\"async\" src=\"https:\/\/www.encyklopediamalarstwa.pl\/wp-content\/uploads\/2024\/03\/Sw.-Mateusz-ok.-1518-585x821.jpg\" alt=\"\u015aw. Mateusz (ok. 1518)\" title=\"\u015aw. Mateusz (ok. 1518)\"><\/div><\/a><\/div><div class=\"item-gallery-masonry\"><a class=\"penci-gallery-ite item-link-relative\" href=\"https:\/\/www.encyklopediamalarstwa.pl\/wp-content\/uploads\/2024\/03\/Swieta-Rodzina-1507-1509.jpg\" data-rel=\"penci-gallery-image-content\"  data-cap=\"\u015awi\u0119ta Rodzina (1507-1509)\" data-rel=\"penci-gallery-image-content\" data-idwrap=\"penci-image_gallery_29695\"><div class=\"inner-item-masonry-gallery\"><span class=\"penci-isotope-padding\" style=\"padding-bottom:131.11111111%;\"><\/span><img decoding=\"async\" src=\"https:\/\/www.encyklopediamalarstwa.pl\/wp-content\/uploads\/2024\/03\/Swieta-Rodzina-1507-1509-585x767.jpg\" alt=\"\u015awi\u0119ta Rodzina (1507-1509)\" title=\"\u015awi\u0119ta Rodzina (1507-1509)\"><\/div><\/a><\/div><div class=\"item-gallery-masonry\"><a class=\"penci-gallery-ite item-link-relative\" href=\"https:\/\/www.encyklopediamalarstwa.pl\/wp-content\/uploads\/2024\/03\/Swiety-Lukasz-ok.-1518.jpg\" data-rel=\"penci-gallery-image-content\"  data-cap=\"\u015awi\u0119ty \u0141ukasz (ok. 1518)\" data-rel=\"penci-gallery-image-content\" data-idwrap=\"penci-image_gallery_29695\"><div class=\"inner-item-masonry-gallery\"><span class=\"penci-isotope-padding\" style=\"padding-bottom:138.11965812%;\"><\/span><img decoding=\"async\" src=\"https:\/\/www.encyklopediamalarstwa.pl\/wp-content\/uploads\/2024\/03\/Swiety-Lukasz-ok.-1518-585x808.jpg\" alt=\"\u015awi\u0119ty \u0141ukasz (ok. 1518)\" title=\"\u015awi\u0119ty \u0141ukasz (ok. 1518)\"><\/div><\/a><\/div><div class=\"item-gallery-masonry\"><a class=\"penci-gallery-ite item-link-relative\" href=\"https:\/\/www.encyklopediamalarstwa.pl\/wp-content\/uploads\/2024\/03\/Swiety-Pawel-ok.-1520.jpg\" data-rel=\"penci-gallery-image-content\"  data-cap=\"\u015awi\u0119ty Pawe\u0142 (ok. 1520)\" data-rel=\"penci-gallery-image-content\" data-idwrap=\"penci-image_gallery_29695\"><div class=\"inner-item-masonry-gallery\"><span class=\"penci-isotope-padding\" style=\"padding-bottom:137.93103448%;\"><\/span><img decoding=\"async\" src=\"https:\/\/www.encyklopediamalarstwa.pl\/wp-content\/uploads\/2024\/03\/Swiety-Pawel-ok.-1520.jpg\" alt=\"\u015awi\u0119ty Pawe\u0142 (ok. 1520)\" title=\"\u015awi\u0119ty Pawe\u0142 (ok. 1520)\"><\/div><\/a><\/div><div class=\"item-gallery-masonry\"><a class=\"penci-gallery-ite item-link-relative\" href=\"https:\/\/www.encyklopediamalarstwa.pl\/wp-content\/uploads\/2024\/03\/Wizerunek-Lucasa-van-Leydena.-Malarz-i-rzezbiarz-okolo-1620.jpg\" data-rel=\"penci-gallery-image-content\"  data-cap=\"Wizerunek Lucasa van Leydena. Malarz i rze\u017abiarz (oko\u0142o 1620)\" data-rel=\"penci-gallery-image-content\" data-idwrap=\"penci-image_gallery_29695\"><div class=\"inner-item-masonry-gallery\"><span class=\"penci-isotope-padding\" style=\"padding-bottom:130.94017094%;\"><\/span><img decoding=\"async\" src=\"https:\/\/www.encyklopediamalarstwa.pl\/wp-content\/uploads\/2024\/03\/Wizerunek-Lucasa-van-Leydena.-Malarz-i-rzezbiarz-okolo-1620-585x766.jpg\" alt=\"Wizerunek Lucasa van Leydena. Malarz i rze\u017abiarz (oko\u0142o 1620)\" title=\"Wizerunek Lucasa van Leydena. Malarz i rze\u017abiarz (oko\u0142o 1620)\"><\/div><\/a><\/div><div class=\"item-gallery-masonry\"><a class=\"penci-gallery-ite item-link-relative\" href=\"https:\/\/www.encyklopediamalarstwa.pl\/wp-content\/uploads\/2024\/03\/Zona-Potyfara-pokazuje-swemu-mezowi-plaszcz-Jozefa.-W-tle-Zabranie-Jozefa-do-wiezienia-ok.-1512-r.jpg\" data-rel=\"penci-gallery-image-content\"  data-cap=\"\u017bona Potyfara pokazuje swemu m\u0119\u017cowi p\u0142aszcz J\u00f3zefa. W tle; Zabranie J\u00f3zefa do wi\u0119zienia (ok. 1512 r.)\" data-rel=\"penci-gallery-image-content\" data-idwrap=\"penci-image_gallery_29695\"><div class=\"inner-item-masonry-gallery\"><span class=\"penci-isotope-padding\" style=\"padding-bottom:76.92307692%;\"><\/span><img decoding=\"async\" src=\"https:\/\/www.encyklopediamalarstwa.pl\/wp-content\/uploads\/2024\/03\/Zona-Potyfara-pokazuje-swemu-mezowi-plaszcz-Jozefa.-W-tle-Zabranie-Jozefa-do-wiezienia-ok.-1512-r-585x450.jpg\" alt=\"\u017bona Potyfara pokazuje swemu m\u0119\u017cowi p\u0142aszcz J\u00f3zefa. W tle; Zabranie J\u00f3zefa do wi\u0119zienia (ok. 1512 r.)\" title=\"\u017bona Potyfara pokazuje swemu m\u0119\u017cowi p\u0142aszcz J\u00f3zefa. W tle; Zabranie J\u00f3zefa do wi\u0119zienia (ok. 1512 r.)\"><\/div><\/a><\/div><\/div><\/div>            <\/div>\n        <\/div>\n\t\t\t\t<\/div>\n\t\t\t\t<\/div>\n\t\t\t\t\t<\/div>\n\t\t\t\t<\/div>\n\t\t\t\t\t\t\t<\/div>\n\t\t","protected":false},"excerpt":{"rendered":"<p>Lucas van Leyden: Niderlandzki Malarz i Grafik Lucas van Leyden, znany r\u00f3wnie\u017c jako Lucas Hugensz, urodzi\u0142 si\u0119 w\u00a01494 roku w Lejdzie\u00a0i zmar\u0142 w tej samej miejscowo\u015bci w\u00a01533 roku. By\u0142 wybitnym&hellip;<\/p>\n","protected":false},"author":1,"featured_media":3247,"comment_status":"open","ping_status":"open","sticky":false,"template":"","format":"standard","meta":{"content-type":"","om_disable_all_campaigns":false,"_monsterinsights_skip_tracking":false,"_monsterinsights_sitenote_active":false,"_monsterinsights_sitenote_note":"","_monsterinsights_sitenote_category":0,"footnotes":""},"categories":[66,65],"tags":[104],"class_list":["post-3220","post","type-post","status-publish","format-standard","has-post-thumbnail","hentry","category-pozny-gotyk","category-renesans","tag-holenderski-malarz"],"yoast_head":"<!-- This site is optimized with the Yoast SEO plugin v21.7 - https:\/\/yoast.com\/wordpress\/plugins\/seo\/ -->\n<title>Lucas van Leyden - Encyklopedia Malarstwa<\/title>\n<meta name=\"description\" content=\"Lucas van Leyden by\u0142 wybitnym artyst\u0105 dzia\u0142aj\u0105cym na prze\u0142omie p\u00f3\u017anego \u015bredniowiecza i renesansu. Malowa\u0142 i tworzy\u0142 grafiki.\" \/>\n<meta name=\"robots\" content=\"index, follow, max-snippet:-1, max-image-preview:large, max-video-preview:-1\" \/>\n<link rel=\"canonical\" href=\"https:\/\/www.encyklopediamalarstwa.pl\/index.php\/2024\/03\/07\/lucas-van-leyden\/\" \/>\n<meta property=\"og:locale\" content=\"pl_PL\" \/>\n<meta property=\"og:type\" content=\"article\" \/>\n<meta property=\"og:title\" content=\"Lucas van Leyden - Encyklopedia Malarstwa\" \/>\n<meta property=\"og:description\" content=\"Lucas van Leyden by\u0142 wybitnym artyst\u0105 dzia\u0142aj\u0105cym na prze\u0142omie p\u00f3\u017anego \u015bredniowiecza i renesansu. Malowa\u0142 i tworzy\u0142 grafiki.\" \/>\n<meta property=\"og:url\" content=\"https:\/\/www.encyklopediamalarstwa.pl\/index.php\/2024\/03\/07\/lucas-van-leyden\/\" \/>\n<meta property=\"og:site_name\" content=\"Encyklopedia Malarstwa\" \/>\n<meta property=\"article:published_time\" content=\"2024-03-07T10:26:26+00:00\" \/>\n<meta property=\"article:modified_time\" content=\"2024-03-22T10:28:18+00:00\" \/>\n<meta property=\"og:image\" content=\"https:\/\/www.encyklopediamalarstwa.pl\/wp-content\/uploads\/2024\/03\/Wizerunek-Lucasa-van-Leydena.-Malarz-i-rzezbiarz-okolo-1620.jpg\" \/>\n\t<meta property=\"og:image:width\" content=\"611\" \/>\n\t<meta property=\"og:image:height\" content=\"800\" \/>\n\t<meta property=\"og:image:type\" content=\"image\/jpeg\" \/>\n<meta name=\"author\" content=\"admin\" \/>\n<meta name=\"twitter:card\" content=\"summary_large_image\" \/>\n<meta name=\"twitter:label1\" content=\"Napisane przez\" \/>\n\t<meta name=\"twitter:data1\" content=\"admin\" \/>\n\t<meta name=\"twitter:label2\" content=\"Szacowany czas czytania\" \/>\n\t<meta name=\"twitter:data2\" content=\"6 minut\" \/>\n<script type=\"application\/ld+json\" class=\"yoast-schema-graph\">{\"@context\":\"https:\/\/schema.org\",\"@graph\":[{\"@type\":\"Article\",\"@id\":\"https:\/\/www.encyklopediamalarstwa.pl\/index.php\/2024\/03\/07\/lucas-van-leyden\/#article\",\"isPartOf\":{\"@id\":\"https:\/\/www.encyklopediamalarstwa.pl\/index.php\/2024\/03\/07\/lucas-van-leyden\/\"},\"author\":{\"name\":\"admin\",\"@id\":\"https:\/\/www.encyklopediamalarstwa.pl\/#\/schema\/person\/1a6b3ac5c26a28667ef7613105b7c5d6\"},\"headline\":\"Lucas van Leyden\",\"datePublished\":\"2024-03-07T10:26:26+00:00\",\"dateModified\":\"2024-03-22T10:28:18+00:00\",\"mainEntityOfPage\":{\"@id\":\"https:\/\/www.encyklopediamalarstwa.pl\/index.php\/2024\/03\/07\/lucas-van-leyden\/\"},\"wordCount\":337,\"commentCount\":0,\"publisher\":{\"@id\":\"https:\/\/www.encyklopediamalarstwa.pl\/#\/schema\/person\/1a6b3ac5c26a28667ef7613105b7c5d6\"},\"keywords\":[\"holenderski malarz\"],\"articleSection\":[\"P\u00f3\u017any gotyk\",\"Renesans\"],\"inLanguage\":\"pl-PL\",\"potentialAction\":[{\"@type\":\"CommentAction\",\"name\":\"Comment\",\"target\":[\"https:\/\/www.encyklopediamalarstwa.pl\/index.php\/2024\/03\/07\/lucas-van-leyden\/#respond\"]}]},{\"@type\":\"WebPage\",\"@id\":\"https:\/\/www.encyklopediamalarstwa.pl\/index.php\/2024\/03\/07\/lucas-van-leyden\/\",\"url\":\"https:\/\/www.encyklopediamalarstwa.pl\/index.php\/2024\/03\/07\/lucas-van-leyden\/\",\"name\":\"Lucas van Leyden - Encyklopedia Malarstwa\",\"isPartOf\":{\"@id\":\"https:\/\/www.encyklopediamalarstwa.pl\/#website\"},\"datePublished\":\"2024-03-07T10:26:26+00:00\",\"dateModified\":\"2024-03-22T10:28:18+00:00\",\"description\":\"Lucas van Leyden by\u0142 wybitnym artyst\u0105 dzia\u0142aj\u0105cym na prze\u0142omie p\u00f3\u017anego \u015bredniowiecza i renesansu. Malowa\u0142 i tworzy\u0142 grafiki.\",\"breadcrumb\":{\"@id\":\"https:\/\/www.encyklopediamalarstwa.pl\/index.php\/2024\/03\/07\/lucas-van-leyden\/#breadcrumb\"},\"inLanguage\":\"pl-PL\",\"potentialAction\":[{\"@type\":\"ReadAction\",\"target\":[\"https:\/\/www.encyklopediamalarstwa.pl\/index.php\/2024\/03\/07\/lucas-van-leyden\/\"]}]},{\"@type\":\"BreadcrumbList\",\"@id\":\"https:\/\/www.encyklopediamalarstwa.pl\/index.php\/2024\/03\/07\/lucas-van-leyden\/#breadcrumb\",\"itemListElement\":[{\"@type\":\"ListItem\",\"position\":1,\"name\":\"Strona g\u0142\u00f3wna\",\"item\":\"https:\/\/www.encyklopediamalarstwa.pl\/\"},{\"@type\":\"ListItem\",\"position\":2,\"name\":\"Lucas van Leyden\"}]},{\"@type\":\"WebSite\",\"@id\":\"https:\/\/www.encyklopediamalarstwa.pl\/#website\",\"url\":\"https:\/\/www.encyklopediamalarstwa.pl\/\",\"name\":\"Encyklopedia Malarstwa\",\"description\":\"Sztuka w Twoim domu\",\"publisher\":{\"@id\":\"https:\/\/www.encyklopediamalarstwa.pl\/#\/schema\/person\/1a6b3ac5c26a28667ef7613105b7c5d6\"},\"potentialAction\":[{\"@type\":\"SearchAction\",\"target\":{\"@type\":\"EntryPoint\",\"urlTemplate\":\"https:\/\/www.encyklopediamalarstwa.pl\/?s={search_term_string}\"},\"query-input\":\"required name=search_term_string\"}],\"inLanguage\":\"pl-PL\"},{\"@type\":[\"Person\",\"Organization\"],\"@id\":\"https:\/\/www.encyklopediamalarstwa.pl\/#\/schema\/person\/1a6b3ac5c26a28667ef7613105b7c5d6\",\"name\":\"admin\",\"image\":{\"@type\":\"ImageObject\",\"inLanguage\":\"pl-PL\",\"@id\":\"https:\/\/www.encyklopediamalarstwa.pl\/#\/schema\/person\/image\/\",\"url\":\"https:\/\/www.encyklopediamalarstwa.pl\/wp-content\/uploads\/2023\/11\/avatar.png\",\"contentUrl\":\"https:\/\/www.encyklopediamalarstwa.pl\/wp-content\/uploads\/2023\/11\/avatar.png\",\"width\":688,\"height\":748,\"caption\":\"admin\"},\"logo\":{\"@id\":\"https:\/\/www.encyklopediamalarstwa.pl\/#\/schema\/person\/image\/\"},\"sameAs\":[\"https:\/\/www.encyklopediamalarstwa.pl\"],\"url\":\"https:\/\/www.encyklopediamalarstwa.pl\/index.php\/author\/admin\/\"}]}<\/script>\n<!-- \/ Yoast SEO plugin. -->","yoast_head_json":{"title":"Lucas van Leyden - Encyklopedia Malarstwa","description":"Lucas van Leyden by\u0142 wybitnym artyst\u0105 dzia\u0142aj\u0105cym na prze\u0142omie p\u00f3\u017anego \u015bredniowiecza i renesansu. Malowa\u0142 i tworzy\u0142 grafiki.","robots":{"index":"index","follow":"follow","max-snippet":"max-snippet:-1","max-image-preview":"max-image-preview:large","max-video-preview":"max-video-preview:-1"},"canonical":"https:\/\/www.encyklopediamalarstwa.pl\/index.php\/2024\/03\/07\/lucas-van-leyden\/","og_locale":"pl_PL","og_type":"article","og_title":"Lucas van Leyden - Encyklopedia Malarstwa","og_description":"Lucas van Leyden by\u0142 wybitnym artyst\u0105 dzia\u0142aj\u0105cym na prze\u0142omie p\u00f3\u017anego \u015bredniowiecza i renesansu. Malowa\u0142 i tworzy\u0142 grafiki.","og_url":"https:\/\/www.encyklopediamalarstwa.pl\/index.php\/2024\/03\/07\/lucas-van-leyden\/","og_site_name":"Encyklopedia Malarstwa","article_published_time":"2024-03-07T10:26:26+00:00","article_modified_time":"2024-03-22T10:28:18+00:00","og_image":[{"width":611,"height":800,"url":"https:\/\/www.encyklopediamalarstwa.pl\/wp-content\/uploads\/2024\/03\/Wizerunek-Lucasa-van-Leydena.-Malarz-i-rzezbiarz-okolo-1620.jpg","type":"image\/jpeg"}],"author":"admin","twitter_card":"summary_large_image","twitter_misc":{"Napisane przez":"admin","Szacowany czas czytania":"6 minut"},"schema":{"@context":"https:\/\/schema.org","@graph":[{"@type":"Article","@id":"https:\/\/www.encyklopediamalarstwa.pl\/index.php\/2024\/03\/07\/lucas-van-leyden\/#article","isPartOf":{"@id":"https:\/\/www.encyklopediamalarstwa.pl\/index.php\/2024\/03\/07\/lucas-van-leyden\/"},"author":{"name":"admin","@id":"https:\/\/www.encyklopediamalarstwa.pl\/#\/schema\/person\/1a6b3ac5c26a28667ef7613105b7c5d6"},"headline":"Lucas van Leyden","datePublished":"2024-03-07T10:26:26+00:00","dateModified":"2024-03-22T10:28:18+00:00","mainEntityOfPage":{"@id":"https:\/\/www.encyklopediamalarstwa.pl\/index.php\/2024\/03\/07\/lucas-van-leyden\/"},"wordCount":337,"commentCount":0,"publisher":{"@id":"https:\/\/www.encyklopediamalarstwa.pl\/#\/schema\/person\/1a6b3ac5c26a28667ef7613105b7c5d6"},"keywords":["holenderski malarz"],"articleSection":["P\u00f3\u017any gotyk","Renesans"],"inLanguage":"pl-PL","potentialAction":[{"@type":"CommentAction","name":"Comment","target":["https:\/\/www.encyklopediamalarstwa.pl\/index.php\/2024\/03\/07\/lucas-van-leyden\/#respond"]}]},{"@type":"WebPage","@id":"https:\/\/www.encyklopediamalarstwa.pl\/index.php\/2024\/03\/07\/lucas-van-leyden\/","url":"https:\/\/www.encyklopediamalarstwa.pl\/index.php\/2024\/03\/07\/lucas-van-leyden\/","name":"Lucas van Leyden - Encyklopedia Malarstwa","isPartOf":{"@id":"https:\/\/www.encyklopediamalarstwa.pl\/#website"},"datePublished":"2024-03-07T10:26:26+00:00","dateModified":"2024-03-22T10:28:18+00:00","description":"Lucas van Leyden by\u0142 wybitnym artyst\u0105 dzia\u0142aj\u0105cym na prze\u0142omie p\u00f3\u017anego \u015bredniowiecza i renesansu. Malowa\u0142 i tworzy\u0142 grafiki.","breadcrumb":{"@id":"https:\/\/www.encyklopediamalarstwa.pl\/index.php\/2024\/03\/07\/lucas-van-leyden\/#breadcrumb"},"inLanguage":"pl-PL","potentialAction":[{"@type":"ReadAction","target":["https:\/\/www.encyklopediamalarstwa.pl\/index.php\/2024\/03\/07\/lucas-van-leyden\/"]}]},{"@type":"BreadcrumbList","@id":"https:\/\/www.encyklopediamalarstwa.pl\/index.php\/2024\/03\/07\/lucas-van-leyden\/#breadcrumb","itemListElement":[{"@type":"ListItem","position":1,"name":"Strona g\u0142\u00f3wna","item":"https:\/\/www.encyklopediamalarstwa.pl\/"},{"@type":"ListItem","position":2,"name":"Lucas van Leyden"}]},{"@type":"WebSite","@id":"https:\/\/www.encyklopediamalarstwa.pl\/#website","url":"https:\/\/www.encyklopediamalarstwa.pl\/","name":"Encyklopedia Malarstwa","description":"Sztuka w Twoim domu","publisher":{"@id":"https:\/\/www.encyklopediamalarstwa.pl\/#\/schema\/person\/1a6b3ac5c26a28667ef7613105b7c5d6"},"potentialAction":[{"@type":"SearchAction","target":{"@type":"EntryPoint","urlTemplate":"https:\/\/www.encyklopediamalarstwa.pl\/?s={search_term_string}"},"query-input":"required name=search_term_string"}],"inLanguage":"pl-PL"},{"@type":["Person","Organization"],"@id":"https:\/\/www.encyklopediamalarstwa.pl\/#\/schema\/person\/1a6b3ac5c26a28667ef7613105b7c5d6","name":"admin","image":{"@type":"ImageObject","inLanguage":"pl-PL","@id":"https:\/\/www.encyklopediamalarstwa.pl\/#\/schema\/person\/image\/","url":"https:\/\/www.encyklopediamalarstwa.pl\/wp-content\/uploads\/2023\/11\/avatar.png","contentUrl":"https:\/\/www.encyklopediamalarstwa.pl\/wp-content\/uploads\/2023\/11\/avatar.png","width":688,"height":748,"caption":"admin"},"logo":{"@id":"https:\/\/www.encyklopediamalarstwa.pl\/#\/schema\/person\/image\/"},"sameAs":["https:\/\/www.encyklopediamalarstwa.pl"],"url":"https:\/\/www.encyklopediamalarstwa.pl\/index.php\/author\/admin\/"}]}},"_links":{"self":[{"href":"https:\/\/www.encyklopediamalarstwa.pl\/index.php\/wp-json\/wp\/v2\/posts\/3220","targetHints":{"allow":["GET"]}}],"collection":[{"href":"https:\/\/www.encyklopediamalarstwa.pl\/index.php\/wp-json\/wp\/v2\/posts"}],"about":[{"href":"https:\/\/www.encyklopediamalarstwa.pl\/index.php\/wp-json\/wp\/v2\/types\/post"}],"author":[{"embeddable":true,"href":"https:\/\/www.encyklopediamalarstwa.pl\/index.php\/wp-json\/wp\/v2\/users\/1"}],"replies":[{"embeddable":true,"href":"https:\/\/www.encyklopediamalarstwa.pl\/index.php\/wp-json\/wp\/v2\/comments?post=3220"}],"version-history":[{"count":16,"href":"https:\/\/www.encyklopediamalarstwa.pl\/index.php\/wp-json\/wp\/v2\/posts\/3220\/revisions"}],"predecessor-version":[{"id":3254,"href":"https:\/\/www.encyklopediamalarstwa.pl\/index.php\/wp-json\/wp\/v2\/posts\/3220\/revisions\/3254"}],"wp:featuredmedia":[{"embeddable":true,"href":"https:\/\/www.encyklopediamalarstwa.pl\/index.php\/wp-json\/wp\/v2\/media\/3247"}],"wp:attachment":[{"href":"https:\/\/www.encyklopediamalarstwa.pl\/index.php\/wp-json\/wp\/v2\/media?parent=3220"}],"wp:term":[{"taxonomy":"category","embeddable":true,"href":"https:\/\/www.encyklopediamalarstwa.pl\/index.php\/wp-json\/wp\/v2\/categories?post=3220"},{"taxonomy":"post_tag","embeddable":true,"href":"https:\/\/www.encyklopediamalarstwa.pl\/index.php\/wp-json\/wp\/v2\/tags?post=3220"}],"curies":[{"name":"wp","href":"https:\/\/api.w.org\/{rel}","templated":true}]}}