{"id":3090,"date":"2024-02-28T17:04:00","date_gmt":"2024-02-28T16:04:00","guid":{"rendered":"https:\/\/www.encyklopediamalarstwa.pl\/?p=3090"},"modified":"2024-03-10T11:07:13","modified_gmt":"2024-03-10T10:07:13","slug":"ernst-barlach","status":"publish","type":"post","link":"https:\/\/www.encyklopediamalarstwa.pl\/index.php\/2024\/02\/28\/ernst-barlach\/","title":{"rendered":"Ernst Barlach"},"content":{"rendered":"\t\t<div data-elementor-type=\"wp-post\" data-elementor-id=\"3090\" class=\"elementor elementor-3090\">\n\t\t\t\t\t\t\t<div class=\"elementor-element elementor-element-cf813d6 e-flex e-con-boxed e-con e-parent\" data-id=\"cf813d6\" data-element_type=\"container\" data-settings=\"{&quot;content_width&quot;:&quot;boxed&quot;}\" data-core-v316-plus=\"true\">\n\t\t\t\t\t<div class=\"e-con-inner\">\n\t\t\t\t<div class=\"elementor-element elementor-element-4fff8e2 elementor-widget elementor-widget-text-editor\" data-id=\"4fff8e2\" data-element_type=\"widget\" data-widget_type=\"text-editor.default\">\n\t\t\t\t<div class=\"elementor-widget-container\">\n\t\t\t<style>\/*! elementor - v3.18.0 - 08-12-2023 *\/\n.elementor-widget-text-editor.elementor-drop-cap-view-stacked .elementor-drop-cap{background-color:#69727d;color:#fff}.elementor-widget-text-editor.elementor-drop-cap-view-framed .elementor-drop-cap{color:#69727d;border:3px solid;background-color:transparent}.elementor-widget-text-editor:not(.elementor-drop-cap-view-default) .elementor-drop-cap{margin-top:8px}.elementor-widget-text-editor:not(.elementor-drop-cap-view-default) .elementor-drop-cap-letter{width:1em;height:1em}.elementor-widget-text-editor .elementor-drop-cap{float:left;text-align:center;line-height:1;font-size:50px}.elementor-widget-text-editor .elementor-drop-cap-letter{display:inline-block}<\/style>\t\t\t\t<h2><strong>Ernst Barlach<\/strong><\/h2><p><strong>Ernst Barlach<\/strong> (ur. 2 stycznia 1870 w Wedel, Holsztyn, zm. 24 pa\u017adziernika 1938 w Rostocku, cho\u0107 inne \u017ar\u00f3d\u0142a podaj\u0105 G\u00fcstrow) by\u0142 niemieckim <strong>rze\u017abiarzem<\/strong>,\u00a0<strong>malarzem<\/strong>,\u00a0<strong>pisarzem<\/strong>\u00a0i\u00a0<strong>poet\u0105<\/strong>.\u00a0Jego tw\u00f3rczo\u015b\u0107 by\u0142a zwi\u0105zana z ekspresjonizmem, a tak\u017ce stylem secesji.<\/p><h2>\u017bycie i tw\u00f3rczo\u015b\u0107<\/h2><p>Ernst Barlach urodzi\u0142 si\u0119 w 1870 roku w Wedel, w Holsztynie. Studiowa\u0142 w Hamburgu, Dre\u017anie i Pary\u017cu. W 1906 roku odby\u0142 podr\u00f3\u017c do Rosji, a p\u00f3\u017aniej r\u00f3wnie\u017c do W\u0142och, do Florencji. Te podr\u00f3\u017ce mia\u0142y ogromny wp\u0142yw na jego tw\u00f3rczo\u015b\u0107. Zainspirowany rosyjsk\u0105 sztuk\u0105 ludow\u0105 i \u015bredniowieczn\u0105 rze\u017ab\u0105 w drewnie, tworzy\u0142 proste w formie rze\u017aby figuralne, wyra\u017caj\u0105ce ludzkie t\u0119sknoty.<\/p><p>Pierwsz\u0105 indywidualn\u0105 wystaw\u0119 mia\u0142 w 1917 roku w Galerii Cassiera w Berlinie. Za swoj\u0105 dzia\u0142alno\u015b\u0107 artystyczn\u0105, jeszcze w okresie Republiki Weimarskiej, zosta\u0142 uhonorowany cz\u0142onkostwem w Pruskiej Akademii Nauk i orderem Pour le M\u00e9rite. Jego tw\u00f3rczo\u015b\u0107 zosta\u0142a pot\u0119piona przez re\u017cim nazistowski \u2013 artysta zosta\u0142 zaliczony do przedstawicieli tzw.\u00a0<strong>sztuki zdegenerowanej<\/strong>, odebrano mu wcze\u015bniejsze godno\u015bci i odznaczenia oraz prawo do wykonywania zawodu, a jego dzie\u0142a zosta\u0142y w wi\u0119kszo\u015bci zniszczone.<\/p><h2>Dzie\u0142a wybrane<\/h2><h3>Rze\u017aba<\/h3><ul><li><strong>Rosyjska \u017cebraczka<\/strong>\u00a0(1907)<\/li><li><strong>Berserker<\/strong>\u00a0(1910)<\/li><li><strong>Opuszczenie<\/strong>\u00a0(1911)<\/li><li><strong>M\u015bciciel<\/strong>\u00a0(1914)<\/li><li><strong>Matka Ziemia<\/strong>\u00a0(1920)<\/li><li><strong>Powitanie<\/strong>\u00a0(1926)<\/li><li><strong>Siedz\u0105cy m\u0119\u017cczyzna<\/strong>\u00a0(1928)<\/li><li><strong>\u015apiewaj\u0105cy m\u0119\u017cczyzna<\/strong>\u00a0(1928)<\/li><li><strong>Matka i dziecko<\/strong>\u00a0(1935)<\/li><li><strong>Flecista<\/strong>\u00a0(1938)<\/li><\/ul><h3>Dramat<\/h3><ul><li><strong>Potop<\/strong> (w 1924 roku otrzyma\u0142 nagrod\u0119 literack\u0105 imienia Kleista)<\/li><\/ul><p>Ernst Barlach pozostawi\u0142 po sobie niezwykle wa\u017cny dorobek artystyczny, kt\u00f3ry wci\u0105\u017c inspiruje i porusza widz\u00f3w na ca\u0142ym \u015bwiecie.<\/p><h2>\u0179r\u00f3d\u0142a<\/h2><ol><li>https:\/\/pl.wikipedia.org\/wiki\/Ernst_Barlach<\/li><li>https:\/\/en.wikipedia.org\/wiki\/Ernst_Barlach<\/li><li><a href=\"https:\/\/artsandculture.google.com\/entity\/%EC%97%90%EB%A5%B8%EC%8A%A4%ED%8A%B8-%EB%B0%94%EB%A5%BC%EB%9D%BC%ED%9D%90\/m03c8k6\">https:\/\/artsandculture.google.com\/<\/a><\/li><\/ol>\t\t\t\t\t\t<\/div>\n\t\t\t\t<\/div>\n\t\t\t\t\t<\/div>\n\t\t\t\t<\/div>\n\t\t<div class=\"elementor-element elementor-element-a012734 e-flex e-con-boxed e-con e-parent\" data-id=\"a012734\" data-element_type=\"container\" data-settings=\"{&quot;content_width&quot;:&quot;boxed&quot;}\" data-core-v316-plus=\"true\">\n\t\t\t\t\t<div class=\"e-con-inner\">\n\t\t\t\t<div class=\"elementor-element elementor-element-c401427 elementor-widget elementor-widget-penci-image-gallery\" data-id=\"c401427\" data-element_type=\"widget\" data-widget_type=\"penci-image-gallery.default\">\n\t\t\t\t<div class=\"elementor-widget-container\">\n\t\t\t        <div data-sliderid=\"48246\" id=\"penci-image_gallery_48246\"\n             class=\"penci-block-vc penci-image-gallery penci-image-gallery-masonry\">\n\t\t\t        <div class=\"penci-border-arrow penci-homepage-title penci-home-latest-posts style-1 pcalign-center pciconp-right pcicon-right block-title-icon-left\">\r\n            <h3 class=\"inner-arrow\">\r\n                <span>\r\n                    <span>Ernst Barlach - Galeria Obraz\u00f3w<\/a>                <\/span>\r\n            <\/h3>\r\n\t\t\t        <\/div>\r\n\t\t            <div class=\"penci-block_content \">\n\t\t\t\t<div class=\"penci-post-gallery-container masonry column-3\" data-height=\"150\" data-margin=\"3\"><div class=\"inner-gallery-masonry-container\"><div class=\"item-gallery-masonry\"><a class=\"penci-gallery-ite item-link-relative\" href=\"https:\/\/www.encyklopediamalarstwa.pl\/wp-content\/uploads\/2024\/03\/Boski-zebrak-1921-Ernsta-Barlacha.jpg\" data-rel=\"penci-gallery-image-content\"  data-cap=\"Boski \u017cebrak (1921) Ernsta Barlacha\" data-rel=\"penci-gallery-image-content\" data-idwrap=\"penci-image_gallery_48246\"><div class=\"inner-item-masonry-gallery\"><span class=\"penci-isotope-padding\" style=\"padding-bottom:78.11965812%;\"><\/span><img decoding=\"async\" src=\"https:\/\/www.encyklopediamalarstwa.pl\/wp-content\/uploads\/2024\/03\/Boski-zebrak-1921-Ernsta-Barlacha-585x457.jpg\" alt=\"Boski \u017cebrak (1921) Ernsta Barlacha\" title=\"Boski \u017cebrak (1921) Ernsta Barlacha\"><\/div><\/a><\/div><div class=\"item-gallery-masonry\"><a class=\"penci-gallery-ite item-link-relative\" href=\"https:\/\/www.encyklopediamalarstwa.pl\/wp-content\/uploads\/2024\/03\/Dla-kogo-czas-jest-wiecznoscia-Ernsta-Barlacha.jpg\" data-rel=\"penci-gallery-image-content\"  data-cap=\"Dla kogo czas jest wieczno\u015bci\u0105 Ernsta Barlacha\" data-rel=\"penci-gallery-image-content\" data-idwrap=\"penci-image_gallery_48246\"><div class=\"inner-item-masonry-gallery\"><span class=\"penci-isotope-padding\" style=\"padding-bottom:137.77777778%;\"><\/span><img decoding=\"async\" src=\"https:\/\/www.encyklopediamalarstwa.pl\/wp-content\/uploads\/2024\/03\/Dla-kogo-czas-jest-wiecznoscia-Ernsta-Barlacha-585x806.jpg\" alt=\"Dla kogo czas jest wieczno\u015bci\u0105 Ernsta Barlacha\" title=\"Dla kogo czas jest wieczno\u015bci\u0105 Ernsta Barlacha\"><\/div><\/a><\/div><div class=\"item-gallery-masonry\"><a class=\"penci-gallery-ite item-link-relative\" href=\"https:\/\/www.encyklopediamalarstwa.pl\/wp-content\/uploads\/2024\/03\/Faust-tanczacy-z-mloda-czarownica-\u2013-Ernst-Barlach.jpg\" data-rel=\"penci-gallery-image-content\"  data-cap=\"Faust ta\u0144cz\u0105cy z m\u0142od\u0105 czarownic\u0105 \u2013 Ernst Barlach\" data-rel=\"penci-gallery-image-content\" data-idwrap=\"penci-image_gallery_48246\"><div class=\"inner-item-masonry-gallery\"><span class=\"penci-isotope-padding\" style=\"padding-bottom:128.37606838%;\"><\/span><img decoding=\"async\" src=\"https:\/\/www.encyklopediamalarstwa.pl\/wp-content\/uploads\/2024\/03\/Faust-tanczacy-z-mloda-czarownica-\u2013-Ernst-Barlach-585x751.jpg\" alt=\"Faust ta\u0144cz\u0105cy z m\u0142od\u0105 czarownic\u0105 \u2013 Ernst Barlach\" title=\"Faust ta\u0144cz\u0105cy z m\u0142od\u0105 czarownic\u0105 \u2013 Ernst Barlach\"><\/div><\/a><\/div><div class=\"item-gallery-masonry\"><a class=\"penci-gallery-ite item-link-relative\" href=\"https:\/\/www.encyklopediamalarstwa.pl\/wp-content\/uploads\/2024\/03\/Gang-Blocksberg-autorstwa-Ernsta-Barlacha.jpg\" data-rel=\"penci-gallery-image-content\"  data-cap=\"Gang Blocksberg autorstwa Ernsta Barlacha\" data-rel=\"penci-gallery-image-content\" data-idwrap=\"penci-image_gallery_48246\"><div class=\"inner-item-masonry-gallery\"><span class=\"penci-isotope-padding\" style=\"padding-bottom:80.85470085%;\"><\/span><img decoding=\"async\" src=\"https:\/\/www.encyklopediamalarstwa.pl\/wp-content\/uploads\/2024\/03\/Gang-Blocksberg-autorstwa-Ernsta-Barlacha-585x473.jpg\" alt=\"Gang Blocksberg autorstwa Ernsta Barlacha\" title=\"Gang Blocksberg autorstwa Ernsta Barlacha\"><\/div><\/a><\/div><div class=\"item-gallery-masonry\"><a class=\"penci-gallery-ite item-link-relative\" href=\"https:\/\/www.encyklopediamalarstwa.pl\/wp-content\/uploads\/2024\/03\/Grupa-skladajaca-sie-z-trzech-postaci-\u2013-bas-sopran-tenor-\u2013-Ernst-Barlach-scaled.jpg\" data-rel=\"penci-gallery-image-content\"  data-cap=\"Grupa sk\u0142adaj\u0105ca si\u0119 z trzech postaci \u2013 bas, sopran, tenor \u2013 Ernst Barlach\" data-rel=\"penci-gallery-image-content\" data-idwrap=\"penci-image_gallery_48246\"><div class=\"inner-item-masonry-gallery\"><span class=\"penci-isotope-padding\" style=\"padding-bottom:88.71794872%;\"><\/span><img decoding=\"async\" src=\"https:\/\/www.encyklopediamalarstwa.pl\/wp-content\/uploads\/2024\/03\/Grupa-skladajaca-sie-z-trzech-postaci-\u2013-bas-sopran-tenor-\u2013-Ernst-Barlach-585x519.jpg\" alt=\"Grupa sk\u0142adaj\u0105ca si\u0119 z trzech postaci \u2013 bas, sopran, tenor \u2013 Ernst Barlach\" title=\"Grupa sk\u0142adaj\u0105ca si\u0119 z trzech postaci \u2013 bas, sopran, tenor \u2013 Ernst Barlach\"><\/div><\/a><\/div><div class=\"item-gallery-masonry\"><a class=\"penci-gallery-ite item-link-relative\" href=\"https:\/\/www.encyklopediamalarstwa.pl\/wp-content\/uploads\/2024\/03\/Grupa-w-czasie-burzy-\u2013-Ernst-Barlach.jpg\" data-rel=\"penci-gallery-image-content\"  data-cap=\"Grupa w czasie burzy \u2013 Ernst Barlach\" data-rel=\"penci-gallery-image-content\" data-idwrap=\"penci-image_gallery_48246\"><div class=\"inner-item-masonry-gallery\"><span class=\"penci-isotope-padding\" style=\"padding-bottom:140.00000000%;\"><\/span><img decoding=\"async\" src=\"https:\/\/www.encyklopediamalarstwa.pl\/wp-content\/uploads\/2024\/03\/Grupa-w-czasie-burzy-\u2013-Ernst-Barlach-585x819.jpg\" alt=\"Grupa w czasie burzy \u2013 Ernst Barlach\" title=\"Grupa w czasie burzy \u2013 Ernst Barlach\"><\/div><\/a><\/div><div class=\"item-gallery-masonry\"><a class=\"penci-gallery-ite item-link-relative\" href=\"https:\/\/www.encyklopediamalarstwa.pl\/wp-content\/uploads\/2024\/03\/Kaleka-i-jednonogi-czlowiek-\u2013-Diebitz-i-Stiebitz-\u2013-Ernst-Barlach.jpg\" data-rel=\"penci-gallery-image-content\"  data-cap=\"Kaleka i jednonogi cz\u0142owiek \u2013 Diebitz i Stiebitz \u2013 Ernst Barlach\" data-rel=\"penci-gallery-image-content\" data-idwrap=\"penci-image_gallery_48246\"><div class=\"inner-item-masonry-gallery\"><span class=\"penci-isotope-padding\" style=\"padding-bottom:82.56410256%;\"><\/span><img decoding=\"async\" src=\"https:\/\/www.encyklopediamalarstwa.pl\/wp-content\/uploads\/2024\/03\/Kaleka-i-jednonogi-czlowiek-\u2013-Diebitz-i-Stiebitz-\u2013-Ernst-Barlach-585x483.jpg\" alt=\"Kaleka i jednonogi cz\u0142owiek \u2013 Diebitz i Stiebitz \u2013 Ernst Barlach\" title=\"Kaleka i jednonogi cz\u0142owiek \u2013 Diebitz i Stiebitz \u2013 Ernst Barlach\"><\/div><\/a><\/div><div class=\"item-gallery-masonry\"><a class=\"penci-gallery-ite item-link-relative\" href=\"https:\/\/www.encyklopediamalarstwa.pl\/wp-content\/uploads\/2024\/03\/Kamien-wzdychajacy-\u2013-Ernst-Barlach.jpg\" data-rel=\"penci-gallery-image-content\"  data-cap=\"Kamie\u0144 wzdychaj\u0105cy \u2013 Ernst Barlach\" data-rel=\"penci-gallery-image-content\" data-idwrap=\"penci-image_gallery_48246\"><div class=\"inner-item-masonry-gallery\"><span class=\"penci-isotope-padding\" style=\"padding-bottom:82.05128205%;\"><\/span><img decoding=\"async\" src=\"https:\/\/www.encyklopediamalarstwa.pl\/wp-content\/uploads\/2024\/03\/Kamien-wzdychajacy-\u2013-Ernst-Barlach-585x480.jpg\" alt=\"Kamie\u0144 wzdychaj\u0105cy \u2013 Ernst Barlach\" title=\"Kamie\u0144 wzdychaj\u0105cy \u2013 Ernst Barlach\"><\/div><\/a><\/div><div class=\"item-gallery-masonry\"><a class=\"penci-gallery-ite item-link-relative\" href=\"https:\/\/www.encyklopediamalarstwa.pl\/wp-content\/uploads\/2024\/03\/Katedry-1920-Ernsta-Barlacha.jpg\" data-rel=\"penci-gallery-image-content\"  data-cap=\"Katedry (1920) Ernsta Barlacha\" data-rel=\"penci-gallery-image-content\" data-idwrap=\"penci-image_gallery_48246\"><div class=\"inner-item-masonry-gallery\"><span class=\"penci-isotope-padding\" style=\"padding-bottom:78.63247863%;\"><\/span><img decoding=\"async\" src=\"https:\/\/www.encyklopediamalarstwa.pl\/wp-content\/uploads\/2024\/03\/Katedry-1920-Ernsta-Barlacha-585x460.jpg\" alt=\"Katedry (1920) Ernsta Barlacha\" title=\"Katedry (1920) Ernsta Barlacha\"><\/div><\/a><\/div><div class=\"item-gallery-masonry\"><a class=\"penci-gallery-ite item-link-relative\" href=\"https:\/\/www.encyklopediamalarstwa.pl\/wp-content\/uploads\/2024\/03\/Klify-1920-Ernsta-Barlacha.jpg\" data-cap=\"Klify (1920) Ernsta Barlacha\n\nMore:\n\n Original public domain image from &lt;a href=&quot;https:\/\/www.nga.gov\/&quot;&gt;National Gallery of Art&lt;\/a&gt;\" data-rel=\"penci-gallery-image-content\" data-idwrap=\"penci-image_gallery_48246\"><div class=\"inner-item-masonry-gallery\"><span class=\"penci-isotope-padding\" style=\"padding-bottom:80.00000000%;\"><\/span><img decoding=\"async\" src=\"https:\/\/www.encyklopediamalarstwa.pl\/wp-content\/uploads\/2024\/03\/Klify-1920-Ernsta-Barlacha-585x468.jpg\" alt=\"Klify (1920) Ernsta Barlacha\" title=\"Klify (1920) Ernsta Barlacha\"><\/div><\/a><\/div><div class=\"item-gallery-masonry\"><a class=\"penci-gallery-ite item-link-relative\" href=\"https:\/\/www.encyklopediamalarstwa.pl\/wp-content\/uploads\/2024\/03\/Kret.jpg\" data-rel=\"penci-gallery-image-content\"  data-cap=\"Kret\" data-rel=\"penci-gallery-image-content\" data-idwrap=\"penci-image_gallery_48246\"><div class=\"inner-item-masonry-gallery\"><span class=\"penci-isotope-padding\" style=\"padding-bottom:69.57264957%;\"><\/span><img decoding=\"async\" src=\"https:\/\/www.encyklopediamalarstwa.pl\/wp-content\/uploads\/2024\/03\/Kret-585x407.jpg\" alt=\"Kret\" title=\"Kret\"><\/div><\/a><\/div><div class=\"item-gallery-masonry\"><a class=\"penci-gallery-ite item-link-relative\" href=\"https:\/\/www.encyklopediamalarstwa.pl\/wp-content\/uploads\/2024\/03\/Lilith-pierwsza-zona-Adama-autorstwa-Ernsta-Barlacha-Paula-Cassirera-Verlag-i-Pan-Presse.jpg\" data-rel=\"penci-gallery-image-content\"  data-cap=\"Lilith, pierwsza \u017cona Adama autorstwa Ernsta Barlacha, Paula Cassirera Verlag i Pan Presse\" data-rel=\"penci-gallery-image-content\" data-idwrap=\"penci-image_gallery_48246\"><div class=\"inner-item-masonry-gallery\"><span class=\"penci-isotope-padding\" style=\"padding-bottom:130.76923077%;\"><\/span><img decoding=\"async\" src=\"https:\/\/www.encyklopediamalarstwa.pl\/wp-content\/uploads\/2024\/03\/Lilith-pierwsza-zona-Adama-autorstwa-Ernsta-Barlacha-Paula-Cassirera-Verlag-i-Pan-Presse-585x765.jpg\" alt=\"Lilith, pierwsza \u017cona Adama autorstwa Ernsta Barlacha, Paula Cassirera Verlag i Pan Presse\" title=\"Lilith, pierwsza \u017cona Adama autorstwa Ernsta Barlacha, Paula Cassirera Verlag i Pan Presse\"><\/div><\/a><\/div><div class=\"item-gallery-masonry\"><a class=\"penci-gallery-ite item-link-relative\" href=\"https:\/\/www.encyklopediamalarstwa.pl\/wp-content\/uploads\/2024\/03\/Lapacz-psow-1919-Ernsta-Barlacha.jpg\" data-rel=\"penci-gallery-image-content\"  data-cap=\"\u0141apacz ps\u00f3w (1919) Ernsta Barlacha\" data-rel=\"penci-gallery-image-content\" data-idwrap=\"penci-image_gallery_48246\"><div class=\"inner-item-masonry-gallery\"><span class=\"penci-isotope-padding\" style=\"padding-bottom:71.62393162%;\"><\/span><img decoding=\"async\" src=\"https:\/\/www.encyklopediamalarstwa.pl\/wp-content\/uploads\/2024\/03\/Lapacz-psow-1919-Ernsta-Barlacha-585x419.jpg\" alt=\"\u0141apacz ps\u00f3w (1919) Ernsta Barlacha\" title=\"\u0141apacz ps\u00f3w (1919) Ernsta Barlacha\"><\/div><\/a><\/div><div class=\"item-gallery-masonry\"><a class=\"penci-gallery-ite item-link-relative\" href=\"https:\/\/www.encyklopediamalarstwa.pl\/wp-content\/uploads\/2024\/03\/Mistrz.jpg\" data-rel=\"penci-gallery-image-content\"  data-cap=\"Mistrz\" data-rel=\"penci-gallery-image-content\" data-idwrap=\"penci-image_gallery_48246\"><div class=\"inner-item-masonry-gallery\"><span class=\"penci-isotope-padding\" style=\"padding-bottom:130.59829060%;\"><\/span><img decoding=\"async\" src=\"https:\/\/www.encyklopediamalarstwa.pl\/wp-content\/uploads\/2024\/03\/Mistrz-585x764.jpg\" alt=\"Mistrz\" title=\"Mistrz\"><\/div><\/a><\/div><div class=\"item-gallery-masonry\"><a class=\"penci-gallery-ite item-link-relative\" href=\"https:\/\/www.encyklopediamalarstwa.pl\/wp-content\/uploads\/2024\/03\/Para-klocaca-sie-w-deszczu-\u2013-Ernst-Barlach.jpg\" data-rel=\"penci-gallery-image-content\"  data-cap=\"Para k\u0142\u00f3c\u0105ca si\u0119 w deszczu \u2013 Ernst Barlach\" data-rel=\"penci-gallery-image-content\" data-idwrap=\"penci-image_gallery_48246\"><div class=\"inner-item-masonry-gallery\"><span class=\"penci-isotope-padding\" style=\"padding-bottom:75.89743590%;\"><\/span><img decoding=\"async\" src=\"https:\/\/www.encyklopediamalarstwa.pl\/wp-content\/uploads\/2024\/03\/Para-klocaca-sie-w-deszczu-\u2013-Ernst-Barlach-585x444.jpg\" alt=\"Para k\u0142\u00f3c\u0105ca si\u0119 w deszczu \u2013 Ernst Barlach\" title=\"Para k\u0142\u00f3c\u0105ca si\u0119 w deszczu \u2013 Ernst Barlach\"><\/div><\/a><\/div><div class=\"item-gallery-masonry\"><a class=\"penci-gallery-ite item-link-relative\" href=\"https:\/\/www.encyklopediamalarstwa.pl\/wp-content\/uploads\/2024\/03\/Pierwszy-dzien-1920-Ernsta-Barlacha.jpg\" data-rel=\"penci-gallery-image-content\"  data-cap=\"Pierwszy dzie\u0144 (1920) Ernsta Barlacha\" data-rel=\"penci-gallery-image-content\" data-idwrap=\"penci-image_gallery_48246\"><div class=\"inner-item-masonry-gallery\"><span class=\"penci-isotope-padding\" style=\"padding-bottom:76.41025641%;\"><\/span><img decoding=\"async\" src=\"https:\/\/www.encyklopediamalarstwa.pl\/wp-content\/uploads\/2024\/03\/Pierwszy-dzien-1920-Ernsta-Barlacha-585x447.jpg\" alt=\"Pierwszy dzie\u0144 (1920) Ernsta Barlacha\" title=\"Pierwszy dzie\u0144 (1920) Ernsta Barlacha\"><\/div><\/a><\/div><div class=\"item-gallery-masonry\"><a class=\"penci-gallery-ite item-link-relative\" href=\"https:\/\/www.encyklopediamalarstwa.pl\/wp-content\/uploads\/2024\/03\/Podroz-czarownicy-Ernsta-Barlacha.jpg\" data-rel=\"penci-gallery-image-content\"  data-cap=\"Podr\u00f3\u017c czarownicy Ernsta Barlacha\" data-rel=\"penci-gallery-image-content\" data-idwrap=\"penci-image_gallery_48246\"><div class=\"inner-item-masonry-gallery\"><span class=\"penci-isotope-padding\" style=\"padding-bottom:131.79487179%;\"><\/span><img decoding=\"async\" src=\"https:\/\/www.encyklopediamalarstwa.pl\/wp-content\/uploads\/2024\/03\/Podroz-czarownicy-Ernsta-Barlacha-585x771.jpg\" alt=\"Podr\u00f3\u017c czarownicy Ernsta Barlacha\" title=\"Podr\u00f3\u017c czarownicy Ernsta Barlacha\"><\/div><\/a><\/div><div class=\"item-gallery-masonry\"><a class=\"penci-gallery-ite item-link-relative\" href=\"https:\/\/www.encyklopediamalarstwa.pl\/wp-content\/uploads\/2024\/03\/Prad-wieczorny-Ernsta-Barlacha.jpg\" data-rel=\"penci-gallery-image-content\"  data-cap=\"Pr\u0105d wieczorny Ernsta Barlacha\" data-rel=\"penci-gallery-image-content\" data-idwrap=\"penci-image_gallery_48246\"><div class=\"inner-item-masonry-gallery\"><span class=\"penci-isotope-padding\" style=\"padding-bottom:77.94871795%;\"><\/span><img decoding=\"async\" src=\"https:\/\/www.encyklopediamalarstwa.pl\/wp-content\/uploads\/2024\/03\/Prad-wieczorny-Ernsta-Barlacha-585x456.jpg\" alt=\"Pr\u0105d wieczorny Ernsta Barlacha\" title=\"Pr\u0105d wieczorny Ernsta Barlacha\"><\/div><\/a><\/div><div class=\"item-gallery-masonry\"><a class=\"penci-gallery-ite item-link-relative\" href=\"https:\/\/www.encyklopediamalarstwa.pl\/wp-content\/uploads\/2024\/03\/Precz-ze-slowem-o-kanibalizmie-Ernsta-Barlacha.jpg\" data-rel=\"penci-gallery-image-content\"  data-cap=\"Precz ze s\u0142owem o kanibalizmie Ernsta Barlacha\" data-rel=\"penci-gallery-image-content\" data-idwrap=\"penci-image_gallery_48246\"><div class=\"inner-item-masonry-gallery\"><span class=\"penci-isotope-padding\" style=\"padding-bottom:89.23076923%;\"><\/span><img decoding=\"async\" src=\"https:\/\/www.encyklopediamalarstwa.pl\/wp-content\/uploads\/2024\/03\/Precz-ze-slowem-o-kanibalizmie-Ernsta-Barlacha-585x522.jpg\" alt=\"Precz ze s\u0142owem o kanibalizmie Ernsta Barlacha\" title=\"Precz ze s\u0142owem o kanibalizmie Ernsta Barlacha\"><\/div><\/a><\/div><div class=\"item-gallery-masonry\"><a class=\"penci-gallery-ite item-link-relative\" href=\"https:\/\/www.encyklopediamalarstwa.pl\/wp-content\/uploads\/2024\/03\/Przejazdzka-czarownic-Ernsta-Barlacha-Paula-Cassirera-Verlag-i-Pan-Presse.jpg\" data-rel=\"penci-gallery-image-content\"  data-cap=\"Przeja\u017cd\u017cka czarownic Ernsta Barlacha, Paula Cassirera Verlag i Pan Presse\" data-rel=\"penci-gallery-image-content\" data-idwrap=\"penci-image_gallery_48246\"><div class=\"inner-item-masonry-gallery\"><span class=\"penci-isotope-padding\" style=\"padding-bottom:119.65811966%;\"><\/span><img decoding=\"async\" src=\"https:\/\/www.encyklopediamalarstwa.pl\/wp-content\/uploads\/2024\/03\/Przejazdzka-czarownic-Ernsta-Barlacha-Paula-Cassirera-Verlag-i-Pan-Presse-585x700.jpg\" alt=\"Przeja\u017cd\u017cka czarownic Ernsta Barlacha, Paula Cassirera Verlag i Pan Presse\" title=\"Przeja\u017cd\u017cka czarownic Ernsta Barlacha, Paula Cassirera Verlag i Pan Presse\"><\/div><\/a><\/div><div class=\"item-gallery-masonry\"><a class=\"penci-gallery-ite item-link-relative\" href=\"https:\/\/www.encyklopediamalarstwa.pl\/wp-content\/uploads\/2024\/03\/Taniec-smierci-II-1921-Ernsta-Barlacha.jpg\" data-rel=\"penci-gallery-image-content\"  data-cap=\"Taniec \u015bmierci II (1921) Ernsta Barlacha\" data-rel=\"penci-gallery-image-content\" data-idwrap=\"penci-image_gallery_48246\"><div class=\"inner-item-masonry-gallery\"><span class=\"penci-isotope-padding\" style=\"padding-bottom:74.52991453%;\"><\/span><img decoding=\"async\" src=\"https:\/\/www.encyklopediamalarstwa.pl\/wp-content\/uploads\/2024\/03\/Taniec-smierci-II-1921-Ernsta-Barlacha-585x436.jpg\" alt=\"Taniec \u015bmierci II (1921) Ernsta Barlacha\" title=\"Taniec \u015bmierci II (1921) Ernsta Barlacha\"><\/div><\/a><\/div><div class=\"item-gallery-masonry\"><a class=\"penci-gallery-ite item-link-relative\" href=\"https:\/\/www.encyklopediamalarstwa.pl\/wp-content\/uploads\/2024\/03\/Uczciwy-czlowiek-musi-isc-i-zebrac-\u2013-Kummer-i-Elise-\u2013-Ernst-Barlach.jpg\" data-rel=\"penci-gallery-image-content\"  data-cap=\"Uczciwy cz\u0142owiek musi i\u015b\u0107 i \u017cebra\u0107 \u2013 Kummer i Elise \u2013 Ernst Barlach\" data-rel=\"penci-gallery-image-content\" data-idwrap=\"penci-image_gallery_48246\"><div class=\"inner-item-masonry-gallery\"><span class=\"penci-isotope-padding\" style=\"padding-bottom:110.94017094%;\"><\/span><img decoding=\"async\" src=\"https:\/\/www.encyklopediamalarstwa.pl\/wp-content\/uploads\/2024\/03\/Uczciwy-czlowiek-musi-isc-i-zebrac-\u2013-Kummer-i-Elise-\u2013-Ernst-Barlach-585x649.jpg\" alt=\"Uczciwy cz\u0142owiek musi i\u015b\u0107 i \u017cebra\u0107 \u2013 Kummer i Elise \u2013 Ernst Barlach\" title=\"Uczciwy cz\u0142owiek musi i\u015b\u0107 i \u017cebra\u0107 \u2013 Kummer i Elise \u2013 Ernst Barlach\"><\/div><\/a><\/div><div class=\"item-gallery-masonry\"><a class=\"penci-gallery-ite item-link-relative\" href=\"https:\/\/www.encyklopediamalarstwa.pl\/wp-content\/uploads\/2024\/03\/Wedrujaca-para-w-deszczu-\u2013-Ernst-Barlach.jpg\" data-rel=\"penci-gallery-image-content\"  data-cap=\"W\u0119druj\u0105ca para w deszczu \u2013 Ernst Barlach\" data-rel=\"penci-gallery-image-content\" data-idwrap=\"penci-image_gallery_48246\"><div class=\"inner-item-masonry-gallery\"><span class=\"penci-isotope-padding\" style=\"padding-bottom:73.84615385%;\"><\/span><img decoding=\"async\" src=\"https:\/\/www.encyklopediamalarstwa.pl\/wp-content\/uploads\/2024\/03\/Wedrujaca-para-w-deszczu-\u2013-Ernst-Barlach-585x432.jpg\" alt=\"W\u0119druj\u0105ca para w deszczu \u2013 Ernst Barlach\" title=\"W\u0119druj\u0105ca para w deszczu \u2013 Ernst Barlach\"><\/div><\/a><\/div><div class=\"item-gallery-masonry\"><a class=\"penci-gallery-ite item-link-relative\" href=\"https:\/\/www.encyklopediamalarstwa.pl\/wp-content\/uploads\/2024\/03\/Wedrujaca-smierc-1923-Ernsta-Barlacha.jpg\" data-rel=\"penci-gallery-image-content\"  data-cap=\"W\u0119druj\u0105ca \u015bmier\u0107 (1923) Ernsta Barlacha\" data-rel=\"penci-gallery-image-content\" data-idwrap=\"penci-image_gallery_48246\"><div class=\"inner-item-masonry-gallery\"><span class=\"penci-isotope-padding\" style=\"padding-bottom:84.61538462%;\"><\/span><img decoding=\"async\" src=\"https:\/\/www.encyklopediamalarstwa.pl\/wp-content\/uploads\/2024\/03\/Wedrujaca-smierc-1923-Ernsta-Barlacha-585x495.jpg\" alt=\"W\u0119druj\u0105ca \u015bmier\u0107 (1923) Ernsta Barlacha\" title=\"W\u0119druj\u0105ca \u015bmier\u0107 (1923) Ernsta Barlacha\"><\/div><\/a><\/div><div class=\"item-gallery-masonry\"><a class=\"penci-gallery-ite item-link-relative\" href=\"https:\/\/www.encyklopediamalarstwa.pl\/wp-content\/uploads\/2024\/03\/Wozek-dla-psow-autorstwa-Ernsta-Barlacha.jpg\" data-rel=\"penci-gallery-image-content\"  data-cap=\"W\u00f3zek dla ps\u00f3w autorstwa Ernsta Barlacha\" data-rel=\"penci-gallery-image-content\" data-idwrap=\"penci-image_gallery_48246\"><div class=\"inner-item-masonry-gallery\"><span class=\"penci-isotope-padding\" style=\"padding-bottom:76.75213675%;\"><\/span><img decoding=\"async\" src=\"https:\/\/www.encyklopediamalarstwa.pl\/wp-content\/uploads\/2024\/03\/Wozek-dla-psow-autorstwa-Ernsta-Barlacha-585x449.jpg\" alt=\"W\u00f3zek dla ps\u00f3w autorstwa Ernsta Barlacha\" title=\"W\u00f3zek dla ps\u00f3w autorstwa Ernsta Barlacha\"><\/div><\/a><\/div><\/div><\/div>            <\/div>\n        <\/div>\n\t\t\t\t<\/div>\n\t\t\t\t<\/div>\n\t\t\t\t\t<\/div>\n\t\t\t\t<\/div>\n\t\t\t\t\t\t\t<\/div>\n\t\t","protected":false},"excerpt":{"rendered":"<p>Ernst Barlach Ernst Barlach (ur. 2 stycznia 1870 w Wedel, Holsztyn, zm. 24 pa\u017adziernika 1938 w Rostocku, cho\u0107 inne \u017ar\u00f3d\u0142a podaj\u0105 G\u00fcstrow) by\u0142 niemieckim rze\u017abiarzem,\u00a0malarzem,\u00a0pisarzem\u00a0i\u00a0poet\u0105.\u00a0Jego tw\u00f3rczo\u015b\u0107 by\u0142a zwi\u0105zana z ekspresjonizmem,&hellip;<\/p>\n","protected":false},"author":1,"featured_media":3116,"comment_status":"open","ping_status":"open","sticky":false,"template":"","format":"standard","meta":{"content-type":"","om_disable_all_campaigns":false,"_monsterinsights_skip_tracking":false,"_monsterinsights_sitenote_active":false,"_monsterinsights_sitenote_note":"","_monsterinsights_sitenote_category":0,"footnotes":""},"categories":[61],"tags":[103],"class_list":["post-3090","post","type-post","status-publish","format-standard","has-post-thumbnail","hentry","category-ekspresjonizm","tag-niemiecki-malarz"],"yoast_head":"<!-- This site is optimized with the Yoast SEO plugin v21.7 - https:\/\/yoast.com\/wordpress\/plugins\/seo\/ -->\n<title>Ernst Barlach - Encyklopedia Malarstwa<\/title>\n<meta name=\"description\" content=\"Ernst Barlach by\u0142 niemieckim rze\u017abiarzem,\u00a0malarzem,\u00a0pisarzem\u00a0i\u00a0poet\u0105.\u00a0Jego tw\u00f3rczo\u015b\u0107 by\u0142a zwi\u0105zana z ekspresjonizmem, a tak\u017ce stylem secesji\" \/>\n<meta name=\"robots\" content=\"index, follow, max-snippet:-1, max-image-preview:large, max-video-preview:-1\" \/>\n<link rel=\"canonical\" href=\"https:\/\/www.encyklopediamalarstwa.pl\/index.php\/2024\/02\/28\/ernst-barlach\/\" \/>\n<meta property=\"og:locale\" content=\"pl_PL\" \/>\n<meta property=\"og:type\" content=\"article\" \/>\n<meta property=\"og:title\" content=\"Ernst Barlach - Encyklopedia Malarstwa\" \/>\n<meta property=\"og:description\" content=\"Ernst Barlach by\u0142 niemieckim rze\u017abiarzem,\u00a0malarzem,\u00a0pisarzem\u00a0i\u00a0poet\u0105.\u00a0Jego tw\u00f3rczo\u015b\u0107 by\u0142a zwi\u0105zana z ekspresjonizmem, a tak\u017ce stylem secesji\" \/>\n<meta property=\"og:url\" content=\"https:\/\/www.encyklopediamalarstwa.pl\/index.php\/2024\/02\/28\/ernst-barlach\/\" \/>\n<meta property=\"og:site_name\" content=\"Encyklopedia Malarstwa\" \/>\n<meta property=\"article:published_time\" content=\"2024-02-28T16:04:00+00:00\" \/>\n<meta property=\"article:modified_time\" content=\"2024-03-10T10:07:13+00:00\" \/>\n<meta property=\"og:image\" content=\"https:\/\/www.encyklopediamalarstwa.pl\/wp-content\/uploads\/2024\/03\/Precz-ze-slowem-o-kanibalizmie-Ernsta-Barlacha.jpg\" \/>\n\t<meta property=\"og:image:width\" content=\"1200\" \/>\n\t<meta property=\"og:image:height\" content=\"1071\" \/>\n\t<meta property=\"og:image:type\" content=\"image\/jpeg\" \/>\n<meta name=\"author\" content=\"admin\" \/>\n<meta name=\"twitter:card\" content=\"summary_large_image\" \/>\n<meta name=\"twitter:label1\" content=\"Napisane przez\" \/>\n\t<meta name=\"twitter:data1\" content=\"admin\" \/>\n\t<meta name=\"twitter:label2\" content=\"Szacowany czas czytania\" \/>\n\t<meta name=\"twitter:data2\" content=\"7 minut\" \/>\n<script type=\"application\/ld+json\" class=\"yoast-schema-graph\">{\"@context\":\"https:\/\/schema.org\",\"@graph\":[{\"@type\":\"Article\",\"@id\":\"https:\/\/www.encyklopediamalarstwa.pl\/index.php\/2024\/02\/28\/ernst-barlach\/#article\",\"isPartOf\":{\"@id\":\"https:\/\/www.encyklopediamalarstwa.pl\/index.php\/2024\/02\/28\/ernst-barlach\/\"},\"author\":{\"name\":\"admin\",\"@id\":\"https:\/\/www.encyklopediamalarstwa.pl\/#\/schema\/person\/1a6b3ac5c26a28667ef7613105b7c5d6\"},\"headline\":\"Ernst Barlach\",\"datePublished\":\"2024-02-28T16:04:00+00:00\",\"dateModified\":\"2024-03-10T10:07:13+00:00\",\"mainEntityOfPage\":{\"@id\":\"https:\/\/www.encyklopediamalarstwa.pl\/index.php\/2024\/02\/28\/ernst-barlach\/\"},\"wordCount\":281,\"commentCount\":0,\"publisher\":{\"@id\":\"https:\/\/www.encyklopediamalarstwa.pl\/#\/schema\/person\/1a6b3ac5c26a28667ef7613105b7c5d6\"},\"keywords\":[\"niemiecki malarz\"],\"articleSection\":[\"Ekspresjonizm\"],\"inLanguage\":\"pl-PL\",\"potentialAction\":[{\"@type\":\"CommentAction\",\"name\":\"Comment\",\"target\":[\"https:\/\/www.encyklopediamalarstwa.pl\/index.php\/2024\/02\/28\/ernst-barlach\/#respond\"]}]},{\"@type\":\"WebPage\",\"@id\":\"https:\/\/www.encyklopediamalarstwa.pl\/index.php\/2024\/02\/28\/ernst-barlach\/\",\"url\":\"https:\/\/www.encyklopediamalarstwa.pl\/index.php\/2024\/02\/28\/ernst-barlach\/\",\"name\":\"Ernst Barlach - Encyklopedia Malarstwa\",\"isPartOf\":{\"@id\":\"https:\/\/www.encyklopediamalarstwa.pl\/#website\"},\"datePublished\":\"2024-02-28T16:04:00+00:00\",\"dateModified\":\"2024-03-10T10:07:13+00:00\",\"description\":\"Ernst Barlach by\u0142 niemieckim rze\u017abiarzem,\u00a0malarzem,\u00a0pisarzem\u00a0i\u00a0poet\u0105.\u00a0Jego tw\u00f3rczo\u015b\u0107 by\u0142a zwi\u0105zana z ekspresjonizmem, a tak\u017ce stylem secesji\",\"breadcrumb\":{\"@id\":\"https:\/\/www.encyklopediamalarstwa.pl\/index.php\/2024\/02\/28\/ernst-barlach\/#breadcrumb\"},\"inLanguage\":\"pl-PL\",\"potentialAction\":[{\"@type\":\"ReadAction\",\"target\":[\"https:\/\/www.encyklopediamalarstwa.pl\/index.php\/2024\/02\/28\/ernst-barlach\/\"]}]},{\"@type\":\"BreadcrumbList\",\"@id\":\"https:\/\/www.encyklopediamalarstwa.pl\/index.php\/2024\/02\/28\/ernst-barlach\/#breadcrumb\",\"itemListElement\":[{\"@type\":\"ListItem\",\"position\":1,\"name\":\"Strona g\u0142\u00f3wna\",\"item\":\"https:\/\/www.encyklopediamalarstwa.pl\/\"},{\"@type\":\"ListItem\",\"position\":2,\"name\":\"Ernst Barlach\"}]},{\"@type\":\"WebSite\",\"@id\":\"https:\/\/www.encyklopediamalarstwa.pl\/#website\",\"url\":\"https:\/\/www.encyklopediamalarstwa.pl\/\",\"name\":\"Encyklopedia Malarstwa\",\"description\":\"Sztuka w Twoim domu\",\"publisher\":{\"@id\":\"https:\/\/www.encyklopediamalarstwa.pl\/#\/schema\/person\/1a6b3ac5c26a28667ef7613105b7c5d6\"},\"potentialAction\":[{\"@type\":\"SearchAction\",\"target\":{\"@type\":\"EntryPoint\",\"urlTemplate\":\"https:\/\/www.encyklopediamalarstwa.pl\/?s={search_term_string}\"},\"query-input\":\"required name=search_term_string\"}],\"inLanguage\":\"pl-PL\"},{\"@type\":[\"Person\",\"Organization\"],\"@id\":\"https:\/\/www.encyklopediamalarstwa.pl\/#\/schema\/person\/1a6b3ac5c26a28667ef7613105b7c5d6\",\"name\":\"admin\",\"image\":{\"@type\":\"ImageObject\",\"inLanguage\":\"pl-PL\",\"@id\":\"https:\/\/www.encyklopediamalarstwa.pl\/#\/schema\/person\/image\/\",\"url\":\"https:\/\/www.encyklopediamalarstwa.pl\/wp-content\/uploads\/2023\/11\/avatar.png\",\"contentUrl\":\"https:\/\/www.encyklopediamalarstwa.pl\/wp-content\/uploads\/2023\/11\/avatar.png\",\"width\":688,\"height\":748,\"caption\":\"admin\"},\"logo\":{\"@id\":\"https:\/\/www.encyklopediamalarstwa.pl\/#\/schema\/person\/image\/\"},\"sameAs\":[\"https:\/\/www.encyklopediamalarstwa.pl\"],\"url\":\"https:\/\/www.encyklopediamalarstwa.pl\/index.php\/author\/admin\/\"}]}<\/script>\n<!-- \/ Yoast SEO plugin. -->","yoast_head_json":{"title":"Ernst Barlach - Encyklopedia Malarstwa","description":"Ernst Barlach by\u0142 niemieckim rze\u017abiarzem,\u00a0malarzem,\u00a0pisarzem\u00a0i\u00a0poet\u0105.\u00a0Jego tw\u00f3rczo\u015b\u0107 by\u0142a zwi\u0105zana z ekspresjonizmem, a tak\u017ce stylem secesji","robots":{"index":"index","follow":"follow","max-snippet":"max-snippet:-1","max-image-preview":"max-image-preview:large","max-video-preview":"max-video-preview:-1"},"canonical":"https:\/\/www.encyklopediamalarstwa.pl\/index.php\/2024\/02\/28\/ernst-barlach\/","og_locale":"pl_PL","og_type":"article","og_title":"Ernst Barlach - Encyklopedia Malarstwa","og_description":"Ernst Barlach by\u0142 niemieckim rze\u017abiarzem,\u00a0malarzem,\u00a0pisarzem\u00a0i\u00a0poet\u0105.\u00a0Jego tw\u00f3rczo\u015b\u0107 by\u0142a zwi\u0105zana z ekspresjonizmem, a tak\u017ce stylem secesji","og_url":"https:\/\/www.encyklopediamalarstwa.pl\/index.php\/2024\/02\/28\/ernst-barlach\/","og_site_name":"Encyklopedia Malarstwa","article_published_time":"2024-02-28T16:04:00+00:00","article_modified_time":"2024-03-10T10:07:13+00:00","og_image":[{"width":1200,"height":1071,"url":"https:\/\/www.encyklopediamalarstwa.pl\/wp-content\/uploads\/2024\/03\/Precz-ze-slowem-o-kanibalizmie-Ernsta-Barlacha.jpg","type":"image\/jpeg"}],"author":"admin","twitter_card":"summary_large_image","twitter_misc":{"Napisane przez":"admin","Szacowany czas czytania":"7 minut"},"schema":{"@context":"https:\/\/schema.org","@graph":[{"@type":"Article","@id":"https:\/\/www.encyklopediamalarstwa.pl\/index.php\/2024\/02\/28\/ernst-barlach\/#article","isPartOf":{"@id":"https:\/\/www.encyklopediamalarstwa.pl\/index.php\/2024\/02\/28\/ernst-barlach\/"},"author":{"name":"admin","@id":"https:\/\/www.encyklopediamalarstwa.pl\/#\/schema\/person\/1a6b3ac5c26a28667ef7613105b7c5d6"},"headline":"Ernst Barlach","datePublished":"2024-02-28T16:04:00+00:00","dateModified":"2024-03-10T10:07:13+00:00","mainEntityOfPage":{"@id":"https:\/\/www.encyklopediamalarstwa.pl\/index.php\/2024\/02\/28\/ernst-barlach\/"},"wordCount":281,"commentCount":0,"publisher":{"@id":"https:\/\/www.encyklopediamalarstwa.pl\/#\/schema\/person\/1a6b3ac5c26a28667ef7613105b7c5d6"},"keywords":["niemiecki malarz"],"articleSection":["Ekspresjonizm"],"inLanguage":"pl-PL","potentialAction":[{"@type":"CommentAction","name":"Comment","target":["https:\/\/www.encyklopediamalarstwa.pl\/index.php\/2024\/02\/28\/ernst-barlach\/#respond"]}]},{"@type":"WebPage","@id":"https:\/\/www.encyklopediamalarstwa.pl\/index.php\/2024\/02\/28\/ernst-barlach\/","url":"https:\/\/www.encyklopediamalarstwa.pl\/index.php\/2024\/02\/28\/ernst-barlach\/","name":"Ernst Barlach - Encyklopedia Malarstwa","isPartOf":{"@id":"https:\/\/www.encyklopediamalarstwa.pl\/#website"},"datePublished":"2024-02-28T16:04:00+00:00","dateModified":"2024-03-10T10:07:13+00:00","description":"Ernst Barlach by\u0142 niemieckim rze\u017abiarzem,\u00a0malarzem,\u00a0pisarzem\u00a0i\u00a0poet\u0105.\u00a0Jego tw\u00f3rczo\u015b\u0107 by\u0142a zwi\u0105zana z ekspresjonizmem, a tak\u017ce stylem secesji","breadcrumb":{"@id":"https:\/\/www.encyklopediamalarstwa.pl\/index.php\/2024\/02\/28\/ernst-barlach\/#breadcrumb"},"inLanguage":"pl-PL","potentialAction":[{"@type":"ReadAction","target":["https:\/\/www.encyklopediamalarstwa.pl\/index.php\/2024\/02\/28\/ernst-barlach\/"]}]},{"@type":"BreadcrumbList","@id":"https:\/\/www.encyklopediamalarstwa.pl\/index.php\/2024\/02\/28\/ernst-barlach\/#breadcrumb","itemListElement":[{"@type":"ListItem","position":1,"name":"Strona g\u0142\u00f3wna","item":"https:\/\/www.encyklopediamalarstwa.pl\/"},{"@type":"ListItem","position":2,"name":"Ernst Barlach"}]},{"@type":"WebSite","@id":"https:\/\/www.encyklopediamalarstwa.pl\/#website","url":"https:\/\/www.encyklopediamalarstwa.pl\/","name":"Encyklopedia Malarstwa","description":"Sztuka w Twoim domu","publisher":{"@id":"https:\/\/www.encyklopediamalarstwa.pl\/#\/schema\/person\/1a6b3ac5c26a28667ef7613105b7c5d6"},"potentialAction":[{"@type":"SearchAction","target":{"@type":"EntryPoint","urlTemplate":"https:\/\/www.encyklopediamalarstwa.pl\/?s={search_term_string}"},"query-input":"required name=search_term_string"}],"inLanguage":"pl-PL"},{"@type":["Person","Organization"],"@id":"https:\/\/www.encyklopediamalarstwa.pl\/#\/schema\/person\/1a6b3ac5c26a28667ef7613105b7c5d6","name":"admin","image":{"@type":"ImageObject","inLanguage":"pl-PL","@id":"https:\/\/www.encyklopediamalarstwa.pl\/#\/schema\/person\/image\/","url":"https:\/\/www.encyklopediamalarstwa.pl\/wp-content\/uploads\/2023\/11\/avatar.png","contentUrl":"https:\/\/www.encyklopediamalarstwa.pl\/wp-content\/uploads\/2023\/11\/avatar.png","width":688,"height":748,"caption":"admin"},"logo":{"@id":"https:\/\/www.encyklopediamalarstwa.pl\/#\/schema\/person\/image\/"},"sameAs":["https:\/\/www.encyklopediamalarstwa.pl"],"url":"https:\/\/www.encyklopediamalarstwa.pl\/index.php\/author\/admin\/"}]}},"_links":{"self":[{"href":"https:\/\/www.encyklopediamalarstwa.pl\/index.php\/wp-json\/wp\/v2\/posts\/3090","targetHints":{"allow":["GET"]}}],"collection":[{"href":"https:\/\/www.encyklopediamalarstwa.pl\/index.php\/wp-json\/wp\/v2\/posts"}],"about":[{"href":"https:\/\/www.encyklopediamalarstwa.pl\/index.php\/wp-json\/wp\/v2\/types\/post"}],"author":[{"embeddable":true,"href":"https:\/\/www.encyklopediamalarstwa.pl\/index.php\/wp-json\/wp\/v2\/users\/1"}],"replies":[{"embeddable":true,"href":"https:\/\/www.encyklopediamalarstwa.pl\/index.php\/wp-json\/wp\/v2\/comments?post=3090"}],"version-history":[{"count":10,"href":"https:\/\/www.encyklopediamalarstwa.pl\/index.php\/wp-json\/wp\/v2\/posts\/3090\/revisions"}],"predecessor-version":[{"id":3125,"href":"https:\/\/www.encyklopediamalarstwa.pl\/index.php\/wp-json\/wp\/v2\/posts\/3090\/revisions\/3125"}],"wp:featuredmedia":[{"embeddable":true,"href":"https:\/\/www.encyklopediamalarstwa.pl\/index.php\/wp-json\/wp\/v2\/media\/3116"}],"wp:attachment":[{"href":"https:\/\/www.encyklopediamalarstwa.pl\/index.php\/wp-json\/wp\/v2\/media?parent=3090"}],"wp:term":[{"taxonomy":"category","embeddable":true,"href":"https:\/\/www.encyklopediamalarstwa.pl\/index.php\/wp-json\/wp\/v2\/categories?post=3090"},{"taxonomy":"post_tag","embeddable":true,"href":"https:\/\/www.encyklopediamalarstwa.pl\/index.php\/wp-json\/wp\/v2\/tags?post=3090"}],"curies":[{"name":"wp","href":"https:\/\/api.w.org\/{rel}","templated":true}]}}