{"id":3056,"date":"2024-02-26T10:20:47","date_gmt":"2024-02-26T09:20:47","guid":{"rendered":"https:\/\/www.encyklopediamalarstwa.pl\/?p=3056"},"modified":"2024-03-10T10:33:08","modified_gmt":"2024-03-10T09:33:08","slug":"matthias-grunewald","status":"publish","type":"post","link":"https:\/\/www.encyklopediamalarstwa.pl\/index.php\/2024\/02\/26\/matthias-grunewald\/","title":{"rendered":"Matthias Gr\u00fcnewald"},"content":{"rendered":"\t\t<div data-elementor-type=\"wp-post\" data-elementor-id=\"3056\" class=\"elementor elementor-3056\">\n\t\t\t\t\t\t\t<div class=\"elementor-element elementor-element-87997c0 e-flex e-con-boxed e-con e-parent\" data-id=\"87997c0\" data-element_type=\"container\" data-settings=\"{&quot;content_width&quot;:&quot;boxed&quot;}\" data-core-v316-plus=\"true\">\n\t\t\t\t\t<div class=\"e-con-inner\">\n\t\t\t\t<div class=\"elementor-element elementor-element-f220aa8 elementor-widget elementor-widget-text-editor\" data-id=\"f220aa8\" data-element_type=\"widget\" data-widget_type=\"text-editor.default\">\n\t\t\t\t<div class=\"elementor-widget-container\">\n\t\t\t<style>\/*! elementor - v3.18.0 - 08-12-2023 *\/\n.elementor-widget-text-editor.elementor-drop-cap-view-stacked .elementor-drop-cap{background-color:#69727d;color:#fff}.elementor-widget-text-editor.elementor-drop-cap-view-framed .elementor-drop-cap{color:#69727d;border:3px solid;background-color:transparent}.elementor-widget-text-editor:not(.elementor-drop-cap-view-default) .elementor-drop-cap{margin-top:8px}.elementor-widget-text-editor:not(.elementor-drop-cap-view-default) .elementor-drop-cap-letter{width:1em;height:1em}.elementor-widget-text-editor .elementor-drop-cap{float:left;text-align:center;line-height:1;font-size:50px}.elementor-widget-text-editor .elementor-drop-cap-letter{display:inline-block}<\/style>\t\t\t\t<h1>Matthias Gr\u00fcnewald<\/h1><p>Matthias Gr\u00fcnewald, w\u0142a\u015bc. Mathis Gothard-Neithard (ur. ok. 1480 w W\u00fcrzburgu, zm. 31 sierpnia 1528 w Halle an der Saale), by\u0142\u00a0<strong>niemieckim malarzem, architektem i in\u017cynierem<\/strong>, kt\u00f3rego tw\u00f3rczo\u015b\u0107 jest zwi\u0105zana z okresem <strong>p\u00f3\u017anego gotyku<\/strong>\u00a0i\u00a0<strong>wczesnej renesansu<\/strong>. Gr\u00fcnewald jest uwa\u017cany za jednego z najwa\u017cniejszych artyst\u00f3w niemieckich swojej epoki.<\/p><h2>\u017byciorys<\/h2><p>Niewiele wiadomo o pochodzeniu i dzieci\u0144stwie Gr\u00fcnewalda. Od 1500 roku mieszka\u0142 w Saligenstad nad Menem. Wiadomo, \u017ce od 1504 roku pracowa\u0142 jako malarz dla dostojnik\u00f3w ko\u015bcielnych z Aschaffenburga. Dla mogunckiego arcybiskupa Uriela z Gemmingen przebudowa\u0142 rezydencj\u0119 w tym mie\u015bcie w 1508. Pracowa\u0142 tak\u017ce jako malarz przy o\u0142tarzu frankfurckiego klasztoru dominikan\u00f3w, namalowane w\u00f3wczas <em>Przemienienie na G\u00f3rze Tabor<\/em>\u00a0znamy tylko z rysunk\u00f3w (tablica o\u0142tarzowa zagin\u0119\u0142a).<\/p><p>W roku 1512 Gr\u00fcnewald rozpocz\u0105\u0142 prac\u0119 nad najwa\u017cniejszym dzie\u0142em malarskim swojego \u017cycia \u2013\u00a0<strong>o\u0142tarzem ko\u015bcio\u0142a w Issenheim<\/strong>. By\u0142 to ko\u015bci\u00f3\u0142 klasztoru antonit\u00f3w, zajmuj\u0105cych si\u0119 piel\u0119gnowaniem chorych. Praca ta zaj\u0119\u0142a mu cztery lata. Od 1514 roku przebywa\u0142 na dworze Albrechta z Brandenburgii, ksi\u0119cia-elektora i arcybiskupa Magdeburga i Moguncji (kt\u00f3ry by\u0142 jednym z najpot\u0119\u017cniejszych ludzi epoki). Na dworze ksi\u0119cia zajmowa\u0142 wysok\u0105 pozycj\u0119. W ok. 1517 namalowa\u0142 obraz\u00a0<em>\u015awi\u0119ty Erazm i \u015awi\u0119ty Maurycy<\/em>. By\u0142o to zlecenie Albrechta Brandenburskiego; obraz mia\u0142 ozdobi\u0107 ko\u015bci\u00f3\u0142 kolegiacki w Halle &#8211; \u015bwi\u0119ty Erazm mia\u0142 na obrazie rysy fundatora dzie\u0142a. W 1519 namalowa\u0142 <em>Madonn\u0119 ze Stuppach<\/em>, \u015brodkow\u0105 tablic\u0119\u00a0<em>O\u0142tarza Matki Boskiej \u015anie\u017cnej<\/em>\u00a0z kolegiaty w Aschaffenburgu. Kolejne wa\u017cne dzie\u0142o Gr\u00fcnewalda to\u00a0<em>Ukrzy\u017cowanie<\/em>, cz\u0119\u015b\u0107\u00a0<em>O\u0142tarza z Tauberbischofsheim<\/em>, powsta\u0142e w latach 1523\u20131524.<\/p><h2>Charakterystyka tw\u00f3rczo\u015bci<\/h2><p>Gr\u00fcnewald w swoim malarstwie rozwija\u0142 tradycje \u015bredniowieczne, kt\u00f3rym nada\u0142 najbardziej ekspresyjny charakter \u2013 jak na owe czasy. Zlekcewa\u017cy\u0142 nowatorski w\u00f3wczas renesans i jego staranie o anatomiczn\u0105 poprawno\u015b\u0107, charakterystyczn\u0105 w Niemczech np. dla D\u00fcrera. Gr\u00fcnewald by\u0142 zwolennikiem Marcina Lutra i by\u0142 wra\u017cliwy na ludzkie cierpienie. Wida\u0107 to w jego obrazach; postacie ludzkie przepe\u0142nione s\u0105 cierpieniem, a cierpienie Jezusa pokazane jest niemal dos\u0142ownie, poprzez szaro-zielony kolor cia\u0142a pokrytego bolesnymi krwisto-fioletowymi ranami powsta\u0142ymi w trakcie biczowania i drogi krzy\u017cowej. Posta\u0107 Jezusa to u Gr\u00fcnewalda posta\u0107 ch\u0142opska, rysy twarzy tak\u017ce. \u201eNigdy \u017cadnego cz\u0142owieka nie przestawiono tak okropnie i brzydko\u201d mawiali krytycy. Jednak to przedstawienie oddawa\u0142o rzeczywisto\u015b\u0107: t\u0119 biblijn\u0105 i t\u0119 wsp\u00f3\u0142czesn\u0105 Gr\u00fcnewaldowi &#8211; cierpienie ludu.<\/p><h2>Najwa\u017cniejsze dzie\u0142a<\/h2><ol><li><p><a href=\"https:\/\/pl.wikipedia.org\/wiki\/O%C5%82tarz_z_Isenheim\"><strong>O\u0142tarz z Issenheim<\/strong>:<\/a> Gr\u00fcnewald po\u015bwi\u0119ci\u0142 cztery lata na stworzenie tego monumentalnego dzie\u0142a dla ko\u015bcio\u0142a klasztoru antonit\u00f3w w Issenheim. O\u0142tarz sk\u0142ada si\u0119 z kilku paneli, z kt\u00f3rych najbardziej znane to\u00a0<strong>\u201cUkrzy\u017cowanie\u201d<\/strong>\u00a0i\u00a0<strong>\u201cZmartwychwstanie\u201d<\/strong>. W \u201cUkrzy\u017cowaniu\u201d Jezus jest ukazany w spos\u00f3b niezwykle realistyczny, z cia\u0142em pokrytym ranami i cierpieniem. To wyj\u0105tkowe dzie\u0142o jest pe\u0142ne symboliki i emocji.<\/p><\/li><li><p><a href=\"https:\/\/pl.wikipedia.org\/wiki\/%C5%9Awi%C4%99ty_Erazm_i_%C5%9Awi%C4%99ty_Maurycy\"><strong>\u015awi\u0119ty Erazm i \u015awi\u0119ty Maurycy<\/strong>:<\/a> Obraz namalowany na zlecenie Albrechta Brandenburskiego. \u015awi\u0119ty Erazm, patron chorych, jest przedstawiony z charakterystycznym cezarem na g\u0142owie. To dzie\u0142o \u0142\u0105czy w sobie elementy religijne i portretowe.<\/p><\/li><li><p><a href=\"https:\/\/pl.wikipedia.org\/wiki\/Madonna_ze_Stuppach\"><strong>Madonna ze Stuppach<\/strong><\/a>: \u015arodkowa tablica\u00a0<strong>O\u0142tarza Matki Boskiej \u015anie\u017cnej<\/strong>\u00a0w kolegiacie w Aschaffenburgu. Gr\u00fcnewald ukaza\u0142 Maryj\u0119 jako matk\u0119 pe\u0142n\u0105 troski i delikatno\u015bci. To arcydzie\u0142o \u0142\u0105czy w sobie pi\u0119kno i duchowo\u015b\u0107.<\/p><\/li><\/ol><h2>Wp\u0142yw i dziedzictwo<\/h2><p>Matthias Gr\u00fcnewald pozostawi\u0142 trwa\u0142y \u015blad w historii sztuki. Jego wyj\u0105tkowe podej\u015bcie do malarstwa, ekspresyjno\u015b\u0107 i wra\u017cliwo\u015b\u0107 na ludzkie cierpienie wp\u0142yn\u0119\u0142y na kolejne pokolenia artyst\u00f3w. Jego dzie\u0142a s\u0105 nadal badane i doceniane przez mi\u0142o\u015bnik\u00f3w sztuki na ca\u0142ym \u015bwiecie.<\/p><h2>\u0179r\u00f3d\u0142a:<\/h2><ol><li>https:\/\/pl.wikipedia.org\/wiki\/Matthias_Gr%C3%BCnewald<\/li><li>https:\/\/en.wikipedia.org\/wiki\/Matthias_Gr%C3%BCnewald<\/li><li>https:\/\/www.wikiart.org\/en\/matthias-grunewald<\/li><\/ol>\t\t\t\t\t\t<\/div>\n\t\t\t\t<\/div>\n\t\t\t\t<div class=\"elementor-element elementor-element-8140dfd elementor-widget elementor-widget-penci-image-gallery\" data-id=\"8140dfd\" data-element_type=\"widget\" data-widget_type=\"penci-image-gallery.default\">\n\t\t\t\t<div class=\"elementor-widget-container\">\n\t\t\t        <div data-sliderid=\"36964\" id=\"penci-image_gallery_36964\"\n             class=\"penci-block-vc penci-image-gallery penci-image-gallery-masonry\">\n\t\t\t        <div class=\"penci-border-arrow penci-homepage-title penci-home-latest-posts style-1 pcalign-center pciconp-right pcicon-right block-title-icon-left\">\r\n            <h3 class=\"inner-arrow\">\r\n                <span>\r\n                    <span>Matthias Gr\u00fcnewald - Galeria Obraz\u00f3w<\/a>                <\/span>\r\n            <\/h3>\r\n\t\t\t        <\/div>\r\n\t\t            <div class=\"penci-block_content \">\n\t\t\t\t<div class=\"penci-post-gallery-container masonry column-3\" data-height=\"150\" data-margin=\"3\"><div class=\"inner-gallery-masonry-container\"><div class=\"item-gallery-masonry\"><a class=\"penci-gallery-ite item-link-relative\" href=\"https:\/\/www.encyklopediamalarstwa.pl\/wp-content\/uploads\/2024\/03\/Matthias-Grunewald-Swiety-Cyriak-1509-1510.jpg\" data-rel=\"penci-gallery-image-content\"  data-cap=\"Matthias Gr\u00fcnewald - \u015awi\u0119ty Cyriak (1509-1510)\" data-rel=\"penci-gallery-image-content\" data-idwrap=\"penci-image_gallery_36964\"><div class=\"inner-item-masonry-gallery\"><span class=\"penci-isotope-padding\" style=\"padding-bottom:244.10256410%;\"><\/span><img decoding=\"async\" src=\"https:\/\/www.encyklopediamalarstwa.pl\/wp-content\/uploads\/2024\/03\/Matthias-Grunewald-Swiety-Cyriak-1509-1510-585x1428.jpg\" alt=\"Matthias Gr\u00fcnewald - \u015awi\u0119ty Cyriak (1509-1510)\" title=\"Matthias Gr\u00fcnewald &#8211; \u015awi\u0119ty Cyriak (1509-1510)\"><\/div><\/a><\/div><div class=\"item-gallery-masonry\"><a class=\"penci-gallery-ite item-link-relative\" href=\"https:\/\/www.encyklopediamalarstwa.pl\/wp-content\/uploads\/2024\/03\/Matthias-Grunewald-Ukrzyzowanie-1515.jpg\" data-rel=\"penci-gallery-image-content\"  data-cap=\"Matthias Gr\u00fcnewald - Ukrzy\u017cowanie (1515)\" data-rel=\"penci-gallery-image-content\" data-idwrap=\"penci-image_gallery_36964\"><div class=\"inner-item-masonry-gallery\"><span class=\"penci-isotope-padding\" style=\"padding-bottom:137.45704467%;\"><\/span><img decoding=\"async\" src=\"https:\/\/www.encyklopediamalarstwa.pl\/wp-content\/uploads\/2024\/03\/Matthias-Grunewald-Ukrzyzowanie-1515.jpg\" alt=\"Matthias Gr\u00fcnewald - Ukrzy\u017cowanie (1515)\" title=\"Matthias Gr\u00fcnewald &#8211; Ukrzy\u017cowanie (1515)\"><\/div><\/a><\/div><div class=\"item-gallery-masonry\"><a class=\"penci-gallery-ite item-link-relative\" href=\"https:\/\/www.encyklopediamalarstwa.pl\/wp-content\/uploads\/2024\/03\/Sw.-Wawrzyniec-ok.-1509-\u2013-1510.jpg\" data-rel=\"penci-gallery-image-content\"  data-cap=\"\u015aw. Wawrzyniec (ok. 1509 \u2013 1510)\" data-rel=\"penci-gallery-image-content\" data-idwrap=\"penci-image_gallery_36964\"><div class=\"inner-item-masonry-gallery\"><span class=\"penci-isotope-padding\" style=\"padding-bottom:242.73504274%;\"><\/span><img decoding=\"async\" src=\"https:\/\/www.encyklopediamalarstwa.pl\/wp-content\/uploads\/2024\/03\/Sw.-Wawrzyniec-ok.-1509-\u2013-1510-585x1420.jpg\" alt=\"\u015aw. Wawrzyniec (ok. 1509 \u2013 1510)\" title=\"\u015aw. Wawrzyniec (ok. 1509 \u2013 1510)\"><\/div><\/a><\/div><div class=\"item-gallery-masonry\"><a class=\"penci-gallery-ite item-link-relative\" href=\"https:\/\/www.encyklopediamalarstwa.pl\/wp-content\/uploads\/2024\/03\/Swieta-Katarzyna.jpg\" data-rel=\"penci-gallery-image-content\"  data-cap=\"\u015awi\u0119ta Katarzyna\" data-rel=\"penci-gallery-image-content\" data-idwrap=\"penci-image_gallery_36964\"><div class=\"inner-item-masonry-gallery\"><span class=\"penci-isotope-padding\" style=\"padding-bottom:207.35042735%;\"><\/span><img decoding=\"async\" src=\"https:\/\/www.encyklopediamalarstwa.pl\/wp-content\/uploads\/2024\/03\/Swieta-Katarzyna-585x1213.jpg\" alt=\"\u015awi\u0119ta Katarzyna\" title=\"\u015awi\u0119ta Katarzyna\"><\/div><\/a><\/div><\/div><\/div>            <\/div>\n        <\/div>\n\t\t\t\t<\/div>\n\t\t\t\t<\/div>\n\t\t\t\t\t<\/div>\n\t\t\t\t<\/div>\n\t\t<div class=\"elementor-element elementor-element-30611b7 e-flex e-con-boxed e-con e-parent\" data-id=\"30611b7\" data-element_type=\"container\" data-settings=\"{&quot;content_width&quot;:&quot;boxed&quot;}\" data-core-v316-plus=\"true\">\n\t\t\t\t\t<div class=\"e-con-inner\">\n\t\t\t\t\t<\/div>\n\t\t\t\t<\/div>\n\t\t\t\t\t\t\t<\/div>\n\t\t","protected":false},"excerpt":{"rendered":"<p>Matthias Gr\u00fcnewald Matthias Gr\u00fcnewald, w\u0142a\u015bc. Mathis Gothard-Neithard (ur. ok. 1480 w W\u00fcrzburgu, zm. 31 sierpnia 1528 w Halle an der Saale), by\u0142\u00a0niemieckim malarzem, architektem i in\u017cynierem, kt\u00f3rego tw\u00f3rczo\u015b\u0107 jest zwi\u0105zana&hellip;<\/p>\n","protected":false},"author":1,"featured_media":3072,"comment_status":"open","ping_status":"open","sticky":false,"template":"","format":"standard","meta":{"content-type":"","om_disable_all_campaigns":false,"_monsterinsights_skip_tracking":false,"_monsterinsights_sitenote_active":false,"_monsterinsights_sitenote_note":"","_monsterinsights_sitenote_category":0,"footnotes":""},"categories":[66,89],"tags":[73,103],"class_list":["post-3056","post","type-post","status-publish","format-standard","has-post-thumbnail","hentry","category-pozny-gotyk","category-wczesny-renesans","tag-malarstwo-religijne","tag-niemiecki-malarz"],"yoast_head":"<!-- This site is optimized with the Yoast SEO plugin v21.7 - https:\/\/yoast.com\/wordpress\/plugins\/seo\/ -->\n<title>Matthias Gr\u00fcnewald - Encyklopedia Malarstwa<\/title>\n<meta name=\"description\" content=\"Matthias Gr\u00fcnewald by\u0142\u00a0niemieckim malarzem, architektem i in\u017cynierem, jego tw\u00f3rczo\u015b\u0107 cechuj\u0105 style p\u00f3\u017anego gotyku i wczesnego renesansu.\" \/>\n<meta name=\"robots\" content=\"index, follow, max-snippet:-1, max-image-preview:large, max-video-preview:-1\" \/>\n<link rel=\"canonical\" href=\"https:\/\/www.encyklopediamalarstwa.pl\/index.php\/2024\/02\/26\/matthias-grunewald\/\" \/>\n<meta property=\"og:locale\" content=\"pl_PL\" \/>\n<meta property=\"og:type\" content=\"article\" \/>\n<meta property=\"og:title\" content=\"Matthias Gr\u00fcnewald - Encyklopedia Malarstwa\" \/>\n<meta property=\"og:description\" content=\"Matthias Gr\u00fcnewald by\u0142\u00a0niemieckim malarzem, architektem i in\u017cynierem, jego tw\u00f3rczo\u015b\u0107 cechuj\u0105 style p\u00f3\u017anego gotyku i wczesnego renesansu.\" \/>\n<meta property=\"og:url\" content=\"https:\/\/www.encyklopediamalarstwa.pl\/index.php\/2024\/02\/26\/matthias-grunewald\/\" \/>\n<meta property=\"og:site_name\" content=\"Encyklopedia Malarstwa\" \/>\n<meta property=\"article:published_time\" content=\"2024-02-26T09:20:47+00:00\" \/>\n<meta property=\"article:modified_time\" content=\"2024-03-10T09:33:08+00:00\" \/>\n<meta property=\"og:image\" content=\"https:\/\/www.encyklopediamalarstwa.pl\/wp-content\/uploads\/2024\/03\/Matthias-Grunewald-Ukrzyzowanie-1515.jpg\" \/>\n\t<meta property=\"og:image:width\" content=\"582\" \/>\n\t<meta property=\"og:image:height\" content=\"800\" \/>\n\t<meta property=\"og:image:type\" content=\"image\/jpeg\" \/>\n<meta name=\"author\" content=\"admin\" \/>\n<meta name=\"twitter:card\" content=\"summary_large_image\" \/>\n<meta name=\"twitter:label1\" content=\"Napisane przez\" \/>\n\t<meta name=\"twitter:data1\" content=\"admin\" \/>\n\t<meta name=\"twitter:label2\" content=\"Szacowany czas czytania\" \/>\n\t<meta name=\"twitter:data2\" content=\"4 minuty\" \/>\n<script type=\"application\/ld+json\" class=\"yoast-schema-graph\">{\"@context\":\"https:\/\/schema.org\",\"@graph\":[{\"@type\":\"Article\",\"@id\":\"https:\/\/www.encyklopediamalarstwa.pl\/index.php\/2024\/02\/26\/matthias-grunewald\/#article\",\"isPartOf\":{\"@id\":\"https:\/\/www.encyklopediamalarstwa.pl\/index.php\/2024\/02\/26\/matthias-grunewald\/\"},\"author\":{\"name\":\"admin\",\"@id\":\"https:\/\/www.encyklopediamalarstwa.pl\/#\/schema\/person\/1a6b3ac5c26a28667ef7613105b7c5d6\"},\"headline\":\"Matthias Gr\u00fcnewald\",\"datePublished\":\"2024-02-26T09:20:47+00:00\",\"dateModified\":\"2024-03-10T09:33:08+00:00\",\"mainEntityOfPage\":{\"@id\":\"https:\/\/www.encyklopediamalarstwa.pl\/index.php\/2024\/02\/26\/matthias-grunewald\/\"},\"wordCount\":652,\"commentCount\":0,\"publisher\":{\"@id\":\"https:\/\/www.encyklopediamalarstwa.pl\/#\/schema\/person\/1a6b3ac5c26a28667ef7613105b7c5d6\"},\"keywords\":[\"malarstwo religijne\",\"niemiecki malarz\"],\"articleSection\":[\"P\u00f3\u017any gotyk\",\"Wczesny renesans\"],\"inLanguage\":\"pl-PL\",\"potentialAction\":[{\"@type\":\"CommentAction\",\"name\":\"Comment\",\"target\":[\"https:\/\/www.encyklopediamalarstwa.pl\/index.php\/2024\/02\/26\/matthias-grunewald\/#respond\"]}]},{\"@type\":\"WebPage\",\"@id\":\"https:\/\/www.encyklopediamalarstwa.pl\/index.php\/2024\/02\/26\/matthias-grunewald\/\",\"url\":\"https:\/\/www.encyklopediamalarstwa.pl\/index.php\/2024\/02\/26\/matthias-grunewald\/\",\"name\":\"Matthias Gr\u00fcnewald - Encyklopedia Malarstwa\",\"isPartOf\":{\"@id\":\"https:\/\/www.encyklopediamalarstwa.pl\/#website\"},\"datePublished\":\"2024-02-26T09:20:47+00:00\",\"dateModified\":\"2024-03-10T09:33:08+00:00\",\"description\":\"Matthias Gr\u00fcnewald by\u0142\u00a0niemieckim malarzem, architektem i in\u017cynierem, jego tw\u00f3rczo\u015b\u0107 cechuj\u0105 style p\u00f3\u017anego gotyku i wczesnego renesansu.\",\"breadcrumb\":{\"@id\":\"https:\/\/www.encyklopediamalarstwa.pl\/index.php\/2024\/02\/26\/matthias-grunewald\/#breadcrumb\"},\"inLanguage\":\"pl-PL\",\"potentialAction\":[{\"@type\":\"ReadAction\",\"target\":[\"https:\/\/www.encyklopediamalarstwa.pl\/index.php\/2024\/02\/26\/matthias-grunewald\/\"]}]},{\"@type\":\"BreadcrumbList\",\"@id\":\"https:\/\/www.encyklopediamalarstwa.pl\/index.php\/2024\/02\/26\/matthias-grunewald\/#breadcrumb\",\"itemListElement\":[{\"@type\":\"ListItem\",\"position\":1,\"name\":\"Strona g\u0142\u00f3wna\",\"item\":\"https:\/\/www.encyklopediamalarstwa.pl\/\"},{\"@type\":\"ListItem\",\"position\":2,\"name\":\"Matthias Gr\u00fcnewald\"}]},{\"@type\":\"WebSite\",\"@id\":\"https:\/\/www.encyklopediamalarstwa.pl\/#website\",\"url\":\"https:\/\/www.encyklopediamalarstwa.pl\/\",\"name\":\"Encyklopedia Malarstwa\",\"description\":\"Sztuka w Twoim domu\",\"publisher\":{\"@id\":\"https:\/\/www.encyklopediamalarstwa.pl\/#\/schema\/person\/1a6b3ac5c26a28667ef7613105b7c5d6\"},\"potentialAction\":[{\"@type\":\"SearchAction\",\"target\":{\"@type\":\"EntryPoint\",\"urlTemplate\":\"https:\/\/www.encyklopediamalarstwa.pl\/?s={search_term_string}\"},\"query-input\":\"required name=search_term_string\"}],\"inLanguage\":\"pl-PL\"},{\"@type\":[\"Person\",\"Organization\"],\"@id\":\"https:\/\/www.encyklopediamalarstwa.pl\/#\/schema\/person\/1a6b3ac5c26a28667ef7613105b7c5d6\",\"name\":\"admin\",\"image\":{\"@type\":\"ImageObject\",\"inLanguage\":\"pl-PL\",\"@id\":\"https:\/\/www.encyklopediamalarstwa.pl\/#\/schema\/person\/image\/\",\"url\":\"https:\/\/www.encyklopediamalarstwa.pl\/wp-content\/uploads\/2023\/11\/avatar.png\",\"contentUrl\":\"https:\/\/www.encyklopediamalarstwa.pl\/wp-content\/uploads\/2023\/11\/avatar.png\",\"width\":688,\"height\":748,\"caption\":\"admin\"},\"logo\":{\"@id\":\"https:\/\/www.encyklopediamalarstwa.pl\/#\/schema\/person\/image\/\"},\"sameAs\":[\"https:\/\/www.encyklopediamalarstwa.pl\"],\"url\":\"https:\/\/www.encyklopediamalarstwa.pl\/index.php\/author\/admin\/\"}]}<\/script>\n<!-- \/ Yoast SEO plugin. -->","yoast_head_json":{"title":"Matthias Gr\u00fcnewald - Encyklopedia Malarstwa","description":"Matthias Gr\u00fcnewald by\u0142\u00a0niemieckim malarzem, architektem i in\u017cynierem, jego tw\u00f3rczo\u015b\u0107 cechuj\u0105 style p\u00f3\u017anego gotyku i wczesnego renesansu.","robots":{"index":"index","follow":"follow","max-snippet":"max-snippet:-1","max-image-preview":"max-image-preview:large","max-video-preview":"max-video-preview:-1"},"canonical":"https:\/\/www.encyklopediamalarstwa.pl\/index.php\/2024\/02\/26\/matthias-grunewald\/","og_locale":"pl_PL","og_type":"article","og_title":"Matthias Gr\u00fcnewald - Encyklopedia Malarstwa","og_description":"Matthias Gr\u00fcnewald by\u0142\u00a0niemieckim malarzem, architektem i in\u017cynierem, jego tw\u00f3rczo\u015b\u0107 cechuj\u0105 style p\u00f3\u017anego gotyku i wczesnego renesansu.","og_url":"https:\/\/www.encyklopediamalarstwa.pl\/index.php\/2024\/02\/26\/matthias-grunewald\/","og_site_name":"Encyklopedia Malarstwa","article_published_time":"2024-02-26T09:20:47+00:00","article_modified_time":"2024-03-10T09:33:08+00:00","og_image":[{"width":582,"height":800,"url":"https:\/\/www.encyklopediamalarstwa.pl\/wp-content\/uploads\/2024\/03\/Matthias-Grunewald-Ukrzyzowanie-1515.jpg","type":"image\/jpeg"}],"author":"admin","twitter_card":"summary_large_image","twitter_misc":{"Napisane przez":"admin","Szacowany czas czytania":"4 minuty"},"schema":{"@context":"https:\/\/schema.org","@graph":[{"@type":"Article","@id":"https:\/\/www.encyklopediamalarstwa.pl\/index.php\/2024\/02\/26\/matthias-grunewald\/#article","isPartOf":{"@id":"https:\/\/www.encyklopediamalarstwa.pl\/index.php\/2024\/02\/26\/matthias-grunewald\/"},"author":{"name":"admin","@id":"https:\/\/www.encyklopediamalarstwa.pl\/#\/schema\/person\/1a6b3ac5c26a28667ef7613105b7c5d6"},"headline":"Matthias Gr\u00fcnewald","datePublished":"2024-02-26T09:20:47+00:00","dateModified":"2024-03-10T09:33:08+00:00","mainEntityOfPage":{"@id":"https:\/\/www.encyklopediamalarstwa.pl\/index.php\/2024\/02\/26\/matthias-grunewald\/"},"wordCount":652,"commentCount":0,"publisher":{"@id":"https:\/\/www.encyklopediamalarstwa.pl\/#\/schema\/person\/1a6b3ac5c26a28667ef7613105b7c5d6"},"keywords":["malarstwo religijne","niemiecki malarz"],"articleSection":["P\u00f3\u017any gotyk","Wczesny renesans"],"inLanguage":"pl-PL","potentialAction":[{"@type":"CommentAction","name":"Comment","target":["https:\/\/www.encyklopediamalarstwa.pl\/index.php\/2024\/02\/26\/matthias-grunewald\/#respond"]}]},{"@type":"WebPage","@id":"https:\/\/www.encyklopediamalarstwa.pl\/index.php\/2024\/02\/26\/matthias-grunewald\/","url":"https:\/\/www.encyklopediamalarstwa.pl\/index.php\/2024\/02\/26\/matthias-grunewald\/","name":"Matthias Gr\u00fcnewald - Encyklopedia Malarstwa","isPartOf":{"@id":"https:\/\/www.encyklopediamalarstwa.pl\/#website"},"datePublished":"2024-02-26T09:20:47+00:00","dateModified":"2024-03-10T09:33:08+00:00","description":"Matthias Gr\u00fcnewald by\u0142\u00a0niemieckim malarzem, architektem i in\u017cynierem, jego tw\u00f3rczo\u015b\u0107 cechuj\u0105 style p\u00f3\u017anego gotyku i wczesnego renesansu.","breadcrumb":{"@id":"https:\/\/www.encyklopediamalarstwa.pl\/index.php\/2024\/02\/26\/matthias-grunewald\/#breadcrumb"},"inLanguage":"pl-PL","potentialAction":[{"@type":"ReadAction","target":["https:\/\/www.encyklopediamalarstwa.pl\/index.php\/2024\/02\/26\/matthias-grunewald\/"]}]},{"@type":"BreadcrumbList","@id":"https:\/\/www.encyklopediamalarstwa.pl\/index.php\/2024\/02\/26\/matthias-grunewald\/#breadcrumb","itemListElement":[{"@type":"ListItem","position":1,"name":"Strona g\u0142\u00f3wna","item":"https:\/\/www.encyklopediamalarstwa.pl\/"},{"@type":"ListItem","position":2,"name":"Matthias Gr\u00fcnewald"}]},{"@type":"WebSite","@id":"https:\/\/www.encyklopediamalarstwa.pl\/#website","url":"https:\/\/www.encyklopediamalarstwa.pl\/","name":"Encyklopedia Malarstwa","description":"Sztuka w Twoim domu","publisher":{"@id":"https:\/\/www.encyklopediamalarstwa.pl\/#\/schema\/person\/1a6b3ac5c26a28667ef7613105b7c5d6"},"potentialAction":[{"@type":"SearchAction","target":{"@type":"EntryPoint","urlTemplate":"https:\/\/www.encyklopediamalarstwa.pl\/?s={search_term_string}"},"query-input":"required name=search_term_string"}],"inLanguage":"pl-PL"},{"@type":["Person","Organization"],"@id":"https:\/\/www.encyklopediamalarstwa.pl\/#\/schema\/person\/1a6b3ac5c26a28667ef7613105b7c5d6","name":"admin","image":{"@type":"ImageObject","inLanguage":"pl-PL","@id":"https:\/\/www.encyklopediamalarstwa.pl\/#\/schema\/person\/image\/","url":"https:\/\/www.encyklopediamalarstwa.pl\/wp-content\/uploads\/2023\/11\/avatar.png","contentUrl":"https:\/\/www.encyklopediamalarstwa.pl\/wp-content\/uploads\/2023\/11\/avatar.png","width":688,"height":748,"caption":"admin"},"logo":{"@id":"https:\/\/www.encyklopediamalarstwa.pl\/#\/schema\/person\/image\/"},"sameAs":["https:\/\/www.encyklopediamalarstwa.pl"],"url":"https:\/\/www.encyklopediamalarstwa.pl\/index.php\/author\/admin\/"}]}},"_links":{"self":[{"href":"https:\/\/www.encyklopediamalarstwa.pl\/index.php\/wp-json\/wp\/v2\/posts\/3056","targetHints":{"allow":["GET"]}}],"collection":[{"href":"https:\/\/www.encyklopediamalarstwa.pl\/index.php\/wp-json\/wp\/v2\/posts"}],"about":[{"href":"https:\/\/www.encyklopediamalarstwa.pl\/index.php\/wp-json\/wp\/v2\/types\/post"}],"author":[{"embeddable":true,"href":"https:\/\/www.encyklopediamalarstwa.pl\/index.php\/wp-json\/wp\/v2\/users\/1"}],"replies":[{"embeddable":true,"href":"https:\/\/www.encyklopediamalarstwa.pl\/index.php\/wp-json\/wp\/v2\/comments?post=3056"}],"version-history":[{"count":29,"href":"https:\/\/www.encyklopediamalarstwa.pl\/index.php\/wp-json\/wp\/v2\/posts\/3056\/revisions"}],"predecessor-version":[{"id":3089,"href":"https:\/\/www.encyklopediamalarstwa.pl\/index.php\/wp-json\/wp\/v2\/posts\/3056\/revisions\/3089"}],"wp:featuredmedia":[{"embeddable":true,"href":"https:\/\/www.encyklopediamalarstwa.pl\/index.php\/wp-json\/wp\/v2\/media\/3072"}],"wp:attachment":[{"href":"https:\/\/www.encyklopediamalarstwa.pl\/index.php\/wp-json\/wp\/v2\/media?parent=3056"}],"wp:term":[{"taxonomy":"category","embeddable":true,"href":"https:\/\/www.encyklopediamalarstwa.pl\/index.php\/wp-json\/wp\/v2\/categories?post=3056"},{"taxonomy":"post_tag","embeddable":true,"href":"https:\/\/www.encyklopediamalarstwa.pl\/index.php\/wp-json\/wp\/v2\/tags?post=3056"}],"curies":[{"name":"wp","href":"https:\/\/api.w.org\/{rel}","templated":true}]}}