{"id":2770,"date":"2024-01-24T14:30:34","date_gmt":"2024-01-24T13:30:34","guid":{"rendered":"https:\/\/www.encyklopediamalarstwa.pl\/?p=2770"},"modified":"2024-01-26T14:34:11","modified_gmt":"2024-01-26T13:34:11","slug":"stefan-lochner","status":"publish","type":"post","link":"https:\/\/www.encyklopediamalarstwa.pl\/index.php\/2024\/01\/24\/stefan-lochner\/","title":{"rendered":"Stefan Lochner"},"content":{"rendered":"\t\t<div data-elementor-type=\"wp-post\" data-elementor-id=\"2770\" class=\"elementor elementor-2770\">\n\t\t\t\t\t\t\t<div class=\"elementor-element elementor-element-819c0ff e-flex e-con-boxed e-con e-parent\" data-id=\"819c0ff\" data-element_type=\"container\" data-settings=\"{&quot;content_width&quot;:&quot;boxed&quot;}\" data-core-v316-plus=\"true\">\n\t\t\t\t\t<div class=\"e-con-inner\">\n\t\t\t\t<div class=\"elementor-element elementor-element-13de7e4 elementor-widget elementor-widget-text-editor\" data-id=\"13de7e4\" data-element_type=\"widget\" data-widget_type=\"text-editor.default\">\n\t\t\t\t<div class=\"elementor-widget-container\">\n\t\t\t<style>\/*! elementor - v3.18.0 - 08-12-2023 *\/\n.elementor-widget-text-editor.elementor-drop-cap-view-stacked .elementor-drop-cap{background-color:#69727d;color:#fff}.elementor-widget-text-editor.elementor-drop-cap-view-framed .elementor-drop-cap{color:#69727d;border:3px solid;background-color:transparent}.elementor-widget-text-editor:not(.elementor-drop-cap-view-default) .elementor-drop-cap{margin-top:8px}.elementor-widget-text-editor:not(.elementor-drop-cap-view-default) .elementor-drop-cap-letter{width:1em;height:1em}.elementor-widget-text-editor .elementor-drop-cap{float:left;text-align:center;line-height:1;font-size:50px}.elementor-widget-text-editor .elementor-drop-cap-letter{display:inline-block}<\/style>\t\t\t\t<p>Stefan Lochner, znany r\u00f3wnie\u017c jako mistrz Stefan, by\u0142 niemieckim malarzem \u017cyj\u0105cym w okresie p\u00f3\u017anego gotyku.\u00a0Urodzi\u0142 si\u0119 oko\u0142o 1400 roku w Meersburgu nad Jeziorem Bode\u0144skim, a zmar\u0142 przed 24 grudnia 1451 roku w Kolonii.<\/p><h2>Stefan Lochner &#8211; \u017cyciorys<\/h2><p>Lochner w m\u0142odo\u015bci zapozna\u0142 si\u0119 z tw\u00f3rczo\u015bci\u0105 gotyckich realist\u00f3w Lucasa Mosera i Konrada Witza. W 1430 roku przyby\u0142 do Kolonii, gdzie zwi\u0105za\u0142 si\u0119 z tym miastem a\u017c do \u015bmierci.\u00a0Gros swoich dzie\u0142 wykona\u0142 w Kolonii, gdzie tradycje stylu mi\u0119dzynarodowego zacz\u0119\u0142y ust\u0119powa\u0107 nowym tendencjom artystycznym, g\u0142\u00f3wnie realizmowi, rozpowszechnionemu w Niderlandach przez takie postacie jak Jan van Eyck czy Robert Campin.<\/p><h2>Tw\u00f3rczo\u015b\u0107<\/h2><p>Obrazy Lochnera cechuje z jednej strony charakterystyczny dla stylu mi\u0119dzynarodowego spos\u00f3b modelowania twarzy, daleko id\u0105ca idealizacja postaci, \u201edworska\u201d reprezentacyjno\u015b\u0107 oraz bogactwo dekoracji; gama barw oscyluje wok\u00f3\u0142 intensywnych kolor\u00f3w \u2013 tw\u00f3rca preferowa\u0142 tradycyjne gotyckie z\u0142ote t\u0142o.\u00a0Z drugiej strony pojawiaj\u0105 si\u0119 wp\u0142ywy realizmu niderlandzkiego, czego kwintesencj\u0105 jest obraz \u201eS\u0105d Ostateczny\u201d. Malarz podejmowa\u0142 tematy religijne, co \u015bci\u015ble zwi\u0105zane by\u0142o z okresem w kt\u00f3rym tworzy\u0142.<\/p><h2>Wa\u017cniejsze dzie\u0142a<\/h2><ol><li><a href=\"https:\/\/pl.wikipedia.org\/wiki\/Stefan_Lochner#\/media\/Plik:Stefan_Lochner_003.jpg\">O\u0142tarz Trzech Kr\u00f3li<\/a> zw. tak\u017ce O\u0142tarzem \u015awi\u0119tych Patron\u00f3w (ok. 1440) \u2013 Katedra \u015bw. Piotra i Naj\u015bwi\u0119tszej Marii Panny w Kolonii.<\/li><li><a href=\"https:\/\/pl.wikipedia.org\/wiki\/Stefan_Lochner#\/media\/Plik:Stefan_Lochner_Madonna_im_Rosenhag.jpg\">Madonna w altanie r\u00f3\u017canej<\/a> (ok. 1440) \u2013 Kolonia, Wallraf-Richartz-Museum.<\/li><li><a href=\"https:\/\/pl.wikipedia.org\/wiki\/Stefan_Lochner#\/media\/Plik:Stefan_Lochner_-_Last_Judgement_-_circa_1435.jpg\">S\u0105d Ostateczny<\/a> (ok. 1435) \u2013 Kolonia, Wallraf-Richartz Museum.<\/li><li><a href=\"https:\/\/pl.wikipedia.org\/wiki\/Stefan_Lochner#\/media\/Plik:Stefan_Lochner_005.jpg\">Adoracja Dzieci\u0105tka<\/a> (1445) \u2013 Monachium, Stara Pinakoteka.<\/li><li><a href=\"https:\/\/pl.wikipedia.org\/wiki\/Stefan_Lochner#\/media\/Plik:Stefan_Lochner_001.jpg\">Prezentacja Dzieci\u0105tka w \u015bwi\u0105tyni<\/a> (1447) \u2013 Darmstadt, Hessisches Landesmuseum.<\/li><\/ol><h2>\u0179r\u00f3d\u0142a:<\/h2><ol><li>https:\/\/pl.wikipedia.org\/wiki\/Stefan_Lochner<\/li><li>https:\/\/en.wikipedia.org\/wiki\/Stefan_Lochner<\/li><li>https:\/\/www.wikiart.org\/en\/stefan-lochner<\/li><\/ol>\t\t\t\t\t\t<\/div>\n\t\t\t\t<\/div>\n\t\t\t\t\t<\/div>\n\t\t\t\t<\/div>\n\t\t<div class=\"elementor-element elementor-element-cffbe58 e-flex e-con-boxed e-con e-parent\" data-id=\"cffbe58\" data-element_type=\"container\" data-settings=\"{&quot;content_width&quot;:&quot;boxed&quot;}\" data-core-v316-plus=\"true\">\n\t\t\t\t\t<div class=\"e-con-inner\">\n\t\t\t\t<div class=\"elementor-element elementor-element-db47ed3 elementor-widget elementor-widget-penci-image-gallery\" data-id=\"db47ed3\" data-element_type=\"widget\" data-widget_type=\"penci-image-gallery.default\">\n\t\t\t\t<div class=\"elementor-widget-container\">\n\t\t\t        <div data-sliderid=\"88648\" id=\"penci-image_gallery_88648\"\n             class=\"penci-block-vc penci-image-gallery penci-image-gallery-masonry\">\n\t\t\t        <div class=\"penci-border-arrow penci-homepage-title penci-home-latest-posts style-1 pcalign-center pciconp-right pcicon-right block-title-icon-left\">\r\n            <h3 class=\"inner-arrow\">\r\n                <span>\r\n                    <span>Stefan Lochner - Galeria Obraz\u00f3w<\/a>                <\/span>\r\n            <\/h3>\r\n\t\t\t        <\/div>\r\n\t\t            <div class=\"penci-block_content \">\n\t\t\t\t<div class=\"penci-post-gallery-container masonry column-3\" data-height=\"150\" data-margin=\"3\"><div class=\"inner-gallery-masonry-container\"><div class=\"item-gallery-masonry\"><a class=\"penci-gallery-ite item-link-relative\" href=\"https:\/\/www.encyklopediamalarstwa.pl\/wp-content\/uploads\/2024\/01\/Meczenstwo-sw.-Andrzeja-po-1435-r.jpg\" data-rel=\"penci-gallery-image-content\"  data-cap=\"M\u0119cze\u0144stwo \u015bw. Andrzeja (po 1435 r.)\" data-rel=\"penci-gallery-image-content\" data-idwrap=\"penci-image_gallery_88648\"><div class=\"inner-item-masonry-gallery\"><span class=\"penci-isotope-padding\" style=\"padding-bottom:99.14529915%;\"><\/span><img decoding=\"async\" src=\"https:\/\/www.encyklopediamalarstwa.pl\/wp-content\/uploads\/2024\/01\/Meczenstwo-sw.-Andrzeja-po-1435-r-585x580.jpg\" alt=\"M\u0119cze\u0144stwo \u015bw. Andrzeja (po 1435 r.)\" title=\"M\u0119cze\u0144stwo \u015bw. Andrzeja (po 1435 r.)\"><\/div><\/a><\/div><div class=\"item-gallery-masonry\"><a class=\"penci-gallery-ite item-link-relative\" href=\"https:\/\/www.encyklopediamalarstwa.pl\/wp-content\/uploads\/2024\/01\/Stefan-Lochner-Meczenstwo-sw.-Tomasza-po-1435-r.jpg\" data-rel=\"penci-gallery-image-content\"  data-cap=\"Stefan Lochner - M\u0119cze\u0144stwo \u015bw. Tomasza (po 1435 r.)\" data-rel=\"penci-gallery-image-content\" data-idwrap=\"penci-image_gallery_88648\"><div class=\"inner-item-masonry-gallery\"><span class=\"penci-isotope-padding\" style=\"padding-bottom:96.41025641%;\"><\/span><img decoding=\"async\" src=\"https:\/\/www.encyklopediamalarstwa.pl\/wp-content\/uploads\/2024\/01\/Stefan-Lochner-Meczenstwo-sw.-Tomasza-po-1435-r-585x564.jpg\" alt=\"Stefan Lochner - M\u0119cze\u0144stwo \u015bw. Tomasza (po 1435 r.)\" title=\"Stefan Lochner &#8211; M\u0119cze\u0144stwo \u015bw. Tomasza (po 1435 r.)\"><\/div><\/a><\/div><div class=\"item-gallery-masonry\"><a class=\"penci-gallery-ite item-link-relative\" href=\"https:\/\/www.encyklopediamalarstwa.pl\/wp-content\/uploads\/2024\/01\/Stefan-Lochner-Meczenstwo-sw.-Szymona-i-Judasza-po-1435-r.jpg\" data-rel=\"penci-gallery-image-content\"  data-cap=\"Stefan Lochner - M\u0119cze\u0144stwo \u015bw. Szymona i Judasza (po 1435 r.)\" data-rel=\"penci-gallery-image-content\" data-idwrap=\"penci-image_gallery_88648\"><div class=\"inner-item-masonry-gallery\"><span class=\"penci-isotope-padding\" style=\"padding-bottom:99.65811966%;\"><\/span><img decoding=\"async\" src=\"https:\/\/www.encyklopediamalarstwa.pl\/wp-content\/uploads\/2024\/01\/Stefan-Lochner-Meczenstwo-sw.-Szymona-i-Judasza-po-1435-r-585x583.jpg\" alt=\"Stefan Lochner - M\u0119cze\u0144stwo \u015bw. Szymona i Judasza (po 1435 r.)\" title=\"Stefan Lochner &#8211; M\u0119cze\u0144stwo \u015bw. Szymona i Judasza (po 1435 r.)\"><\/div><\/a><\/div><div class=\"item-gallery-masonry\"><a class=\"penci-gallery-ite item-link-relative\" href=\"https:\/\/www.encyklopediamalarstwa.pl\/wp-content\/uploads\/2024\/01\/Stefan-Lochner-Meczenstwo-sw.-Piotra-po-1435-r.jpg\" data-rel=\"penci-gallery-image-content\"  data-cap=\"Stefan Lochner - M\u0119cze\u0144stwo \u015bw. Piotra (po 1435 r.)\" data-rel=\"penci-gallery-image-content\" data-idwrap=\"penci-image_gallery_88648\"><div class=\"inner-item-masonry-gallery\"><span class=\"penci-isotope-padding\" style=\"padding-bottom:98.46153846%;\"><\/span><img decoding=\"async\" src=\"https:\/\/www.encyklopediamalarstwa.pl\/wp-content\/uploads\/2024\/01\/Stefan-Lochner-Meczenstwo-sw.-Piotra-po-1435-r-585x576.jpg\" alt=\"Stefan Lochner - M\u0119cze\u0144stwo \u015bw. Piotra (po 1435 r.)\" title=\"Stefan Lochner &#8211; M\u0119cze\u0144stwo \u015bw. Piotra (po 1435 r.)\"><\/div><\/a><\/div><div class=\"item-gallery-masonry\"><a class=\"penci-gallery-ite item-link-relative\" href=\"https:\/\/www.encyklopediamalarstwa.pl\/wp-content\/uploads\/2024\/01\/Stefan-Lochner-Meczenstwo-sw.-Jana-Ewangelisty-po-1435-r.jpg\" data-rel=\"penci-gallery-image-content\"  data-cap=\"Stefan Lochner - M\u0119cze\u0144stwo \u015bw. Jana Ewangelisty (po 1435 r.)\" data-rel=\"penci-gallery-image-content\" data-idwrap=\"penci-image_gallery_88648\"><div class=\"inner-item-masonry-gallery\"><span class=\"penci-isotope-padding\" style=\"padding-bottom:99.65811966%;\"><\/span><img decoding=\"async\" src=\"https:\/\/www.encyklopediamalarstwa.pl\/wp-content\/uploads\/2024\/01\/Stefan-Lochner-Meczenstwo-sw.-Jana-Ewangelisty-po-1435-r-585x583.jpg\" alt=\"Stefan Lochner - M\u0119cze\u0144stwo \u015bw. Jana Ewangelisty (po 1435 r.)\" title=\"Stefan Lochner &#8211; M\u0119cze\u0144stwo \u015bw. Jana Ewangelisty (po 1435 r.)\"><\/div><\/a><\/div><div class=\"item-gallery-masonry\"><a class=\"penci-gallery-ite item-link-relative\" href=\"https:\/\/www.encyklopediamalarstwa.pl\/wp-content\/uploads\/2024\/01\/Stefan-Lochner-Meczenstwo-sw.-Filipa-po-1435-r.jpg\" data-rel=\"penci-gallery-image-content\"  data-cap=\"Stefan Lochner - M\u0119cze\u0144stwo \u015bw. Filipa (po 1435 r.)\" data-rel=\"penci-gallery-image-content\" data-idwrap=\"penci-image_gallery_88648\"><div class=\"inner-item-masonry-gallery\"><span class=\"penci-isotope-padding\" style=\"padding-bottom:97.94871795%;\"><\/span><img decoding=\"async\" src=\"https:\/\/www.encyklopediamalarstwa.pl\/wp-content\/uploads\/2024\/01\/Stefan-Lochner-Meczenstwo-sw.-Filipa-po-1435-r-585x573.jpg\" alt=\"Stefan Lochner - M\u0119cze\u0144stwo \u015bw. Filipa (po 1435 r.)\" title=\"Stefan Lochner &#8211; M\u0119cze\u0144stwo \u015bw. Filipa (po 1435 r.)\"><\/div><\/a><\/div><div class=\"item-gallery-masonry\"><a class=\"penci-gallery-ite item-link-relative\" href=\"https:\/\/www.encyklopediamalarstwa.pl\/wp-content\/uploads\/2024\/01\/Stefan-Lochner-Dziewica-ukoronowana-przez-aniolow-ok.-1450.jpg\" data-rel=\"penci-gallery-image-content\"  data-cap=\"Stefan Lochner - Dziewica ukoronowana przez anio\u0142\u00f3w (ok. 1450)\" data-rel=\"penci-gallery-image-content\" data-idwrap=\"penci-image_gallery_88648\"><div class=\"inner-item-masonry-gallery\"><span class=\"penci-isotope-padding\" style=\"padding-bottom:173.50427350%;\"><\/span><img decoding=\"async\" src=\"https:\/\/www.encyklopediamalarstwa.pl\/wp-content\/uploads\/2024\/01\/Stefan-Lochner-Dziewica-ukoronowana-przez-aniolow-ok.-1450-585x1015.jpg\" alt=\"Stefan Lochner - Dziewica ukoronowana przez anio\u0142\u00f3w (ok. 1450)\" title=\"Stefan Lochner &#8211; Dziewica ukoronowana przez anio\u0142\u00f3w (ok. 1450)\"><\/div><\/a><\/div><div class=\"item-gallery-masonry\"><a class=\"penci-gallery-ite item-link-relative\" href=\"https:\/\/www.encyklopediamalarstwa.pl\/wp-content\/uploads\/2024\/01\/Meczenstwo-sw.-Pawla-po-1435-r.jpg\" data-rel=\"penci-gallery-image-content\"  data-cap=\"M\u0119cze\u0144stwo \u015bw. Paw\u0142a (po 1435 r.)\" data-rel=\"penci-gallery-image-content\" data-idwrap=\"penci-image_gallery_88648\"><div class=\"inner-item-masonry-gallery\"><span class=\"penci-isotope-padding\" style=\"padding-bottom:99.65811966%;\"><\/span><img decoding=\"async\" src=\"https:\/\/www.encyklopediamalarstwa.pl\/wp-content\/uploads\/2024\/01\/Meczenstwo-sw.-Pawla-po-1435-r-585x583.jpg\" alt=\"M\u0119cze\u0144stwo \u015bw. Paw\u0142a (po 1435 r.)\" title=\"M\u0119cze\u0144stwo \u015bw. Paw\u0142a (po 1435 r.)\"><\/div><\/a><\/div><div class=\"item-gallery-masonry\"><a class=\"penci-gallery-ite item-link-relative\" href=\"https:\/\/www.encyklopediamalarstwa.pl\/wp-content\/uploads\/2024\/01\/Meczenstwo-sw.-Mateusza-po-1435-r.jpg\" data-rel=\"penci-gallery-image-content\"  data-cap=\"M\u0119cze\u0144stwo \u015bw. Mateusza (po 1435 r.)\" data-rel=\"penci-gallery-image-content\" data-idwrap=\"penci-image_gallery_88648\"><div class=\"inner-item-masonry-gallery\"><span class=\"penci-isotope-padding\" style=\"padding-bottom:100.68376068%;\"><\/span><img decoding=\"async\" src=\"https:\/\/www.encyklopediamalarstwa.pl\/wp-content\/uploads\/2024\/01\/Meczenstwo-sw.-Mateusza-po-1435-r-585x589.jpg\" alt=\"M\u0119cze\u0144stwo \u015bw. Mateusza (po 1435 r.)\" title=\"M\u0119cze\u0144stwo \u015bw. Mateusza (po 1435 r.)\"><\/div><\/a><\/div><div class=\"item-gallery-masonry\"><a class=\"penci-gallery-ite item-link-relative\" href=\"https:\/\/www.encyklopediamalarstwa.pl\/wp-content\/uploads\/2024\/01\/Meczenstwo-sw.-Macieja-po-1435-r.jpg\" data-rel=\"penci-gallery-image-content\"  data-cap=\"M\u0119cze\u0144stwo \u015bw. Macieja (po 1435 r.)\" data-rel=\"penci-gallery-image-content\" data-idwrap=\"penci-image_gallery_88648\"><div class=\"inner-item-masonry-gallery\"><span class=\"penci-isotope-padding\" style=\"padding-bottom:99.65811966%;\"><\/span><img decoding=\"async\" src=\"https:\/\/www.encyklopediamalarstwa.pl\/wp-content\/uploads\/2024\/01\/Meczenstwo-sw.-Macieja-po-1435-r-585x583.jpg\" alt=\"M\u0119cze\u0144stwo \u015bw. Macieja (po 1435 r.)\" title=\"M\u0119cze\u0144stwo \u015bw. Macieja (po 1435 r.)\"><\/div><\/a><\/div><div class=\"item-gallery-masonry\"><a class=\"penci-gallery-ite item-link-relative\" href=\"https:\/\/www.encyklopediamalarstwa.pl\/wp-content\/uploads\/2024\/01\/Meczenstwo-sw.-Jakuba-Starszego-po-1435-r.jpg\" data-rel=\"penci-gallery-image-content\"  data-cap=\"M\u0119cze\u0144stwo \u015bw. Jakuba Starszego (po 1435 r.)\" data-rel=\"penci-gallery-image-content\" data-idwrap=\"penci-image_gallery_88648\"><div class=\"inner-item-masonry-gallery\"><span class=\"penci-isotope-padding\" style=\"padding-bottom:102.22222222%;\"><\/span><img decoding=\"async\" src=\"https:\/\/www.encyklopediamalarstwa.pl\/wp-content\/uploads\/2024\/01\/Meczenstwo-sw.-Jakuba-Starszego-po-1435-r-585x598.jpg\" alt=\"M\u0119cze\u0144stwo \u015bw. Jakuba Starszego (po 1435 r.)\" title=\"M\u0119cze\u0144stwo \u015bw. Jakuba Starszego (po 1435 r.)\"><\/div><\/a><\/div><div class=\"item-gallery-masonry\"><a class=\"penci-gallery-ite item-link-relative\" href=\"https:\/\/www.encyklopediamalarstwa.pl\/wp-content\/uploads\/2024\/01\/Meczenstwo-sw.-Jakuba-Mlodszego-po-1435-r.jpg\" data-rel=\"penci-gallery-image-content\"  data-cap=\"M\u0119cze\u0144stwo \u015bw. Jakuba M\u0142odszego (po 1435 r.)\" data-rel=\"penci-gallery-image-content\" data-idwrap=\"penci-image_gallery_88648\"><div class=\"inner-item-masonry-gallery\"><span class=\"penci-isotope-padding\" style=\"padding-bottom:98.46153846%;\"><\/span><img decoding=\"async\" src=\"https:\/\/www.encyklopediamalarstwa.pl\/wp-content\/uploads\/2024\/01\/Meczenstwo-sw.-Jakuba-Mlodszego-po-1435-r-585x576.jpg\" alt=\"M\u0119cze\u0144stwo \u015bw. Jakuba M\u0142odszego (po 1435 r.)\" title=\"M\u0119cze\u0144stwo \u015bw. Jakuba M\u0142odszego (po 1435 r.)\"><\/div><\/a><\/div><div class=\"item-gallery-masonry\"><a class=\"penci-gallery-ite item-link-relative\" href=\"https:\/\/www.encyklopediamalarstwa.pl\/wp-content\/uploads\/2024\/01\/Meczenstwo-sw.-Bartlomieja-po-1435-r.jpg\" data-rel=\"penci-gallery-image-content\"  data-cap=\"M\u0119cze\u0144stwo \u015bw. Bart\u0142omieja (po 1435 r.)\" data-rel=\"penci-gallery-image-content\" data-idwrap=\"penci-image_gallery_88648\"><div class=\"inner-item-masonry-gallery\"><span class=\"penci-isotope-padding\" style=\"padding-bottom:99.82905983%;\"><\/span><img decoding=\"async\" src=\"https:\/\/www.encyklopediamalarstwa.pl\/wp-content\/uploads\/2024\/01\/Meczenstwo-sw.-Bartlomieja-po-1435-r-585x584.jpg\" alt=\"M\u0119cze\u0144stwo \u015bw. Bart\u0142omieja (po 1435 r.)\" title=\"M\u0119cze\u0144stwo \u015bw. Bart\u0142omieja (po 1435 r.)\"><\/div><\/a><\/div><\/div><\/div>            <\/div>\n        <\/div>\n\t\t\t\t<\/div>\n\t\t\t\t<\/div>\n\t\t\t\t\t<\/div>\n\t\t\t\t<\/div>\n\t\t\t\t\t\t\t<\/div>\n\t\t","protected":false},"excerpt":{"rendered":"<p>Stefan Lochner, znany r\u00f3wnie\u017c jako mistrz Stefan, by\u0142 niemieckim malarzem \u017cyj\u0105cym w okresie p\u00f3\u017anego gotyku.\u00a0Urodzi\u0142 si\u0119 oko\u0142o 1400 roku w Meersburgu nad Jeziorem Bode\u0144skim, a zmar\u0142 przed 24 grudnia 1451&hellip;<\/p>\n","protected":false},"author":1,"featured_media":2788,"comment_status":"open","ping_status":"open","sticky":false,"template":"","format":"standard","meta":{"content-type":"","om_disable_all_campaigns":false,"_monsterinsights_skip_tracking":false,"_monsterinsights_sitenote_active":false,"_monsterinsights_sitenote_note":"","_monsterinsights_sitenote_category":0,"footnotes":""},"categories":[66],"tags":[73,103],"class_list":["post-2770","post","type-post","status-publish","format-standard","has-post-thumbnail","hentry","category-pozny-gotyk","tag-malarstwo-religijne","tag-niemiecki-malarz"],"yoast_head":"<!-- This site is optimized with the Yoast SEO plugin v21.7 - https:\/\/yoast.com\/wordpress\/plugins\/seo\/ -->\n<title>Stefan Lochner - Encyklopedia Malarstwa<\/title>\n<meta name=\"description\" content=\"Stefan Lochner, znany r\u00f3wnie\u017c jako mistrz Stefan, by\u0142 niemieckim malarzem \u017cyj\u0105cym w okresie p\u00f3\u017anego gotyku.\" \/>\n<meta name=\"robots\" content=\"index, follow, max-snippet:-1, max-image-preview:large, max-video-preview:-1\" \/>\n<link rel=\"canonical\" href=\"https:\/\/www.encyklopediamalarstwa.pl\/index.php\/2024\/01\/24\/stefan-lochner\/\" \/>\n<meta property=\"og:locale\" content=\"pl_PL\" \/>\n<meta property=\"og:type\" content=\"article\" \/>\n<meta property=\"og:title\" content=\"Stefan Lochner - Encyklopedia Malarstwa\" \/>\n<meta property=\"og:description\" content=\"Stefan Lochner, znany r\u00f3wnie\u017c jako mistrz Stefan, by\u0142 niemieckim malarzem \u017cyj\u0105cym w okresie p\u00f3\u017anego gotyku.\" \/>\n<meta property=\"og:url\" content=\"https:\/\/www.encyklopediamalarstwa.pl\/index.php\/2024\/01\/24\/stefan-lochner\/\" \/>\n<meta property=\"og:site_name\" content=\"Encyklopedia Malarstwa\" \/>\n<meta property=\"article:published_time\" content=\"2024-01-24T13:30:34+00:00\" \/>\n<meta property=\"article:modified_time\" content=\"2024-01-26T13:34:11+00:00\" \/>\n<meta property=\"og:image\" content=\"https:\/\/www.encyklopediamalarstwa.pl\/wp-content\/uploads\/2024\/01\/Stefan-Lochner-Dziewica-ukoronowana-przez-aniolow-ok.-1450.jpg\" \/>\n\t<meta property=\"og:image:width\" content=\"800\" \/>\n\t<meta property=\"og:image:height\" content=\"1388\" \/>\n\t<meta property=\"og:image:type\" content=\"image\/jpeg\" \/>\n<meta name=\"author\" content=\"admin\" \/>\n<meta name=\"twitter:card\" content=\"summary_large_image\" \/>\n<meta name=\"twitter:label1\" content=\"Napisane przez\" \/>\n\t<meta name=\"twitter:data1\" content=\"admin\" \/>\n\t<meta name=\"twitter:label2\" content=\"Szacowany czas czytania\" \/>\n\t<meta name=\"twitter:data2\" content=\"5 minut\" \/>\n<script type=\"application\/ld+json\" class=\"yoast-schema-graph\">{\"@context\":\"https:\/\/schema.org\",\"@graph\":[{\"@type\":\"Article\",\"@id\":\"https:\/\/www.encyklopediamalarstwa.pl\/index.php\/2024\/01\/24\/stefan-lochner\/#article\",\"isPartOf\":{\"@id\":\"https:\/\/www.encyklopediamalarstwa.pl\/index.php\/2024\/01\/24\/stefan-lochner\/\"},\"author\":{\"name\":\"admin\",\"@id\":\"https:\/\/www.encyklopediamalarstwa.pl\/#\/schema\/person\/1a6b3ac5c26a28667ef7613105b7c5d6\"},\"headline\":\"Stefan Lochner\",\"datePublished\":\"2024-01-24T13:30:34+00:00\",\"dateModified\":\"2024-01-26T13:34:11+00:00\",\"mainEntityOfPage\":{\"@id\":\"https:\/\/www.encyklopediamalarstwa.pl\/index.php\/2024\/01\/24\/stefan-lochner\/\"},\"wordCount\":275,\"commentCount\":0,\"publisher\":{\"@id\":\"https:\/\/www.encyklopediamalarstwa.pl\/#\/schema\/person\/1a6b3ac5c26a28667ef7613105b7c5d6\"},\"keywords\":[\"malarstwo religijne\",\"niemiecki malarz\"],\"articleSection\":[\"P\u00f3\u017any gotyk\"],\"inLanguage\":\"pl-PL\",\"potentialAction\":[{\"@type\":\"CommentAction\",\"name\":\"Comment\",\"target\":[\"https:\/\/www.encyklopediamalarstwa.pl\/index.php\/2024\/01\/24\/stefan-lochner\/#respond\"]}]},{\"@type\":\"WebPage\",\"@id\":\"https:\/\/www.encyklopediamalarstwa.pl\/index.php\/2024\/01\/24\/stefan-lochner\/\",\"url\":\"https:\/\/www.encyklopediamalarstwa.pl\/index.php\/2024\/01\/24\/stefan-lochner\/\",\"name\":\"Stefan Lochner - Encyklopedia Malarstwa\",\"isPartOf\":{\"@id\":\"https:\/\/www.encyklopediamalarstwa.pl\/#website\"},\"datePublished\":\"2024-01-24T13:30:34+00:00\",\"dateModified\":\"2024-01-26T13:34:11+00:00\",\"description\":\"Stefan Lochner, znany r\u00f3wnie\u017c jako mistrz Stefan, by\u0142 niemieckim malarzem \u017cyj\u0105cym w okresie p\u00f3\u017anego gotyku.\",\"breadcrumb\":{\"@id\":\"https:\/\/www.encyklopediamalarstwa.pl\/index.php\/2024\/01\/24\/stefan-lochner\/#breadcrumb\"},\"inLanguage\":\"pl-PL\",\"potentialAction\":[{\"@type\":\"ReadAction\",\"target\":[\"https:\/\/www.encyklopediamalarstwa.pl\/index.php\/2024\/01\/24\/stefan-lochner\/\"]}]},{\"@type\":\"BreadcrumbList\",\"@id\":\"https:\/\/www.encyklopediamalarstwa.pl\/index.php\/2024\/01\/24\/stefan-lochner\/#breadcrumb\",\"itemListElement\":[{\"@type\":\"ListItem\",\"position\":1,\"name\":\"Strona g\u0142\u00f3wna\",\"item\":\"https:\/\/www.encyklopediamalarstwa.pl\/\"},{\"@type\":\"ListItem\",\"position\":2,\"name\":\"Stefan Lochner\"}]},{\"@type\":\"WebSite\",\"@id\":\"https:\/\/www.encyklopediamalarstwa.pl\/#website\",\"url\":\"https:\/\/www.encyklopediamalarstwa.pl\/\",\"name\":\"Encyklopedia Malarstwa\",\"description\":\"Sztuka w Twoim domu\",\"publisher\":{\"@id\":\"https:\/\/www.encyklopediamalarstwa.pl\/#\/schema\/person\/1a6b3ac5c26a28667ef7613105b7c5d6\"},\"potentialAction\":[{\"@type\":\"SearchAction\",\"target\":{\"@type\":\"EntryPoint\",\"urlTemplate\":\"https:\/\/www.encyklopediamalarstwa.pl\/?s={search_term_string}\"},\"query-input\":\"required name=search_term_string\"}],\"inLanguage\":\"pl-PL\"},{\"@type\":[\"Person\",\"Organization\"],\"@id\":\"https:\/\/www.encyklopediamalarstwa.pl\/#\/schema\/person\/1a6b3ac5c26a28667ef7613105b7c5d6\",\"name\":\"admin\",\"image\":{\"@type\":\"ImageObject\",\"inLanguage\":\"pl-PL\",\"@id\":\"https:\/\/www.encyklopediamalarstwa.pl\/#\/schema\/person\/image\/\",\"url\":\"https:\/\/www.encyklopediamalarstwa.pl\/wp-content\/uploads\/2023\/11\/avatar.png\",\"contentUrl\":\"https:\/\/www.encyklopediamalarstwa.pl\/wp-content\/uploads\/2023\/11\/avatar.png\",\"width\":688,\"height\":748,\"caption\":\"admin\"},\"logo\":{\"@id\":\"https:\/\/www.encyklopediamalarstwa.pl\/#\/schema\/person\/image\/\"},\"sameAs\":[\"https:\/\/www.encyklopediamalarstwa.pl\"],\"url\":\"https:\/\/www.encyklopediamalarstwa.pl\/index.php\/author\/admin\/\"}]}<\/script>\n<!-- \/ Yoast SEO plugin. -->","yoast_head_json":{"title":"Stefan Lochner - Encyklopedia Malarstwa","description":"Stefan Lochner, znany r\u00f3wnie\u017c jako mistrz Stefan, by\u0142 niemieckim malarzem \u017cyj\u0105cym w okresie p\u00f3\u017anego gotyku.","robots":{"index":"index","follow":"follow","max-snippet":"max-snippet:-1","max-image-preview":"max-image-preview:large","max-video-preview":"max-video-preview:-1"},"canonical":"https:\/\/www.encyklopediamalarstwa.pl\/index.php\/2024\/01\/24\/stefan-lochner\/","og_locale":"pl_PL","og_type":"article","og_title":"Stefan Lochner - Encyklopedia Malarstwa","og_description":"Stefan Lochner, znany r\u00f3wnie\u017c jako mistrz Stefan, by\u0142 niemieckim malarzem \u017cyj\u0105cym w okresie p\u00f3\u017anego gotyku.","og_url":"https:\/\/www.encyklopediamalarstwa.pl\/index.php\/2024\/01\/24\/stefan-lochner\/","og_site_name":"Encyklopedia Malarstwa","article_published_time":"2024-01-24T13:30:34+00:00","article_modified_time":"2024-01-26T13:34:11+00:00","og_image":[{"width":800,"height":1388,"url":"https:\/\/www.encyklopediamalarstwa.pl\/wp-content\/uploads\/2024\/01\/Stefan-Lochner-Dziewica-ukoronowana-przez-aniolow-ok.-1450.jpg","type":"image\/jpeg"}],"author":"admin","twitter_card":"summary_large_image","twitter_misc":{"Napisane przez":"admin","Szacowany czas czytania":"5 minut"},"schema":{"@context":"https:\/\/schema.org","@graph":[{"@type":"Article","@id":"https:\/\/www.encyklopediamalarstwa.pl\/index.php\/2024\/01\/24\/stefan-lochner\/#article","isPartOf":{"@id":"https:\/\/www.encyklopediamalarstwa.pl\/index.php\/2024\/01\/24\/stefan-lochner\/"},"author":{"name":"admin","@id":"https:\/\/www.encyklopediamalarstwa.pl\/#\/schema\/person\/1a6b3ac5c26a28667ef7613105b7c5d6"},"headline":"Stefan Lochner","datePublished":"2024-01-24T13:30:34+00:00","dateModified":"2024-01-26T13:34:11+00:00","mainEntityOfPage":{"@id":"https:\/\/www.encyklopediamalarstwa.pl\/index.php\/2024\/01\/24\/stefan-lochner\/"},"wordCount":275,"commentCount":0,"publisher":{"@id":"https:\/\/www.encyklopediamalarstwa.pl\/#\/schema\/person\/1a6b3ac5c26a28667ef7613105b7c5d6"},"keywords":["malarstwo religijne","niemiecki malarz"],"articleSection":["P\u00f3\u017any gotyk"],"inLanguage":"pl-PL","potentialAction":[{"@type":"CommentAction","name":"Comment","target":["https:\/\/www.encyklopediamalarstwa.pl\/index.php\/2024\/01\/24\/stefan-lochner\/#respond"]}]},{"@type":"WebPage","@id":"https:\/\/www.encyklopediamalarstwa.pl\/index.php\/2024\/01\/24\/stefan-lochner\/","url":"https:\/\/www.encyklopediamalarstwa.pl\/index.php\/2024\/01\/24\/stefan-lochner\/","name":"Stefan Lochner - Encyklopedia Malarstwa","isPartOf":{"@id":"https:\/\/www.encyklopediamalarstwa.pl\/#website"},"datePublished":"2024-01-24T13:30:34+00:00","dateModified":"2024-01-26T13:34:11+00:00","description":"Stefan Lochner, znany r\u00f3wnie\u017c jako mistrz Stefan, by\u0142 niemieckim malarzem \u017cyj\u0105cym w okresie p\u00f3\u017anego gotyku.","breadcrumb":{"@id":"https:\/\/www.encyklopediamalarstwa.pl\/index.php\/2024\/01\/24\/stefan-lochner\/#breadcrumb"},"inLanguage":"pl-PL","potentialAction":[{"@type":"ReadAction","target":["https:\/\/www.encyklopediamalarstwa.pl\/index.php\/2024\/01\/24\/stefan-lochner\/"]}]},{"@type":"BreadcrumbList","@id":"https:\/\/www.encyklopediamalarstwa.pl\/index.php\/2024\/01\/24\/stefan-lochner\/#breadcrumb","itemListElement":[{"@type":"ListItem","position":1,"name":"Strona g\u0142\u00f3wna","item":"https:\/\/www.encyklopediamalarstwa.pl\/"},{"@type":"ListItem","position":2,"name":"Stefan Lochner"}]},{"@type":"WebSite","@id":"https:\/\/www.encyklopediamalarstwa.pl\/#website","url":"https:\/\/www.encyklopediamalarstwa.pl\/","name":"Encyklopedia Malarstwa","description":"Sztuka w Twoim domu","publisher":{"@id":"https:\/\/www.encyklopediamalarstwa.pl\/#\/schema\/person\/1a6b3ac5c26a28667ef7613105b7c5d6"},"potentialAction":[{"@type":"SearchAction","target":{"@type":"EntryPoint","urlTemplate":"https:\/\/www.encyklopediamalarstwa.pl\/?s={search_term_string}"},"query-input":"required name=search_term_string"}],"inLanguage":"pl-PL"},{"@type":["Person","Organization"],"@id":"https:\/\/www.encyklopediamalarstwa.pl\/#\/schema\/person\/1a6b3ac5c26a28667ef7613105b7c5d6","name":"admin","image":{"@type":"ImageObject","inLanguage":"pl-PL","@id":"https:\/\/www.encyklopediamalarstwa.pl\/#\/schema\/person\/image\/","url":"https:\/\/www.encyklopediamalarstwa.pl\/wp-content\/uploads\/2023\/11\/avatar.png","contentUrl":"https:\/\/www.encyklopediamalarstwa.pl\/wp-content\/uploads\/2023\/11\/avatar.png","width":688,"height":748,"caption":"admin"},"logo":{"@id":"https:\/\/www.encyklopediamalarstwa.pl\/#\/schema\/person\/image\/"},"sameAs":["https:\/\/www.encyklopediamalarstwa.pl"],"url":"https:\/\/www.encyklopediamalarstwa.pl\/index.php\/author\/admin\/"}]}},"_links":{"self":[{"href":"https:\/\/www.encyklopediamalarstwa.pl\/index.php\/wp-json\/wp\/v2\/posts\/2770","targetHints":{"allow":["GET"]}}],"collection":[{"href":"https:\/\/www.encyklopediamalarstwa.pl\/index.php\/wp-json\/wp\/v2\/posts"}],"about":[{"href":"https:\/\/www.encyklopediamalarstwa.pl\/index.php\/wp-json\/wp\/v2\/types\/post"}],"author":[{"embeddable":true,"href":"https:\/\/www.encyklopediamalarstwa.pl\/index.php\/wp-json\/wp\/v2\/users\/1"}],"replies":[{"embeddable":true,"href":"https:\/\/www.encyklopediamalarstwa.pl\/index.php\/wp-json\/wp\/v2\/comments?post=2770"}],"version-history":[{"count":13,"href":"https:\/\/www.encyklopediamalarstwa.pl\/index.php\/wp-json\/wp\/v2\/posts\/2770\/revisions"}],"predecessor-version":[{"id":2796,"href":"https:\/\/www.encyklopediamalarstwa.pl\/index.php\/wp-json\/wp\/v2\/posts\/2770\/revisions\/2796"}],"wp:featuredmedia":[{"embeddable":true,"href":"https:\/\/www.encyklopediamalarstwa.pl\/index.php\/wp-json\/wp\/v2\/media\/2788"}],"wp:attachment":[{"href":"https:\/\/www.encyklopediamalarstwa.pl\/index.php\/wp-json\/wp\/v2\/media?parent=2770"}],"wp:term":[{"taxonomy":"category","embeddable":true,"href":"https:\/\/www.encyklopediamalarstwa.pl\/index.php\/wp-json\/wp\/v2\/categories?post=2770"},{"taxonomy":"post_tag","embeddable":true,"href":"https:\/\/www.encyklopediamalarstwa.pl\/index.php\/wp-json\/wp\/v2\/tags?post=2770"}],"curies":[{"name":"wp","href":"https:\/\/api.w.org\/{rel}","templated":true}]}}