{"id":2345,"date":"2024-01-10T17:33:36","date_gmt":"2024-01-10T16:33:36","guid":{"rendered":"https:\/\/www.encyklopediamalarstwa.pl\/?p=2345"},"modified":"2024-01-10T22:05:03","modified_gmt":"2024-01-10T21:05:03","slug":"fra-angelico","status":"publish","type":"post","link":"https:\/\/www.encyklopediamalarstwa.pl\/index.php\/2024\/01\/10\/fra-angelico\/","title":{"rendered":"Fra Angelico"},"content":{"rendered":"\t\t<div data-elementor-type=\"wp-post\" data-elementor-id=\"2345\" class=\"elementor elementor-2345\">\n\t\t\t\t\t\t\t<div class=\"elementor-element elementor-element-bf36132 e-flex e-con-boxed e-con e-parent\" data-id=\"bf36132\" data-element_type=\"container\" data-settings=\"{&quot;content_width&quot;:&quot;boxed&quot;}\" data-core-v316-plus=\"true\">\n\t\t\t\t\t<div class=\"e-con-inner\">\n\t\t\t\t<div class=\"elementor-element elementor-element-3998507 elementor-widget elementor-widget-text-editor\" data-id=\"3998507\" data-element_type=\"widget\" data-widget_type=\"text-editor.default\">\n\t\t\t\t<div class=\"elementor-widget-container\">\n\t\t\t<style>\/*! elementor - v3.18.0 - 08-12-2023 *\/\n.elementor-widget-text-editor.elementor-drop-cap-view-stacked .elementor-drop-cap{background-color:#69727d;color:#fff}.elementor-widget-text-editor.elementor-drop-cap-view-framed .elementor-drop-cap{color:#69727d;border:3px solid;background-color:transparent}.elementor-widget-text-editor:not(.elementor-drop-cap-view-default) .elementor-drop-cap{margin-top:8px}.elementor-widget-text-editor:not(.elementor-drop-cap-view-default) .elementor-drop-cap-letter{width:1em;height:1em}.elementor-widget-text-editor .elementor-drop-cap{float:left;text-align:center;line-height:1;font-size:50px}.elementor-widget-text-editor .elementor-drop-cap-letter{display:inline-block}<\/style>\t\t\t\t<p>Fra Angelico, w\u0142a\u015bciwie Guido di Pietro da Mugello, by\u0142 w\u0142oskim malarzem okresu wczesnego renesansu. Urodzi\u0142 si\u0119 oko\u0142o 1387 roku w Vicchio, Toskania, a zmar\u0142 18 lutego 1455 roku w Rzymie. Zosta\u0142 beatyfikowany przez papie\u017ca Jana Paw\u0142a II 3 pa\u017adziernika 1982 roku i jest patronem artyst\u00f3w, tw\u00f3rc\u00f3w kultury oraz historyk\u00f3w sztuki.<\/p><h2>Fra Angelico &#8211; wczesne \u017cycie i edukacja<\/h2><p>Fra Angelico wst\u0105pi\u0142 do dominika\u0144skiego klasztoru w Fiesole w wieku 20 lat i przyj\u0105\u0142 imi\u0119 Giovanni da Fiesole. Malowania uczy\u0142 si\u0119 we Florencji, prawdopodobnie u Masolina, od kt\u00f3rego przej\u0105\u0142 tzw. styl \u201cdekoracyjny\u201d, charakteryzuj\u0105cy si\u0119 mi\u0142o\u015bci\u0105 do dekoracji, linearyzmu i czystych kolor\u00f3w. Jego wczesne dzie\u0142o, poliptyk dla klasztoru San Domenico we Fiesole przedstawiaj\u0105cy Madonn\u0119 na tronie otoczon\u0105 \u015bwi\u0119tymi.<\/p><h2>Praca artystyczna<\/h2><p>W swojej p\u00f3\u017aniejszej tw\u00f3rczo\u015bci Fra Angelico stara\u0142 si\u0119 uwolni\u0107 od wp\u0142ywu gotyku, d\u0105\u017c\u0105c do uproszczenia i monumentalno\u015bci. W 1438 roku rozpocz\u0105\u0142 prace w klasztorze San Marco we Florencji, gdzie w ci\u0105gu oko\u0142o 12 kolejnych lat ozdobi\u0142 freskami 40 cel zakonnych. Malowid\u0142a te przedstawiaj\u0105 narodziny, \u015bmier\u0107 i zmartwychwstanie Chrystusa, co niew\u0105tpliwie u\u0142atwia\u0142o mnichom kontemplacj\u0119. W 1445 roku, na pro\u015bb\u0119 papie\u017ca Eugeniusza IV, Fra Angelico przyby\u0142 do Rzymu i dwa lata p\u00f3\u017aniej rozpocz\u0105\u0142 prace w kaplicy Miko\u0142aja V w Watykanie i w katedrze w Orvieto.<\/p><h2>Cechy charakterystyczne dla stylu malarskiego Fra Angelico<\/h2><ol><li><strong>Religijno\u015b\u0107 i Duchowo\u015b\u0107:<\/strong> Fra Angelico by\u0142 zakonnikiem dominikaninem, co silnie wp\u0142ywa\u0142o na jego tw\u00f3rczo\u015b\u0107. Jego prace by\u0142y nasycone duchowo\u015bci\u0105 i g\u0142\u0119bok\u0105 wiar\u0105. Tematyka jego obraz\u00f3w skupia\u0142a si\u0119 g\u0142\u00f3wnie na scenach biblijnych i religijnych.<\/li><li><strong>Delikatno\u015b\u0107 i \u0141agodno\u015b\u0107:<\/strong> Jego styl malarski charakteryzowa\u0142a delikatno\u015b\u0107 i \u0142agodno\u015b\u0107. Postacie na jego obrazach cz\u0119sto wydaj\u0105 si\u0119 spokojne, subtelne, emanuj\u0105ce dobrem. Kolory s\u0105 jasne i stonowane, co podkre\u015bla harmoni\u0119 i r\u00f3wnowag\u0119 w dzie\u0142ach.<\/li><li><strong>Skomplikowane Kompozycje:<\/strong> Uzdolniony artystycznie mnich zazwyczaj stosowa\u0142 skomplikowane kompozycje, co mo\u017cna zauwa\u017cy\u0107 w jego freskach w klasztorze San Marco we Florencji. Uk\u0142ada\u0142 postacie w spos\u00f3b, kt\u00f3ry przyci\u0105ga\u0142 uwag\u0119 i prowadzi\u0142 widza przez ca\u0142\u0105 scen\u0119.<\/li><li><strong>Klasyczna Technika Malarstwa:<\/strong> Jego technika malarska by\u0142a mocno zakorzeniona w tradycji, ale jednocze\u015bnie otwarta na nowo\u015bci renesansowe. Malowa\u0142 technik\u0105 tempery na p\u0142\u00f3tnie lub drewnie, stosuj\u0105c precyzyjne poci\u0105gni\u0119cia p\u0119dzla.<\/li><li><strong>U\u017cywanie Z\u0142ota:<\/strong> Artysta cz\u0119sto u\u017cywa\u0142 z\u0142ota na swoich obrazach, co nadawa\u0142o im szczeg\u00f3lnego blasku i podkre\u015bla\u0142o ich sakralny charakter.<\/li><li><strong>Kontynuacja Tradycji Gotyku:<\/strong> Mimo \u017ce dzia\u0142a\u0142 w czasach renesansu, jego dzie\u0142a cz\u0119sto zachowywa\u0142y pewne cechy gotyku, takie jak p\u0142askie perspektywy i skomplikowane ornamenty.<\/li><\/ol><h2>Dzie\u0142a<\/h2><p>Fra Angelico malowa\u0142 wy\u0142\u0105cznie tematy religijne. Opr\u00f3cz obraz\u00f3w temperowych malowa\u0142 tak\u017ce freski i miniatury. Jego dzie\u0142a to m.in.:<\/p><ul><li>Dziewica z Dzieci\u0105tkiem i \u015awi\u0119tymi Dominikiem i Tomaszem (ok. 1424-1430)<\/li><li>Zwiastowanie (ok. 1430-1432)<\/li><li>Koronacja Matki Boskiej z anio\u0142ami i \u015bwi\u0119tymi (ok. 1432)<\/li><li>Koronacja Maryi (1434-1435)<\/li><li>Zdj\u0119cie z krzy\u017ca (1436-1440)<\/li><li>Madonny z Dzieci\u0105tkiem i anio\u0142ami (ok. 1437)<\/li><\/ul><h2>\u015amier\u0107 i dziedzictwo<\/h2><p>Mnich-malarz zmar\u0142 18 lutego 1455 roku w Rzymie. Jego grobowiec znajduje si\u0119 w rzymskiej bazylice Naj\u015bwi\u0119tszej Maryi Panny powy\u017cej Minerwy. W 1984 roku papie\u017c Jan Pawe\u0142 II og\u0142osi\u0142 go patronem artyst\u00f3w i tw\u00f3rc\u00f3w kultury. W Polsce jest patronem historyk\u00f3w sztuki. Wspomnienie liturgiczne w Ko\u015bciele katolickim obchodzone jest 18 lutego.<\/p><h2>\u0179r\u00f3d\u0142a<\/h2><ol><li>https:\/\/pl.wikipedia.org\/wiki\/Fra_Angelico<\/li><li>https:\/\/en.wikipedia.org\/wiki\/Fra_Angelico<\/li><li><a href=\"https:\/\/pl.wikisource.org\/wiki\/Fra_Angelico_i_jego_epoka\/%C5%B9r%C3%B3d%C5%82a_tw%C3%B3rczo%C5%9Bci_Fra_Angelica\">https:\/\/pl.wikisource.org\/wiki\/Fra_Angelico_i_jego_epoka<\/a><\/li><li>https:\/\/italjarek.pl\/zwiastowanie-fra-angelico\/<\/li><li>https:\/\/italjarek.pl\/adwentowy-fresk-fra-angelico\/<\/li><\/ol>\t\t\t\t\t\t<\/div>\n\t\t\t\t<\/div>\n\t\t\t\t\t<\/div>\n\t\t\t\t<\/div>\n\t\t<div class=\"elementor-element elementor-element-7adc13f e-flex e-con-boxed e-con e-parent\" data-id=\"7adc13f\" data-element_type=\"container\" data-settings=\"{&quot;content_width&quot;:&quot;boxed&quot;}\" data-core-v316-plus=\"true\">\n\t\t\t\t\t<div class=\"e-con-inner\">\n\t\t\t\t<div class=\"elementor-element elementor-element-2dcc469 elementor-widget elementor-widget-penci-image-gallery\" data-id=\"2dcc469\" data-element_type=\"widget\" data-widget_type=\"penci-image-gallery.default\">\n\t\t\t\t<div class=\"elementor-widget-container\">\n\t\t\t        <div data-sliderid=\"68453\" id=\"penci-image_gallery_68453\"\n             class=\"penci-block-vc penci-image-gallery penci-image-gallery-masonry\">\n\t\t\t        <div class=\"penci-border-arrow penci-homepage-title penci-home-latest-posts style-1 pcalign-center pciconp-right pcicon-right block-title-icon-left\">\r\n            <h3 class=\"inner-arrow\">\r\n                <span>\r\n                    <span>Fra Angelico - Galeria obraz\u00f3w<\/a>                <\/span>\r\n            <\/h3>\r\n\t\t\t        <\/div>\r\n\t\t            <div class=\"penci-block_content \">\n\t\t\t\t<div class=\"penci-post-gallery-container masonry column-3\" data-height=\"150\" data-margin=\"3\"><div class=\"inner-gallery-masonry-container\"><div class=\"item-gallery-masonry\"><a class=\"penci-gallery-ite item-link-relative\" href=\"https:\/\/www.encyklopediamalarstwa.pl\/wp-content\/uploads\/2024\/01\/Aniol-Zwiastujacy-miedzy-1450-a-1455.jpg\" data-rel=\"penci-gallery-image-content\"  data-cap=\"Anio\u0142 Zwiastuj\u0105cy (mi\u0119dzy 1450 a 1455)\" data-rel=\"penci-gallery-image-content\" data-idwrap=\"penci-image_gallery_68453\"><div class=\"inner-item-masonry-gallery\"><span class=\"penci-isotope-padding\" style=\"padding-bottom:121.70940171%;\"><\/span><img decoding=\"async\" src=\"https:\/\/www.encyklopediamalarstwa.pl\/wp-content\/uploads\/2024\/01\/Aniol-Zwiastujacy-miedzy-1450-a-1455-585x712.jpg\" alt=\"Anio\u0142 Zwiastuj\u0105cy (mi\u0119dzy 1450 a 1455)\" title=\"Anio\u0142 Zwiastuj\u0105cy (mi\u0119dzy 1450 a 1455)\"><\/div><\/a><\/div><div class=\"item-gallery-masonry\"><a class=\"penci-gallery-ite item-link-relative\" href=\"https:\/\/www.encyklopediamalarstwa.pl\/wp-content\/uploads\/2024\/01\/Apostol-Jakub-Wiekszy-uwalniajacy-maga-Hermogenesa-okolo-1426-r.jpg\" data-rel=\"penci-gallery-image-content\"  data-cap=\"Aposto\u0142 Jakub Wi\u0119kszy uwalniaj\u0105cy maga Hermogenesa (oko\u0142o 1426 r.)\" data-rel=\"penci-gallery-image-content\" data-idwrap=\"penci-image_gallery_68453\"><div class=\"inner-item-masonry-gallery\"><span class=\"penci-isotope-padding\" style=\"padding-bottom:115.89743590%;\"><\/span><img decoding=\"async\" src=\"https:\/\/www.encyklopediamalarstwa.pl\/wp-content\/uploads\/2024\/01\/Apostol-Jakub-Wiekszy-uwalniajacy-maga-Hermogenesa-okolo-1426-r-585x678.jpg\" alt=\"Aposto\u0142 Jakub Wi\u0119kszy uwalniaj\u0105cy maga Hermogenesa (oko\u0142o 1426 r.)\" title=\"Aposto\u0142 Jakub Wi\u0119kszy uwalniaj\u0105cy maga Hermogenesa (oko\u0142o 1426 r.)\"><\/div><\/a><\/div><div class=\"item-gallery-masonry\"><a class=\"penci-gallery-ite item-link-relative\" href=\"https:\/\/www.encyklopediamalarstwa.pl\/wp-content\/uploads\/2024\/01\/Dziewica-Pokory-od-1433-do-1435.jpg\" data-rel=\"penci-gallery-image-content\"  data-cap=\"Dziewica Pokory (od 1433 do 1435)\" data-rel=\"penci-gallery-image-content\" data-idwrap=\"penci-image_gallery_68453\"><div class=\"inner-item-masonry-gallery\"><span class=\"penci-isotope-padding\" style=\"padding-bottom:197.94871795%;\"><\/span><img decoding=\"async\" src=\"https:\/\/www.encyklopediamalarstwa.pl\/wp-content\/uploads\/2024\/01\/Dziewica-Pokory-od-1433-do-1435-585x1158.jpg\" alt=\"Dziewica Pokory (od 1433 do 1435)\" title=\"Dziewica Pokory (od 1433 do 1435)\"><\/div><\/a><\/div><div class=\"item-gallery-masonry\"><a class=\"penci-gallery-ite item-link-relative\" href=\"https:\/\/www.encyklopediamalarstwa.pl\/wp-content\/uploads\/2024\/01\/Fra-Angelico-fresk-w-jednej-z-sal-zakonnych-w-San-Marco-florencja-scaled.jpg\" data-rel=\"penci-gallery-image-content\"  data-cap=\"Fra Angelico - fresk w jednej z sal zakonnych w San Marco, Florencja\" data-rel=\"penci-gallery-image-content\" data-idwrap=\"penci-image_gallery_68453\"><div class=\"inner-item-masonry-gallery\"><span class=\"penci-isotope-padding\" style=\"padding-bottom:56.23931624%;\"><\/span><img decoding=\"async\" src=\"https:\/\/www.encyklopediamalarstwa.pl\/wp-content\/uploads\/2024\/01\/Fra-Angelico-fresk-w-jednej-z-sal-zakonnych-w-San-Marco-florencja-585x329.jpg\" alt=\"Fra Angelico - fresk w jednej z sal zakonnych w San Marco, Florencja\" title=\"Fra Angelico &#8211; fresk w jednej z sal zakonnych w San Marco, Florencja\"><\/div><\/a><\/div><div class=\"item-gallery-masonry\"><a class=\"penci-gallery-ite item-link-relative\" href=\"https:\/\/www.encyklopediamalarstwa.pl\/wp-content\/uploads\/2024\/01\/Fra-Angelico-fresk-w-klasztorze-San-Marco-we-Florencji.jpg\" data-rel=\"penci-gallery-image-content\"  data-cap=\"Fra Angelico - fresk w klasztorze San Marco we Florencji\" data-rel=\"penci-gallery-image-content\" data-idwrap=\"penci-image_gallery_68453\"><div class=\"inner-item-masonry-gallery\"><span class=\"penci-isotope-padding\" style=\"padding-bottom:81.19658120%;\"><\/span><img decoding=\"async\" src=\"https:\/\/www.encyklopediamalarstwa.pl\/wp-content\/uploads\/2024\/01\/Fra-Angelico-fresk-w-klasztorze-San-Marco-we-Florencji-585x475.jpg\" alt=\"Fra Angelico - fresk w klasztorze San Marco we Florencji\" title=\"Fra Angelico &#8211; fresk w klasztorze San Marco we Florencji\"><\/div><\/a><\/div><div class=\"item-gallery-masonry\"><a class=\"penci-gallery-ite item-link-relative\" href=\"https:\/\/www.encyklopediamalarstwa.pl\/wp-content\/uploads\/2024\/01\/Fra-Angelico-Maryja-z-dzieciatkiem-scaled.jpg\" data-rel=\"penci-gallery-image-content\"  data-cap=\"Fra Angelico - Maryja z dzieci\u0105tkiem\" data-rel=\"penci-gallery-image-content\" data-idwrap=\"penci-image_gallery_68453\"><div class=\"inner-item-masonry-gallery\"><span class=\"penci-isotope-padding\" style=\"padding-bottom:227.52136752%;\"><\/span><img decoding=\"async\" src=\"https:\/\/www.encyklopediamalarstwa.pl\/wp-content\/uploads\/2024\/01\/Fra-Angelico-Maryja-z-dzieciatkiem-scaled-585x1331.jpg\" alt=\"Fra Angelico - Maryja z dzieci\u0105tkiem\" title=\"Fra Angelico &#8211; Maryja z dzieci\u0105tkiem\"><\/div><\/a><\/div><div class=\"item-gallery-masonry\"><a class=\"penci-gallery-ite item-link-relative\" href=\"https:\/\/www.encyklopediamalarstwa.pl\/wp-content\/uploads\/2024\/01\/Fra-Angelico-Saint-Romuald-c.-1440.jpg\" data-rel=\"penci-gallery-image-content\"  data-cap=\"Fra Angelico - Saint Romuald (c. 1440)\" data-rel=\"penci-gallery-image-content\" data-idwrap=\"penci-image_gallery_68453\"><div class=\"inner-item-masonry-gallery\"><span class=\"penci-isotope-padding\" style=\"padding-bottom:293.33333333%;\"><\/span><img decoding=\"async\" src=\"https:\/\/www.encyklopediamalarstwa.pl\/wp-content\/uploads\/2024\/01\/Fra-Angelico-Saint-Romuald-c.-1440-585x1716.jpg\" alt=\"Fra Angelico - Saint Romuald (c. 1440)\" title=\"Fra Angelico &#8211; Saint Romuald (c. 1440)\"><\/div><\/a><\/div><div class=\"item-gallery-masonry\"><a class=\"penci-gallery-ite item-link-relative\" href=\"https:\/\/www.encyklopediamalarstwa.pl\/wp-content\/uploads\/2024\/01\/Fra-Angelico-Sad-Ostateczny-miedzy-1435-a-1440.jpg\" data-rel=\"penci-gallery-image-content\"  data-cap=\"Fra Angelico - S\u0105d Ostateczny (mi\u0119dzy 1435 a 1440)\" data-rel=\"penci-gallery-image-content\" data-idwrap=\"penci-image_gallery_68453\"><div class=\"inner-item-masonry-gallery\"><span class=\"penci-isotope-padding\" style=\"padding-bottom:82.73504274%;\"><\/span><img decoding=\"async\" src=\"https:\/\/www.encyklopediamalarstwa.pl\/wp-content\/uploads\/2024\/01\/Fra-Angelico-Sad-Ostateczny-miedzy-1435-a-1440-585x484.jpg\" alt=\"Fra Angelico - S\u0105d Ostateczny (mi\u0119dzy 1435 a 1440)\" title=\"Fra Angelico &#8211; S\u0105d Ostateczny (mi\u0119dzy 1435 a 1440)\"><\/div><\/a><\/div><div class=\"item-gallery-masonry\"><a class=\"penci-gallery-ite item-link-relative\" href=\"https:\/\/www.encyklopediamalarstwa.pl\/wp-content\/uploads\/2024\/01\/Fra-Angelico-Sw.-Romuald-odmawia-cesarzowi-Ottonowi-III-wstepu-do-kosciola-1435.jpg\" data-rel=\"penci-gallery-image-content\"  data-cap=\"Fra Angelico - \u015aw. Romuald odmawia cesarzowi Ottonowi III wst\u0119pu do ko\u015bcio\u0142a (1435)\" data-rel=\"penci-gallery-image-content\" data-idwrap=\"penci-image_gallery_68453\"><div class=\"inner-item-masonry-gallery\"><span class=\"penci-isotope-padding\" style=\"padding-bottom:80.85470085%;\"><\/span><img decoding=\"async\" src=\"https:\/\/www.encyklopediamalarstwa.pl\/wp-content\/uploads\/2024\/01\/Fra-Angelico-Sw.-Romuald-odmawia-cesarzowi-Ottonowi-III-wstepu-do-kosciola-1435-585x473.jpg\" alt=\"Fra Angelico - \u015aw. Romuald odmawia cesarzowi Ottonowi III wst\u0119pu do ko\u015bcio\u0142a (1435)\" title=\"Fra Angelico &#8211; \u015aw. Romuald odmawia cesarzowi Ottonowi III wst\u0119pu do ko\u015bcio\u0142a (1435)\"><\/div><\/a><\/div><div class=\"item-gallery-masonry\"><a class=\"penci-gallery-ite item-link-relative\" href=\"https:\/\/www.encyklopediamalarstwa.pl\/wp-content\/uploads\/2024\/01\/Fra-Angelico-\u2013-Zlozenie-Chrystusa-do-grobu-scaled.jpg\" data-rel=\"penci-gallery-image-content\"  data-cap=\"Fra Angelico \u2013 Z\u0142o\u017cenie Chrystusa do grobu\" data-rel=\"penci-gallery-image-content\" data-idwrap=\"penci-image_gallery_68453\"><div class=\"inner-item-masonry-gallery\"><span class=\"penci-isotope-padding\" style=\"padding-bottom:75.04273504%;\"><\/span><img decoding=\"async\" src=\"https:\/\/www.encyklopediamalarstwa.pl\/wp-content\/uploads\/2024\/01\/Fra-Angelico-\u2013-Zlozenie-Chrystusa-do-grobu-585x439.jpg\" alt=\"Fra Angelico \u2013 Z\u0142o\u017cenie Chrystusa do grobu\" title=\"Fra Angelico \u2013 Z\u0142o\u017cenie Chrystusa do grobu\"><\/div><\/a><\/div><div class=\"item-gallery-masonry\"><a class=\"penci-gallery-ite item-link-relative\" href=\"https:\/\/www.encyklopediamalarstwa.pl\/wp-content\/uploads\/2024\/01\/Fresk-w-celi-zakonnej-w-San-Marco-Florencja-scaled.jpg\" data-rel=\"penci-gallery-image-content\"  data-cap=\"Fresk w celi zakonnej w San Marco, Florencja\" data-rel=\"penci-gallery-image-content\" data-idwrap=\"penci-image_gallery_68453\"><div class=\"inner-item-masonry-gallery\"><span class=\"penci-isotope-padding\" style=\"padding-bottom:115.89743590%;\"><\/span><img decoding=\"async\" src=\"https:\/\/www.encyklopediamalarstwa.pl\/wp-content\/uploads\/2024\/01\/Fresk-w-celi-zakonnej-w-San-Marco-Florencja-585x678.jpg\" alt=\"Fresk w celi zakonnej w San Marco, Florencja\" title=\"Fresk w celi zakonnej w San Marco, Florencja\"><\/div><\/a><\/div><div class=\"item-gallery-masonry\"><a class=\"penci-gallery-ite item-link-relative\" href=\"https:\/\/www.encyklopediamalarstwa.pl\/wp-content\/uploads\/2024\/01\/Jezus-i-Maria-Magdalena-Fresk-w-celi-zakonnej-w-San-Marco-Florencja.jpg\" data-rel=\"penci-gallery-image-content\"  data-cap=\"Jezus i Maria Magdalena - Fresk w celi zakonnej w San Marco, Florencja\" data-rel=\"penci-gallery-image-content\" data-idwrap=\"penci-image_gallery_68453\"><div class=\"inner-item-masonry-gallery\"><span class=\"penci-isotope-padding\" style=\"padding-bottom:137.09401709%;\"><\/span><img decoding=\"async\" src=\"https:\/\/www.encyklopediamalarstwa.pl\/wp-content\/uploads\/2024\/01\/Jezus-i-Maria-Magdalena-Fresk-w-celi-zakonnej-w-San-Marco-Florencja-585x802.jpg\" alt=\"Jezus i Maria Magdalena - Fresk w celi zakonnej w San Marco, Florencja\" title=\"Jezus i Maria Magdalena &#8211; Fresk w celi zakonnej w San Marco, Florencja\"><\/div><\/a><\/div><div class=\"item-gallery-masonry\"><a class=\"penci-gallery-ite item-link-relative\" href=\"https:\/\/www.encyklopediamalarstwa.pl\/wp-content\/uploads\/2024\/01\/Kontemplacja-meki-Chrystusa-fresk-w-jednej-z-celi-zakonnej-San-Marco-Florencja-scaled.jpg\" data-rel=\"penci-gallery-image-content\"  data-cap=\"Kontemplacja m\u0119ki Chrystusa - fresk w jednej z celi zakonnej San Marco, Florencja\" data-rel=\"penci-gallery-image-content\" data-idwrap=\"penci-image_gallery_68453\"><div class=\"inner-item-masonry-gallery\"><span class=\"penci-isotope-padding\" style=\"padding-bottom:177.77777778%;\"><\/span><img decoding=\"async\" src=\"https:\/\/www.encyklopediamalarstwa.pl\/wp-content\/uploads\/2024\/01\/Kontemplacja-meki-Chrystusa-fresk-w-jednej-z-celi-zakonnej-San-Marco-Florencja-585x1040.jpg\" alt=\"Kontemplacja m\u0119ki Chrystusa - fresk w jednej z celi zakonnej San Marco, Florencja\" title=\"Kontemplacja m\u0119ki Chrystusa &#8211; fresk w jednej z celi zakonnej San Marco, Florencja\"><\/div><\/a><\/div><div class=\"item-gallery-masonry\"><a class=\"penci-gallery-ite item-link-relative\" href=\"https:\/\/www.encyklopediamalarstwa.pl\/wp-content\/uploads\/2024\/01\/Koronacja-Dziewicy-1420.jpg\" data-rel=\"penci-gallery-image-content\"  data-cap=\"Koronacja Dziewicy (1420)\" data-rel=\"penci-gallery-image-content\" data-idwrap=\"penci-image_gallery_68453\"><div class=\"inner-item-masonry-gallery\"><span class=\"penci-isotope-padding\" style=\"padding-bottom:71.96581197%;\"><\/span><img decoding=\"async\" src=\"https:\/\/www.encyklopediamalarstwa.pl\/wp-content\/uploads\/2024\/01\/Koronacja-Dziewicy-1420-585x421.jpg\" alt=\"Koronacja Dziewicy (1420)\" title=\"Koronacja Dziewicy (1420)\"><\/div><\/a><\/div><div class=\"item-gallery-masonry\"><a class=\"penci-gallery-ite item-link-relative\" href=\"https:\/\/www.encyklopediamalarstwa.pl\/wp-content\/uploads\/2024\/01\/Madonna-pokory-ok.-1430.jpg\" data-rel=\"penci-gallery-image-content\"  data-cap=\"Madonna pokory (ok. 1430)\" data-rel=\"penci-gallery-image-content\" data-idwrap=\"penci-image_gallery_68453\"><div class=\"inner-item-masonry-gallery\"><span class=\"penci-isotope-padding\" style=\"padding-bottom:133.67521368%;\"><\/span><img decoding=\"async\" src=\"https:\/\/www.encyklopediamalarstwa.pl\/wp-content\/uploads\/2024\/01\/Madonna-pokory-ok.-1430-585x782.jpg\" alt=\"Madonna pokory (ok. 1430)\" title=\"Madonna pokory (ok. 1430)\"><\/div><\/a><\/div><div class=\"item-gallery-masonry\"><a class=\"penci-gallery-ite item-link-relative\" href=\"https:\/\/www.encyklopediamalarstwa.pl\/wp-content\/uploads\/2024\/01\/Madonna-z-Dzieciatkiem-na-tronie-i-Dwunastu-Aniolow-1420-1430.jpg\" data-rel=\"penci-gallery-image-content\"  data-cap=\"Madonna z Dzieci\u0105tkiem na tronie i Dwunastu Anio\u0142\u00f3w (1420-1430)\" data-rel=\"penci-gallery-image-content\" data-idwrap=\"penci-image_gallery_68453\"><div class=\"inner-item-masonry-gallery\"><span class=\"penci-isotope-padding\" style=\"padding-bottom:123.76068376%;\"><\/span><img decoding=\"async\" src=\"https:\/\/www.encyklopediamalarstwa.pl\/wp-content\/uploads\/2024\/01\/Madonna-z-Dzieciatkiem-na-tronie-i-Dwunastu-Aniolow-1420-1430-585x724.jpg\" alt=\"Madonna z Dzieci\u0105tkiem na tronie i Dwunastu Anio\u0142\u00f3w (1420-1430)\" title=\"Madonna z Dzieci\u0105tkiem na tronie i Dwunastu Anio\u0142\u00f3w (1420-1430)\"><\/div><\/a><\/div><div class=\"item-gallery-masonry\"><a class=\"penci-gallery-ite item-link-relative\" href=\"https:\/\/www.encyklopediamalarstwa.pl\/wp-content\/uploads\/2024\/01\/Ostatnia-Wieczerza-fresk-w-jednej-z-cel-zakonnych-w-San-Marco-Florencja-scaled.jpg\" data-rel=\"penci-gallery-image-content\"  data-cap=\"Ostatnia Wieczerza - fresk w jednej z cel zakonnych w San Marco, Florencja\" data-rel=\"penci-gallery-image-content\" data-idwrap=\"penci-image_gallery_68453\"><div class=\"inner-item-masonry-gallery\"><span class=\"penci-isotope-padding\" style=\"padding-bottom:105.12820513%;\"><\/span><img decoding=\"async\" src=\"https:\/\/www.encyklopediamalarstwa.pl\/wp-content\/uploads\/2024\/01\/Ostatnia-Wieczerza-fresk-w-jednej-z-cel-zakonnych-w-San-Marco-Florencja-585x615.jpg\" alt=\"Ostatnia Wieczerza - fresk w jednej z cel zakonnych w San Marco, Florencja\" title=\"Ostatnia Wieczerza &#8211; fresk w jednej z cel zakonnych w San Marco, Florencja\"><\/div><\/a><\/div><div class=\"item-gallery-masonry\"><a class=\"penci-gallery-ite item-link-relative\" href=\"https:\/\/www.encyklopediamalarstwa.pl\/wp-content\/uploads\/2024\/01\/Poklon-Trzech-Kroli-ok.-1440-1460.jpg\" data-rel=\"penci-gallery-image-content\"  data-cap=\"Pok\u0142on Trzech Kr\u00f3li (ok. 1440-1460)\" data-rel=\"penci-gallery-image-content\" data-idwrap=\"penci-image_gallery_68453\"><div class=\"inner-item-masonry-gallery\"><span class=\"penci-isotope-padding\" style=\"padding-bottom:100.00000000%;\"><\/span><img decoding=\"async\" src=\"https:\/\/www.encyklopediamalarstwa.pl\/wp-content\/uploads\/2024\/01\/Poklon-Trzech-Kroli-ok.-1440-1460-585x585.jpg\" alt=\"Pok\u0142on Trzech Kr\u00f3li (ok. 1440-1460)\" title=\"Pok\u0142on Trzech Kr\u00f3li (ok. 1440-1460)\"><\/div><\/a><\/div><div class=\"item-gallery-masonry\"><a class=\"penci-gallery-ite item-link-relative\" href=\"https:\/\/www.encyklopediamalarstwa.pl\/wp-content\/uploads\/2024\/01\/Swieci-Kosma-i-Damian-oraz-ich-bracia-ok.-1439-1442.jpg\" data-rel=\"penci-gallery-image-content\"  data-cap=\"\u015awi\u0119ci Kosma i Damian oraz ich bracia (ok. 1439-1442)\" data-rel=\"penci-gallery-image-content\" data-idwrap=\"penci-image_gallery_68453\"><div class=\"inner-item-masonry-gallery\"><span class=\"penci-isotope-padding\" style=\"padding-bottom:78.29059829%;\"><\/span><img decoding=\"async\" src=\"https:\/\/www.encyklopediamalarstwa.pl\/wp-content\/uploads\/2024\/01\/Swieci-Kosma-i-Damian-oraz-ich-bracia-ok.-1439-1442-585x458.jpg\" alt=\"\u015awi\u0119ci Kosma i Damian oraz ich bracia (ok. 1439-1442)\" title=\"\u015awi\u0119ci Kosma i Damian oraz ich bracia (ok. 1439-1442)\"><\/div><\/a><\/div><div class=\"item-gallery-masonry\"><a class=\"penci-gallery-ite item-link-relative\" href=\"https:\/\/www.encyklopediamalarstwa.pl\/wp-content\/uploads\/2024\/01\/Swiety-Antoni-Opat-1440-41.jpg\" data-rel=\"penci-gallery-image-content\"  data-cap=\"\u015awi\u0119ty Antoni Opat (1440-41)\" data-rel=\"penci-gallery-image-content\" data-idwrap=\"penci-image_gallery_68453\"><div class=\"inner-item-masonry-gallery\"><span class=\"penci-isotope-padding\" style=\"padding-bottom:280.85470085%;\"><\/span><img decoding=\"async\" src=\"https:\/\/www.encyklopediamalarstwa.pl\/wp-content\/uploads\/2024\/01\/Swiety-Antoni-Opat-1440-41-585x1643.jpg\" alt=\"\u015awi\u0119ty Antoni Opat (1440-41)\" title=\"\u015awi\u0119ty Antoni Opat (1440-41)\"><\/div><\/a><\/div><div class=\"item-gallery-masonry\"><a class=\"penci-gallery-ite item-link-relative\" href=\"https:\/\/www.encyklopediamalarstwa.pl\/wp-content\/uploads\/2024\/01\/Swiety-Franciszek-i-biskup-Swiety-Swiety-Jan-Chrzciciel-i-Swiety-Dominik-koniec-lat-dwudziestych-XIV-wieku.jpg\" data-rel=\"penci-gallery-image-content\"  data-cap=\"\u015awi\u0119ty Franciszek i biskup \u015awi\u0119ty, \u015awi\u0119ty Jan Chrzciciel i \u015awi\u0119ty Dominik (koniec lat dwudziestych XIV wieku)\" data-rel=\"penci-gallery-image-content\" data-idwrap=\"penci-image_gallery_68453\"><div class=\"inner-item-masonry-gallery\"><span class=\"penci-isotope-padding\" style=\"padding-bottom:114.52991453%;\"><\/span><img decoding=\"async\" src=\"https:\/\/www.encyklopediamalarstwa.pl\/wp-content\/uploads\/2024\/01\/Swiety-Franciszek-i-biskup-Swiety-Swiety-Jan-Chrzciciel-i-Swiety-Dominik-koniec-lat-dwudziestych-XIV-wieku-585x670.jpg\" alt=\"\u015awi\u0119ty Franciszek i biskup \u015awi\u0119ty, \u015awi\u0119ty Jan Chrzciciel i \u015awi\u0119ty Dominik (koniec lat dwudziestych XIV wieku)\" title=\"\u015awi\u0119ty Franciszek i biskup \u015awi\u0119ty, \u015awi\u0119ty Jan Chrzciciel i \u015awi\u0119ty Dominik (koniec lat dwudziestych XIV wieku)\"><\/div><\/a><\/div><div class=\"item-gallery-masonry\"><a class=\"penci-gallery-ite item-link-relative\" href=\"https:\/\/www.encyklopediamalarstwa.pl\/wp-content\/uploads\/2024\/01\/Ukrzyzowanie-i-adoracja-przez-swietych-Klasztor-San-Marco-Florencja-scaled.jpg\" data-rel=\"penci-gallery-image-content\"  data-cap=\"Ukrzy\u017cowanie i adoracja przez \u015bwi\u0119tych - Klasztor San Marco, Florencja\" data-rel=\"penci-gallery-image-content\" data-idwrap=\"penci-image_gallery_68453\"><div class=\"inner-item-masonry-gallery\"><span class=\"penci-isotope-padding\" style=\"padding-bottom:177.77777778%;\"><\/span><img decoding=\"async\" src=\"https:\/\/www.encyklopediamalarstwa.pl\/wp-content\/uploads\/2024\/01\/Ukrzyzowanie-i-adoracja-przez-swietych-Klasztor-San-Marco-Florencja-585x1040.jpg\" alt=\"Ukrzy\u017cowanie i adoracja przez \u015bwi\u0119tych - Klasztor San Marco, Florencja\" title=\"Ukrzy\u017cowanie i adoracja przez \u015bwi\u0119tych &#8211; Klasztor San Marco, Florencja\"><\/div><\/a><\/div><div class=\"item-gallery-masonry\"><a class=\"penci-gallery-ite item-link-relative\" href=\"https:\/\/www.encyklopediamalarstwa.pl\/wp-content\/uploads\/2024\/01\/Zlozenie-Chrystusa-do-grobu-ok.-1450.jpg\" data-rel=\"penci-gallery-image-content\"  data-cap=\"Z\u0142o\u017cenie Chrystusa do grobu (ok. 1450)\" data-rel=\"penci-gallery-image-content\" data-idwrap=\"penci-image_gallery_68453\"><div class=\"inner-item-masonry-gallery\"><span class=\"penci-isotope-padding\" style=\"padding-bottom:163.07692308%;\"><\/span><img decoding=\"async\" src=\"https:\/\/www.encyklopediamalarstwa.pl\/wp-content\/uploads\/2024\/01\/Zlozenie-Chrystusa-do-grobu-ok.-1450-585x954.jpg\" alt=\"Z\u0142o\u017cenie Chrystusa do grobu (ok. 1450)\" title=\"Z\u0142o\u017cenie Chrystusa do grobu (ok. 1450)\"><\/div><\/a><\/div><div class=\"item-gallery-masonry\"><a class=\"penci-gallery-ite item-link-relative\" href=\"https:\/\/www.encyklopediamalarstwa.pl\/wp-content\/uploads\/2024\/01\/Zwiastowanie-fresk-przy-wejsciu-do-cel-zakonnych-klasztoru-San-Marco-Florencja-scaled.jpg\" data-rel=\"penci-gallery-image-content\"  data-cap=\"Zwiastowanie - fresk przy wej\u015bciu do cel zakonnych klasztoru San Marco, Florencja\" data-rel=\"penci-gallery-image-content\" data-idwrap=\"penci-image_gallery_68453\"><div class=\"inner-item-masonry-gallery\"><span class=\"penci-isotope-padding\" style=\"padding-bottom:56.23931624%;\"><\/span><img decoding=\"async\" src=\"https:\/\/www.encyklopediamalarstwa.pl\/wp-content\/uploads\/2024\/01\/Zwiastowanie-fresk-przy-wejsciu-do-cel-zakonnych-klasztoru-San-Marco-Florencja-585x329.jpg\" alt=\"Zwiastowanie - fresk przy wej\u015bciu do cel zakonnych klasztoru San Marco, Florencja\" title=\"Zwiastowanie &#8211; fresk przy wej\u015bciu do cel zakonnych klasztoru San Marco, Florencja\"><\/div><\/a><\/div><\/div><\/div>            <\/div>\n        <\/div>\n\t\t\t\t<\/div>\n\t\t\t\t<\/div>\n\t\t\t\t\t<\/div>\n\t\t\t\t<\/div>\n\t\t\t\t\t\t\t<\/div>\n\t\t","protected":false},"excerpt":{"rendered":"<p>Fra Angelico, w\u0142a\u015bciwie Guido di Pietro da Mugello, by\u0142 w\u0142oskim malarzem okresu wczesnego renesansu. Urodzi\u0142 si\u0119 oko\u0142o 1387 roku w Vicchio, Toskania, a zmar\u0142 18 lutego 1455 roku w Rzymie.&hellip;<\/p>\n","protected":false},"author":1,"featured_media":2392,"comment_status":"open","ping_status":"open","sticky":false,"template":"","format":"standard","meta":{"content-type":"","om_disable_all_campaigns":false,"_monsterinsights_skip_tracking":false,"_monsterinsights_sitenote_active":false,"_monsterinsights_sitenote_note":"","_monsterinsights_sitenote_category":0,"footnotes":""},"categories":[66,89],"tags":[73,90,42],"class_list":["post-2345","post","type-post","status-publish","format-standard","has-post-thumbnail","hentry","category-pozny-gotyk","category-wczesny-renesans","tag-malarstwo-religijne","tag-mnich","tag-wloski-malarz"],"yoast_head":"<!-- This site is optimized with the Yoast SEO plugin v21.7 - https:\/\/yoast.com\/wordpress\/plugins\/seo\/ -->\n<title>Fra Angelico - Encyklopedia Malarstwa<\/title>\n<meta name=\"description\" content=\"Fra Angelico, w\u0142a\u015bciwie Guido di Pietro da Mugello, by\u0142 w\u0142oskim malarzem okresu wczesnego renesansu, ale tak\u017ce mnichem zakonu dominika\u0144skiego\" \/>\n<meta name=\"robots\" content=\"index, follow, max-snippet:-1, max-image-preview:large, max-video-preview:-1\" \/>\n<link rel=\"canonical\" href=\"https:\/\/www.encyklopediamalarstwa.pl\/index.php\/2024\/01\/10\/fra-angelico\/\" \/>\n<meta property=\"og:locale\" content=\"pl_PL\" \/>\n<meta property=\"og:type\" content=\"article\" \/>\n<meta property=\"og:title\" content=\"Fra Angelico - Encyklopedia Malarstwa\" \/>\n<meta property=\"og:description\" content=\"Fra Angelico, w\u0142a\u015bciwie Guido di Pietro da Mugello, by\u0142 w\u0142oskim malarzem okresu wczesnego renesansu, ale tak\u017ce mnichem zakonu dominika\u0144skiego\" \/>\n<meta property=\"og:url\" content=\"https:\/\/www.encyklopediamalarstwa.pl\/index.php\/2024\/01\/10\/fra-angelico\/\" \/>\n<meta property=\"og:site_name\" content=\"Encyklopedia Malarstwa\" \/>\n<meta property=\"article:published_time\" content=\"2024-01-10T16:33:36+00:00\" \/>\n<meta property=\"article:modified_time\" content=\"2024-01-10T21:05:03+00:00\" \/>\n<meta property=\"og:image\" content=\"https:\/\/www.encyklopediamalarstwa.pl\/wp-content\/uploads\/2024\/01\/Fra-Angelico-Maryja-z-dzieciatkiem-1-scaled.jpg\" \/>\n\t<meta property=\"og:image:width\" content=\"1125\" \/>\n\t<meta property=\"og:image:height\" content=\"2560\" \/>\n\t<meta property=\"og:image:type\" content=\"image\/jpeg\" \/>\n<meta name=\"author\" content=\"admin\" \/>\n<meta name=\"twitter:card\" content=\"summary_large_image\" \/>\n<meta name=\"twitter:label1\" content=\"Napisane przez\" \/>\n\t<meta name=\"twitter:data1\" content=\"admin\" \/>\n\t<meta name=\"twitter:label2\" content=\"Szacowany czas czytania\" \/>\n\t<meta name=\"twitter:data2\" content=\"8 minut\" \/>\n<script type=\"application\/ld+json\" class=\"yoast-schema-graph\">{\"@context\":\"https:\/\/schema.org\",\"@graph\":[{\"@type\":\"Article\",\"@id\":\"https:\/\/www.encyklopediamalarstwa.pl\/index.php\/2024\/01\/10\/fra-angelico\/#article\",\"isPartOf\":{\"@id\":\"https:\/\/www.encyklopediamalarstwa.pl\/index.php\/2024\/01\/10\/fra-angelico\/\"},\"author\":{\"name\":\"admin\",\"@id\":\"https:\/\/www.encyklopediamalarstwa.pl\/#\/schema\/person\/1a6b3ac5c26a28667ef7613105b7c5d6\"},\"headline\":\"Fra Angelico\",\"datePublished\":\"2024-01-10T16:33:36+00:00\",\"dateModified\":\"2024-01-10T21:05:03+00:00\",\"mainEntityOfPage\":{\"@id\":\"https:\/\/www.encyklopediamalarstwa.pl\/index.php\/2024\/01\/10\/fra-angelico\/\"},\"wordCount\":614,\"commentCount\":0,\"publisher\":{\"@id\":\"https:\/\/www.encyklopediamalarstwa.pl\/#\/schema\/person\/1a6b3ac5c26a28667ef7613105b7c5d6\"},\"keywords\":[\"malarstwo religijne\",\"mnich\",\"w\u0142oski malarz\"],\"articleSection\":[\"P\u00f3\u017any gotyk\",\"Wczesny renesans\"],\"inLanguage\":\"pl-PL\",\"potentialAction\":[{\"@type\":\"CommentAction\",\"name\":\"Comment\",\"target\":[\"https:\/\/www.encyklopediamalarstwa.pl\/index.php\/2024\/01\/10\/fra-angelico\/#respond\"]}]},{\"@type\":\"WebPage\",\"@id\":\"https:\/\/www.encyklopediamalarstwa.pl\/index.php\/2024\/01\/10\/fra-angelico\/\",\"url\":\"https:\/\/www.encyklopediamalarstwa.pl\/index.php\/2024\/01\/10\/fra-angelico\/\",\"name\":\"Fra Angelico - Encyklopedia Malarstwa\",\"isPartOf\":{\"@id\":\"https:\/\/www.encyklopediamalarstwa.pl\/#website\"},\"datePublished\":\"2024-01-10T16:33:36+00:00\",\"dateModified\":\"2024-01-10T21:05:03+00:00\",\"description\":\"Fra Angelico, w\u0142a\u015bciwie Guido di Pietro da Mugello, by\u0142 w\u0142oskim malarzem okresu wczesnego renesansu, ale tak\u017ce mnichem zakonu dominika\u0144skiego\",\"breadcrumb\":{\"@id\":\"https:\/\/www.encyklopediamalarstwa.pl\/index.php\/2024\/01\/10\/fra-angelico\/#breadcrumb\"},\"inLanguage\":\"pl-PL\",\"potentialAction\":[{\"@type\":\"ReadAction\",\"target\":[\"https:\/\/www.encyklopediamalarstwa.pl\/index.php\/2024\/01\/10\/fra-angelico\/\"]}]},{\"@type\":\"BreadcrumbList\",\"@id\":\"https:\/\/www.encyklopediamalarstwa.pl\/index.php\/2024\/01\/10\/fra-angelico\/#breadcrumb\",\"itemListElement\":[{\"@type\":\"ListItem\",\"position\":1,\"name\":\"Strona g\u0142\u00f3wna\",\"item\":\"https:\/\/www.encyklopediamalarstwa.pl\/\"},{\"@type\":\"ListItem\",\"position\":2,\"name\":\"Fra Angelico\"}]},{\"@type\":\"WebSite\",\"@id\":\"https:\/\/www.encyklopediamalarstwa.pl\/#website\",\"url\":\"https:\/\/www.encyklopediamalarstwa.pl\/\",\"name\":\"Encyklopedia Malarstwa\",\"description\":\"Sztuka w Twoim domu\",\"publisher\":{\"@id\":\"https:\/\/www.encyklopediamalarstwa.pl\/#\/schema\/person\/1a6b3ac5c26a28667ef7613105b7c5d6\"},\"potentialAction\":[{\"@type\":\"SearchAction\",\"target\":{\"@type\":\"EntryPoint\",\"urlTemplate\":\"https:\/\/www.encyklopediamalarstwa.pl\/?s={search_term_string}\"},\"query-input\":\"required name=search_term_string\"}],\"inLanguage\":\"pl-PL\"},{\"@type\":[\"Person\",\"Organization\"],\"@id\":\"https:\/\/www.encyklopediamalarstwa.pl\/#\/schema\/person\/1a6b3ac5c26a28667ef7613105b7c5d6\",\"name\":\"admin\",\"image\":{\"@type\":\"ImageObject\",\"inLanguage\":\"pl-PL\",\"@id\":\"https:\/\/www.encyklopediamalarstwa.pl\/#\/schema\/person\/image\/\",\"url\":\"https:\/\/www.encyklopediamalarstwa.pl\/wp-content\/uploads\/2023\/11\/avatar.png\",\"contentUrl\":\"https:\/\/www.encyklopediamalarstwa.pl\/wp-content\/uploads\/2023\/11\/avatar.png\",\"width\":688,\"height\":748,\"caption\":\"admin\"},\"logo\":{\"@id\":\"https:\/\/www.encyklopediamalarstwa.pl\/#\/schema\/person\/image\/\"},\"sameAs\":[\"https:\/\/www.encyklopediamalarstwa.pl\"],\"url\":\"https:\/\/www.encyklopediamalarstwa.pl\/index.php\/author\/admin\/\"}]}<\/script>\n<!-- \/ Yoast SEO plugin. -->","yoast_head_json":{"title":"Fra Angelico - Encyklopedia Malarstwa","description":"Fra Angelico, w\u0142a\u015bciwie Guido di Pietro da Mugello, by\u0142 w\u0142oskim malarzem okresu wczesnego renesansu, ale tak\u017ce mnichem zakonu dominika\u0144skiego","robots":{"index":"index","follow":"follow","max-snippet":"max-snippet:-1","max-image-preview":"max-image-preview:large","max-video-preview":"max-video-preview:-1"},"canonical":"https:\/\/www.encyklopediamalarstwa.pl\/index.php\/2024\/01\/10\/fra-angelico\/","og_locale":"pl_PL","og_type":"article","og_title":"Fra Angelico - Encyklopedia Malarstwa","og_description":"Fra Angelico, w\u0142a\u015bciwie Guido di Pietro da Mugello, by\u0142 w\u0142oskim malarzem okresu wczesnego renesansu, ale tak\u017ce mnichem zakonu dominika\u0144skiego","og_url":"https:\/\/www.encyklopediamalarstwa.pl\/index.php\/2024\/01\/10\/fra-angelico\/","og_site_name":"Encyklopedia Malarstwa","article_published_time":"2024-01-10T16:33:36+00:00","article_modified_time":"2024-01-10T21:05:03+00:00","og_image":[{"width":1125,"height":2560,"url":"https:\/\/www.encyklopediamalarstwa.pl\/wp-content\/uploads\/2024\/01\/Fra-Angelico-Maryja-z-dzieciatkiem-1-scaled.jpg","type":"image\/jpeg"}],"author":"admin","twitter_card":"summary_large_image","twitter_misc":{"Napisane przez":"admin","Szacowany czas czytania":"8 minut"},"schema":{"@context":"https:\/\/schema.org","@graph":[{"@type":"Article","@id":"https:\/\/www.encyklopediamalarstwa.pl\/index.php\/2024\/01\/10\/fra-angelico\/#article","isPartOf":{"@id":"https:\/\/www.encyklopediamalarstwa.pl\/index.php\/2024\/01\/10\/fra-angelico\/"},"author":{"name":"admin","@id":"https:\/\/www.encyklopediamalarstwa.pl\/#\/schema\/person\/1a6b3ac5c26a28667ef7613105b7c5d6"},"headline":"Fra Angelico","datePublished":"2024-01-10T16:33:36+00:00","dateModified":"2024-01-10T21:05:03+00:00","mainEntityOfPage":{"@id":"https:\/\/www.encyklopediamalarstwa.pl\/index.php\/2024\/01\/10\/fra-angelico\/"},"wordCount":614,"commentCount":0,"publisher":{"@id":"https:\/\/www.encyklopediamalarstwa.pl\/#\/schema\/person\/1a6b3ac5c26a28667ef7613105b7c5d6"},"keywords":["malarstwo religijne","mnich","w\u0142oski malarz"],"articleSection":["P\u00f3\u017any gotyk","Wczesny renesans"],"inLanguage":"pl-PL","potentialAction":[{"@type":"CommentAction","name":"Comment","target":["https:\/\/www.encyklopediamalarstwa.pl\/index.php\/2024\/01\/10\/fra-angelico\/#respond"]}]},{"@type":"WebPage","@id":"https:\/\/www.encyklopediamalarstwa.pl\/index.php\/2024\/01\/10\/fra-angelico\/","url":"https:\/\/www.encyklopediamalarstwa.pl\/index.php\/2024\/01\/10\/fra-angelico\/","name":"Fra Angelico - Encyklopedia Malarstwa","isPartOf":{"@id":"https:\/\/www.encyklopediamalarstwa.pl\/#website"},"datePublished":"2024-01-10T16:33:36+00:00","dateModified":"2024-01-10T21:05:03+00:00","description":"Fra Angelico, w\u0142a\u015bciwie Guido di Pietro da Mugello, by\u0142 w\u0142oskim malarzem okresu wczesnego renesansu, ale tak\u017ce mnichem zakonu dominika\u0144skiego","breadcrumb":{"@id":"https:\/\/www.encyklopediamalarstwa.pl\/index.php\/2024\/01\/10\/fra-angelico\/#breadcrumb"},"inLanguage":"pl-PL","potentialAction":[{"@type":"ReadAction","target":["https:\/\/www.encyklopediamalarstwa.pl\/index.php\/2024\/01\/10\/fra-angelico\/"]}]},{"@type":"BreadcrumbList","@id":"https:\/\/www.encyklopediamalarstwa.pl\/index.php\/2024\/01\/10\/fra-angelico\/#breadcrumb","itemListElement":[{"@type":"ListItem","position":1,"name":"Strona g\u0142\u00f3wna","item":"https:\/\/www.encyklopediamalarstwa.pl\/"},{"@type":"ListItem","position":2,"name":"Fra Angelico"}]},{"@type":"WebSite","@id":"https:\/\/www.encyklopediamalarstwa.pl\/#website","url":"https:\/\/www.encyklopediamalarstwa.pl\/","name":"Encyklopedia Malarstwa","description":"Sztuka w Twoim domu","publisher":{"@id":"https:\/\/www.encyklopediamalarstwa.pl\/#\/schema\/person\/1a6b3ac5c26a28667ef7613105b7c5d6"},"potentialAction":[{"@type":"SearchAction","target":{"@type":"EntryPoint","urlTemplate":"https:\/\/www.encyklopediamalarstwa.pl\/?s={search_term_string}"},"query-input":"required name=search_term_string"}],"inLanguage":"pl-PL"},{"@type":["Person","Organization"],"@id":"https:\/\/www.encyklopediamalarstwa.pl\/#\/schema\/person\/1a6b3ac5c26a28667ef7613105b7c5d6","name":"admin","image":{"@type":"ImageObject","inLanguage":"pl-PL","@id":"https:\/\/www.encyklopediamalarstwa.pl\/#\/schema\/person\/image\/","url":"https:\/\/www.encyklopediamalarstwa.pl\/wp-content\/uploads\/2023\/11\/avatar.png","contentUrl":"https:\/\/www.encyklopediamalarstwa.pl\/wp-content\/uploads\/2023\/11\/avatar.png","width":688,"height":748,"caption":"admin"},"logo":{"@id":"https:\/\/www.encyklopediamalarstwa.pl\/#\/schema\/person\/image\/"},"sameAs":["https:\/\/www.encyklopediamalarstwa.pl"],"url":"https:\/\/www.encyklopediamalarstwa.pl\/index.php\/author\/admin\/"}]}},"_links":{"self":[{"href":"https:\/\/www.encyklopediamalarstwa.pl\/index.php\/wp-json\/wp\/v2\/posts\/2345","targetHints":{"allow":["GET"]}}],"collection":[{"href":"https:\/\/www.encyklopediamalarstwa.pl\/index.php\/wp-json\/wp\/v2\/posts"}],"about":[{"href":"https:\/\/www.encyklopediamalarstwa.pl\/index.php\/wp-json\/wp\/v2\/types\/post"}],"author":[{"embeddable":true,"href":"https:\/\/www.encyklopediamalarstwa.pl\/index.php\/wp-json\/wp\/v2\/users\/1"}],"replies":[{"embeddable":true,"href":"https:\/\/www.encyklopediamalarstwa.pl\/index.php\/wp-json\/wp\/v2\/comments?post=2345"}],"version-history":[{"count":22,"href":"https:\/\/www.encyklopediamalarstwa.pl\/index.php\/wp-json\/wp\/v2\/posts\/2345\/revisions"}],"predecessor-version":[{"id":2391,"href":"https:\/\/www.encyklopediamalarstwa.pl\/index.php\/wp-json\/wp\/v2\/posts\/2345\/revisions\/2391"}],"wp:featuredmedia":[{"embeddable":true,"href":"https:\/\/www.encyklopediamalarstwa.pl\/index.php\/wp-json\/wp\/v2\/media\/2392"}],"wp:attachment":[{"href":"https:\/\/www.encyklopediamalarstwa.pl\/index.php\/wp-json\/wp\/v2\/media?parent=2345"}],"wp:term":[{"taxonomy":"category","embeddable":true,"href":"https:\/\/www.encyklopediamalarstwa.pl\/index.php\/wp-json\/wp\/v2\/categories?post=2345"},{"taxonomy":"post_tag","embeddable":true,"href":"https:\/\/www.encyklopediamalarstwa.pl\/index.php\/wp-json\/wp\/v2\/tags?post=2345"}],"curies":[{"name":"wp","href":"https:\/\/api.w.org\/{rel}","templated":true}]}}