{"id":1406,"date":"2023-11-25T14:36:25","date_gmt":"2023-11-25T13:36:25","guid":{"rendered":"https:\/\/www.encyklopediamalarstwa.pl\/?p=1406"},"modified":"2023-11-25T14:55:23","modified_gmt":"2023-11-25T13:55:23","slug":"francesco-primaticcio","status":"publish","type":"post","link":"https:\/\/www.encyklopediamalarstwa.pl\/index.php\/2023\/11\/25\/francesco-primaticcio\/","title":{"rendered":"Francesco Primaticcio"},"content":{"rendered":"\t\t<div data-elementor-type=\"wp-post\" data-elementor-id=\"1406\" class=\"elementor elementor-1406\">\n\t\t\t\t\t\t\t<div class=\"elementor-element elementor-element-cfd94c4 e-flex e-con-boxed e-con e-parent\" data-id=\"cfd94c4\" data-element_type=\"container\" data-settings=\"{&quot;content_width&quot;:&quot;boxed&quot;}\" data-core-v316-plus=\"true\">\n\t\t\t\t\t<div class=\"e-con-inner\">\n\t\t\t\t<div class=\"elementor-element elementor-element-9b1794b elementor-widget elementor-widget-text-editor\" data-id=\"9b1794b\" data-element_type=\"widget\" data-widget_type=\"text-editor.default\">\n\t\t\t\t<div class=\"elementor-widget-container\">\n\t\t\t<style>\/*! elementor - v3.18.0 - 08-12-2023 *\/\n.elementor-widget-text-editor.elementor-drop-cap-view-stacked .elementor-drop-cap{background-color:#69727d;color:#fff}.elementor-widget-text-editor.elementor-drop-cap-view-framed .elementor-drop-cap{color:#69727d;border:3px solid;background-color:transparent}.elementor-widget-text-editor:not(.elementor-drop-cap-view-default) .elementor-drop-cap{margin-top:8px}.elementor-widget-text-editor:not(.elementor-drop-cap-view-default) .elementor-drop-cap-letter{width:1em;height:1em}.elementor-widget-text-editor .elementor-drop-cap{float:left;text-align:center;line-height:1;font-size:50px}.elementor-widget-text-editor .elementor-drop-cap-letter{display:inline-block}<\/style>\t\t\t\t<p><strong>Francesco Primaticcio<\/strong> (ur. 30 kwietnia 1504 w Bolonii, zm. 1570 w Pary\u017cu) by\u0142 w\u0142oskim malarzem, architektem i rze\u017abiarzem, kt\u00f3ry sp\u0119dzi\u0142 wi\u0119kszo\u015b\u0107 swojej kariery we Francji. Zaliczany jest do nurtu <strong>manieryzmu<\/strong> i uwa\u017cany jest za jednego z g\u0142\u00f3wnych tw\u00f3rc\u00f3w tzw. pierwszej szko\u0142y z <strong>Fontainebleau<\/strong>.<\/p><p><strong>Primaticcio<\/strong> urodzi\u0142 si\u0119 w Bolonii i uczy\u0142 si\u0119 u Giulia Romano w Mantui oraz u Innocenzo da Imola. W latach 1526-1530 wsp\u00f3\u0142pracowa\u0142 z Romano przy dekoracji Palazzo Te. W 1532, na zaproszenie kr\u00f3la <strong>Franciszka I<\/strong>, wyjecha\u0142 do Francji, gdzie do\u0142\u0105czy\u0142 do Rosso Fiorentino i Francesco Caccianemici w pracach nad wystrojem zamku Fontainebleau. Po \u015bmierci Fiorentino w 1540 roku, Primaticcio przej\u0105\u0142 kierownictwo nad artystyczn\u0105 dzia\u0142alno\u015bci\u0105 na dworze i zatrudni\u0142 wielu w\u0142oskich i francuskich wsp\u00f3\u0142pracownik\u00f3w, takich jak Nicol\u00f2 dell\u2019Abate. Wykona\u0142 liczne freski, rze\u017aby i stiuki, kt\u00f3re ozdabia\u0142y wn\u0119trza i ogrody zamku, takie jak kominek ozdobny (ok. 1535),\u00a0 Z\u0142ota Brama, pawilon Pomony, Sala Balowa, galeria Ulissesa, galeria Henryka II i kaplica Guise. Niestety, wiele z jego dzie\u0142 zosta\u0142o zniszczonych lub zdeformowanych przez p\u00f3\u017aniejsze ingerencje.<\/p><p>W 1540 i 1545 <strong>Primaticcio<\/strong> odby\u0142 podr\u00f3\u017ce do Rzymu, gdzie na zlecenie kr\u00f3la odbi\u0142 formy z najlepszych rzymskich rze\u017ab z kolekcji papieskiej, z kt\u00f3rych niekt\u00f3re zosta\u0142y odlane w br\u0105zie i umieszczone w Fontainebleau. W 1545 towarzyszy\u0142 mu architekt Vignola. Primaticcio s\u0142u\u017cy\u0142 czterem kr\u00f3lom francuskim: Franciszkowi I, Henrykowi II, Franciszkowi II i Karolowi IX. Jego styl, charakteryzuj\u0105cy si\u0119 wyd\u0142u\u017conymi postaciami, eleganckimi gestami i bogatymi kolorami, mia\u0142 du\u017cy wp\u0142yw na francusk\u0105 sztuk\u0119 XVI wieku. Jego wzory by\u0142y szeroko rozpowszechniane przez drzeworyty i miedzioryty, kt\u00f3re tworzy\u0142a tzw. pierwsza szko\u0142a z Fontainebleau.<\/p><p><strong>Primaticcio<\/strong> zajmowa\u0142 si\u0119 tak\u017ce <strong>architektur\u0105<\/strong>, zw\u0142aszcza w ostatnim okresie swojego \u017cycia. W 1559 roku zosta\u0142 mianowany nadzorc\u0105 budowli kr\u00f3lewskich, zast\u0119puj\u0105c Philiberta de l\u2019Orme. Jego najwi\u0119kszym dzie\u0142em architektonicznym by\u0142a kaplica Valois przy opactwie Saint-Denis, kt\u00f3ra nie zosta\u0142a uko\u0144czona za jego \u017cycia i zosta\u0142a zniszczona w 1719.<\/p><p>Do jego znanych obraz\u00f3w nale\u017c\u0105: <strong>Porwanie Heleny<\/strong> (Londyn, kolekcja Sabin), <strong>Ulisses i Penelopa<\/strong> (Nowy Jork, kolekcja Wildenstein), <strong>\u015awi\u0119ta Rodzina ze \u015bw. El\u017cbiet\u0105<\/strong> <strong>i<\/strong> <strong>Janem Chrzcicielem<\/strong> (Sankt Petersburg, Ermita\u017c) i <strong>Zwiastowanie<\/strong> (Chaalis, opactwo). Jego autoportret znajduje si\u0119 we florenckiej Galerii Uffizi.<\/p>\t\t\t\t\t\t<\/div>\n\t\t\t\t<\/div>\n\t\t\t\t\t<\/div>\n\t\t\t\t<\/div>\n\t\t<div class=\"elementor-element elementor-element-4f0685c e-flex e-con-boxed e-con e-parent\" data-id=\"4f0685c\" data-element_type=\"container\" data-settings=\"{&quot;content_width&quot;:&quot;boxed&quot;}\" data-core-v316-plus=\"true\">\n\t\t\t\t\t<div class=\"e-con-inner\">\n\t\t\t\t<div class=\"elementor-element elementor-element-317f9d9 elementor-widget elementor-widget-image\" data-id=\"317f9d9\" data-element_type=\"widget\" data-widget_type=\"image.default\">\n\t\t\t\t<div class=\"elementor-widget-container\">\n\t\t\t<style>\/*! elementor - v3.18.0 - 08-12-2023 *\/\n.elementor-widget-image{text-align:center}.elementor-widget-image a{display:inline-block}.elementor-widget-image a img[src$=\".svg\"]{width:48px}.elementor-widget-image img{vertical-align:middle;display:inline-block}<\/style>\t\t\t\t\t\t\t\t\t<figure class=\"wp-caption\">\n\t\t\t\t\t\t\t\t\t\t<img fetchpriority=\"high\" decoding=\"async\" width=\"1024\" height=\"945\" src=\"https:\/\/www.encyklopediamalarstwa.pl\/wp-content\/uploads\/2023\/11\/Francesco_Primaticcio_002-1024x945.jpg\" class=\"attachment-large size-large wp-image-1408\" alt=\"Odyseusz i Penelopa\" srcset=\"https:\/\/www.encyklopediamalarstwa.pl\/wp-content\/uploads\/2023\/11\/Francesco_Primaticcio_002-1024x945.jpg 1024w, https:\/\/www.encyklopediamalarstwa.pl\/wp-content\/uploads\/2023\/11\/Francesco_Primaticcio_002-300x277.jpg 300w, https:\/\/www.encyklopediamalarstwa.pl\/wp-content\/uploads\/2023\/11\/Francesco_Primaticcio_002-768x709.jpg 768w, https:\/\/www.encyklopediamalarstwa.pl\/wp-content\/uploads\/2023\/11\/Francesco_Primaticcio_002-1536x1418.jpg 1536w, https:\/\/www.encyklopediamalarstwa.pl\/wp-content\/uploads\/2023\/11\/Francesco_Primaticcio_002-1170x1080.jpg 1170w, https:\/\/www.encyklopediamalarstwa.pl\/wp-content\/uploads\/2023\/11\/Francesco_Primaticcio_002-585x540.jpg 585w, https:\/\/www.encyklopediamalarstwa.pl\/wp-content\/uploads\/2023\/11\/Francesco_Primaticcio_002.jpg 1920w\" sizes=\"(max-width: 1024px) 100vw, 1024px\" \/>\t\t\t\t\t\t\t\t\t\t\t<figcaption class=\"widget-image-caption wp-caption-text\">Odyseusz i Penelopa<\/figcaption>\n\t\t\t\t\t\t\t\t\t\t<\/figure>\n\t\t\t\t\t\t\t\t\t<\/div>\n\t\t\t\t<\/div>\n\t\t\t\t\t<\/div>\n\t\t\t\t<\/div>\n\t\t<div class=\"elementor-element elementor-element-c98daef e-flex e-con-boxed e-con e-parent\" data-id=\"c98daef\" data-element_type=\"container\" data-settings=\"{&quot;content_width&quot;:&quot;boxed&quot;}\" data-core-v316-plus=\"true\">\n\t\t\t\t\t<div class=\"e-con-inner\">\n\t\t\t\t<div class=\"elementor-element elementor-element-9094409 elementor-widget elementor-widget-image\" data-id=\"9094409\" data-element_type=\"widget\" data-widget_type=\"image.default\">\n\t\t\t\t<div class=\"elementor-widget-container\">\n\t\t\t\t\t\t\t\t\t\t\t\t<figure class=\"wp-caption\">\n\t\t\t\t\t\t\t\t\t\t<img decoding=\"async\" width=\"600\" height=\"477\" src=\"https:\/\/www.encyklopediamalarstwa.pl\/wp-content\/uploads\/2023\/11\/porwanie-helenyjpg.jpg\" class=\"attachment-large size-large wp-image-1409\" alt=\"Porwanie Heleny\" srcset=\"https:\/\/www.encyklopediamalarstwa.pl\/wp-content\/uploads\/2023\/11\/porwanie-helenyjpg.jpg 600w, https:\/\/www.encyklopediamalarstwa.pl\/wp-content\/uploads\/2023\/11\/porwanie-helenyjpg-300x239.jpg 300w, https:\/\/www.encyklopediamalarstwa.pl\/wp-content\/uploads\/2023\/11\/porwanie-helenyjpg-585x465.jpg 585w\" sizes=\"(max-width: 600px) 100vw, 600px\" \/>\t\t\t\t\t\t\t\t\t\t\t<figcaption class=\"widget-image-caption wp-caption-text\">Porwanie Heleny<\/figcaption>\n\t\t\t\t\t\t\t\t\t\t<\/figure>\n\t\t\t\t\t\t\t\t\t<\/div>\n\t\t\t\t<\/div>\n\t\t\t\t\t<\/div>\n\t\t\t\t<\/div>\n\t\t<div class=\"elementor-element elementor-element-d968e05 e-flex e-con-boxed e-con e-parent\" data-id=\"d968e05\" data-element_type=\"container\" data-settings=\"{&quot;content_width&quot;:&quot;boxed&quot;}\" data-core-v316-plus=\"true\">\n\t\t\t\t\t<div class=\"e-con-inner\">\n\t\t\t\t<div class=\"elementor-element elementor-element-721e94b elementor-widget elementor-widget-image\" data-id=\"721e94b\" data-element_type=\"widget\" data-widget_type=\"image.default\">\n\t\t\t\t<div class=\"elementor-widget-container\">\n\t\t\t\t\t\t\t\t\t\t\t\t<figure class=\"wp-caption\">\n\t\t\t\t\t\t\t\t\t\t<img decoding=\"async\" width=\"800\" height=\"1019\" src=\"https:\/\/www.encyklopediamalarstwa.pl\/wp-content\/uploads\/2023\/11\/taniec-godzin.jpg\" class=\"attachment-large size-large wp-image-1410\" alt=\"Taniec Godzin - Francesco Primaticcio\" srcset=\"https:\/\/www.encyklopediamalarstwa.pl\/wp-content\/uploads\/2023\/11\/taniec-godzin.jpg 800w, https:\/\/www.encyklopediamalarstwa.pl\/wp-content\/uploads\/2023\/11\/taniec-godzin-236x300.jpg 236w, https:\/\/www.encyklopediamalarstwa.pl\/wp-content\/uploads\/2023\/11\/taniec-godzin-768x978.jpg 768w, https:\/\/www.encyklopediamalarstwa.pl\/wp-content\/uploads\/2023\/11\/taniec-godzin-585x745.jpg 585w\" sizes=\"(max-width: 800px) 100vw, 800px\" \/>\t\t\t\t\t\t\t\t\t\t\t<figcaption class=\"widget-image-caption wp-caption-text\">Taniec Godzin<\/figcaption>\n\t\t\t\t\t\t\t\t\t\t<\/figure>\n\t\t\t\t\t\t\t\t\t<\/div>\n\t\t\t\t<\/div>\n\t\t\t\t\t<\/div>\n\t\t\t\t<\/div>\n\t\t\t\t\t\t\t<\/div>\n\t\t","protected":false},"excerpt":{"rendered":"<p>Francesco Primaticcio (ur. 30 kwietnia 1504 w Bolonii, zm. 1570 w Pary\u017cu) by\u0142 w\u0142oskim malarzem, architektem i rze\u017abiarzem, kt\u00f3ry sp\u0119dzi\u0142 wi\u0119kszo\u015b\u0107 swojej kariery we Francji. Zaliczany jest do nurtu manieryzmu&hellip;<\/p>\n","protected":false},"author":1,"featured_media":1417,"comment_status":"open","ping_status":"open","sticky":false,"template":"","format":"standard","meta":{"content-type":"","om_disable_all_campaigns":false,"_monsterinsights_skip_tracking":false,"_monsterinsights_sitenote_active":false,"_monsterinsights_sitenote_note":"","_monsterinsights_sitenote_category":0,"footnotes":""},"categories":[38],"tags":[40,41,42],"class_list":["post-1406","post","type-post","status-publish","format-standard","has-post-thumbnail","hentry","category-manieryzm","tag-malarstwo","tag-manieryzm","tag-wloski-malarz"],"yoast_head":"<!-- This site is optimized with the Yoast SEO plugin v21.7 - https:\/\/yoast.com\/wordpress\/plugins\/seo\/ -->\n<title>Francesco Primaticcio - Encyklopedia Malarstwa<\/title>\n<meta name=\"description\" content=\"Opis malarstwa Francesco Primaticcio, zdj\u0119cia oraz opis tw\u00f3rczo\u015bci tego malarza. Zapraszamy do zapoznania si\u0119 z tw\u00f3rczo\u015bci\u0105 malarza.\" \/>\n<meta name=\"robots\" content=\"index, follow, max-snippet:-1, max-image-preview:large, max-video-preview:-1\" \/>\n<link rel=\"canonical\" href=\"https:\/\/www.encyklopediamalarstwa.pl\/index.php\/2023\/11\/25\/francesco-primaticcio\/\" \/>\n<meta property=\"og:locale\" content=\"pl_PL\" \/>\n<meta property=\"og:type\" content=\"article\" \/>\n<meta property=\"og:title\" content=\"Francesco Primaticcio - Encyklopedia Malarstwa\" \/>\n<meta property=\"og:description\" content=\"Opis malarstwa Francesco Primaticcio, zdj\u0119cia oraz opis tw\u00f3rczo\u015bci tego malarza. Zapraszamy do zapoznania si\u0119 z tw\u00f3rczo\u015bci\u0105 malarza.\" \/>\n<meta property=\"og:url\" content=\"https:\/\/www.encyklopediamalarstwa.pl\/index.php\/2023\/11\/25\/francesco-primaticcio\/\" \/>\n<meta property=\"og:site_name\" content=\"Encyklopedia Malarstwa\" \/>\n<meta property=\"article:published_time\" content=\"2023-11-25T13:36:25+00:00\" \/>\n<meta property=\"article:modified_time\" content=\"2023-11-25T13:55:23+00:00\" \/>\n<meta property=\"og:image\" content=\"https:\/\/www.encyklopediamalarstwa.pl\/wp-content\/uploads\/2023\/11\/225486fg.jpg\" \/>\n\t<meta property=\"og:image:width\" content=\"566\" \/>\n\t<meta property=\"og:image:height\" content=\"800\" \/>\n\t<meta property=\"og:image:type\" content=\"image\/jpeg\" \/>\n<meta name=\"author\" content=\"admin\" \/>\n<meta name=\"twitter:card\" content=\"summary_large_image\" \/>\n<meta name=\"twitter:label1\" content=\"Napisane przez\" \/>\n\t<meta name=\"twitter:data1\" content=\"admin\" \/>\n\t<meta name=\"twitter:label2\" content=\"Szacowany czas czytania\" \/>\n\t<meta name=\"twitter:data2\" content=\"3 minuty\" \/>\n<script type=\"application\/ld+json\" class=\"yoast-schema-graph\">{\"@context\":\"https:\/\/schema.org\",\"@graph\":[{\"@type\":\"Article\",\"@id\":\"https:\/\/www.encyklopediamalarstwa.pl\/index.php\/2023\/11\/25\/francesco-primaticcio\/#article\",\"isPartOf\":{\"@id\":\"https:\/\/www.encyklopediamalarstwa.pl\/index.php\/2023\/11\/25\/francesco-primaticcio\/\"},\"author\":{\"name\":\"admin\",\"@id\":\"https:\/\/www.encyklopediamalarstwa.pl\/#\/schema\/person\/1a6b3ac5c26a28667ef7613105b7c5d6\"},\"headline\":\"Francesco Primaticcio\",\"datePublished\":\"2023-11-25T13:36:25+00:00\",\"dateModified\":\"2023-11-25T13:55:23+00:00\",\"mainEntityOfPage\":{\"@id\":\"https:\/\/www.encyklopediamalarstwa.pl\/index.php\/2023\/11\/25\/francesco-primaticcio\/\"},\"wordCount\":397,\"commentCount\":0,\"publisher\":{\"@id\":\"https:\/\/www.encyklopediamalarstwa.pl\/#\/schema\/person\/1a6b3ac5c26a28667ef7613105b7c5d6\"},\"keywords\":[\"malarstwo\",\"manieryzm\",\"w\u0142oski malarz\"],\"articleSection\":[\"Manieryzm\"],\"inLanguage\":\"pl-PL\",\"potentialAction\":[{\"@type\":\"CommentAction\",\"name\":\"Comment\",\"target\":[\"https:\/\/www.encyklopediamalarstwa.pl\/index.php\/2023\/11\/25\/francesco-primaticcio\/#respond\"]}]},{\"@type\":\"WebPage\",\"@id\":\"https:\/\/www.encyklopediamalarstwa.pl\/index.php\/2023\/11\/25\/francesco-primaticcio\/\",\"url\":\"https:\/\/www.encyklopediamalarstwa.pl\/index.php\/2023\/11\/25\/francesco-primaticcio\/\",\"name\":\"Francesco Primaticcio - Encyklopedia Malarstwa\",\"isPartOf\":{\"@id\":\"https:\/\/www.encyklopediamalarstwa.pl\/#website\"},\"datePublished\":\"2023-11-25T13:36:25+00:00\",\"dateModified\":\"2023-11-25T13:55:23+00:00\",\"description\":\"Opis malarstwa Francesco Primaticcio, zdj\u0119cia oraz opis tw\u00f3rczo\u015bci tego malarza. Zapraszamy do zapoznania si\u0119 z tw\u00f3rczo\u015bci\u0105 malarza.\",\"breadcrumb\":{\"@id\":\"https:\/\/www.encyklopediamalarstwa.pl\/index.php\/2023\/11\/25\/francesco-primaticcio\/#breadcrumb\"},\"inLanguage\":\"pl-PL\",\"potentialAction\":[{\"@type\":\"ReadAction\",\"target\":[\"https:\/\/www.encyklopediamalarstwa.pl\/index.php\/2023\/11\/25\/francesco-primaticcio\/\"]}]},{\"@type\":\"BreadcrumbList\",\"@id\":\"https:\/\/www.encyklopediamalarstwa.pl\/index.php\/2023\/11\/25\/francesco-primaticcio\/#breadcrumb\",\"itemListElement\":[{\"@type\":\"ListItem\",\"position\":1,\"name\":\"Strona g\u0142\u00f3wna\",\"item\":\"https:\/\/www.encyklopediamalarstwa.pl\/\"},{\"@type\":\"ListItem\",\"position\":2,\"name\":\"Francesco Primaticcio\"}]},{\"@type\":\"WebSite\",\"@id\":\"https:\/\/www.encyklopediamalarstwa.pl\/#website\",\"url\":\"https:\/\/www.encyklopediamalarstwa.pl\/\",\"name\":\"Encyklopedia Malarstwa\",\"description\":\"Sztuka w Twoim domu\",\"publisher\":{\"@id\":\"https:\/\/www.encyklopediamalarstwa.pl\/#\/schema\/person\/1a6b3ac5c26a28667ef7613105b7c5d6\"},\"potentialAction\":[{\"@type\":\"SearchAction\",\"target\":{\"@type\":\"EntryPoint\",\"urlTemplate\":\"https:\/\/www.encyklopediamalarstwa.pl\/?s={search_term_string}\"},\"query-input\":\"required name=search_term_string\"}],\"inLanguage\":\"pl-PL\"},{\"@type\":[\"Person\",\"Organization\"],\"@id\":\"https:\/\/www.encyklopediamalarstwa.pl\/#\/schema\/person\/1a6b3ac5c26a28667ef7613105b7c5d6\",\"name\":\"admin\",\"image\":{\"@type\":\"ImageObject\",\"inLanguage\":\"pl-PL\",\"@id\":\"https:\/\/www.encyklopediamalarstwa.pl\/#\/schema\/person\/image\/\",\"url\":\"https:\/\/www.encyklopediamalarstwa.pl\/wp-content\/uploads\/2023\/11\/avatar.png\",\"contentUrl\":\"https:\/\/www.encyklopediamalarstwa.pl\/wp-content\/uploads\/2023\/11\/avatar.png\",\"width\":688,\"height\":748,\"caption\":\"admin\"},\"logo\":{\"@id\":\"https:\/\/www.encyklopediamalarstwa.pl\/#\/schema\/person\/image\/\"},\"sameAs\":[\"https:\/\/www.encyklopediamalarstwa.pl\"],\"url\":\"https:\/\/www.encyklopediamalarstwa.pl\/index.php\/author\/admin\/\"}]}<\/script>\n<!-- \/ Yoast SEO plugin. -->","yoast_head_json":{"title":"Francesco Primaticcio - Encyklopedia Malarstwa","description":"Opis malarstwa Francesco Primaticcio, zdj\u0119cia oraz opis tw\u00f3rczo\u015bci tego malarza. Zapraszamy do zapoznania si\u0119 z tw\u00f3rczo\u015bci\u0105 malarza.","robots":{"index":"index","follow":"follow","max-snippet":"max-snippet:-1","max-image-preview":"max-image-preview:large","max-video-preview":"max-video-preview:-1"},"canonical":"https:\/\/www.encyklopediamalarstwa.pl\/index.php\/2023\/11\/25\/francesco-primaticcio\/","og_locale":"pl_PL","og_type":"article","og_title":"Francesco Primaticcio - Encyklopedia Malarstwa","og_description":"Opis malarstwa Francesco Primaticcio, zdj\u0119cia oraz opis tw\u00f3rczo\u015bci tego malarza. Zapraszamy do zapoznania si\u0119 z tw\u00f3rczo\u015bci\u0105 malarza.","og_url":"https:\/\/www.encyklopediamalarstwa.pl\/index.php\/2023\/11\/25\/francesco-primaticcio\/","og_site_name":"Encyklopedia Malarstwa","article_published_time":"2023-11-25T13:36:25+00:00","article_modified_time":"2023-11-25T13:55:23+00:00","og_image":[{"width":566,"height":800,"url":"https:\/\/www.encyklopediamalarstwa.pl\/wp-content\/uploads\/2023\/11\/225486fg.jpg","type":"image\/jpeg"}],"author":"admin","twitter_card":"summary_large_image","twitter_misc":{"Napisane przez":"admin","Szacowany czas czytania":"3 minuty"},"schema":{"@context":"https:\/\/schema.org","@graph":[{"@type":"Article","@id":"https:\/\/www.encyklopediamalarstwa.pl\/index.php\/2023\/11\/25\/francesco-primaticcio\/#article","isPartOf":{"@id":"https:\/\/www.encyklopediamalarstwa.pl\/index.php\/2023\/11\/25\/francesco-primaticcio\/"},"author":{"name":"admin","@id":"https:\/\/www.encyklopediamalarstwa.pl\/#\/schema\/person\/1a6b3ac5c26a28667ef7613105b7c5d6"},"headline":"Francesco Primaticcio","datePublished":"2023-11-25T13:36:25+00:00","dateModified":"2023-11-25T13:55:23+00:00","mainEntityOfPage":{"@id":"https:\/\/www.encyklopediamalarstwa.pl\/index.php\/2023\/11\/25\/francesco-primaticcio\/"},"wordCount":397,"commentCount":0,"publisher":{"@id":"https:\/\/www.encyklopediamalarstwa.pl\/#\/schema\/person\/1a6b3ac5c26a28667ef7613105b7c5d6"},"keywords":["malarstwo","manieryzm","w\u0142oski malarz"],"articleSection":["Manieryzm"],"inLanguage":"pl-PL","potentialAction":[{"@type":"CommentAction","name":"Comment","target":["https:\/\/www.encyklopediamalarstwa.pl\/index.php\/2023\/11\/25\/francesco-primaticcio\/#respond"]}]},{"@type":"WebPage","@id":"https:\/\/www.encyklopediamalarstwa.pl\/index.php\/2023\/11\/25\/francesco-primaticcio\/","url":"https:\/\/www.encyklopediamalarstwa.pl\/index.php\/2023\/11\/25\/francesco-primaticcio\/","name":"Francesco Primaticcio - Encyklopedia Malarstwa","isPartOf":{"@id":"https:\/\/www.encyklopediamalarstwa.pl\/#website"},"datePublished":"2023-11-25T13:36:25+00:00","dateModified":"2023-11-25T13:55:23+00:00","description":"Opis malarstwa Francesco Primaticcio, zdj\u0119cia oraz opis tw\u00f3rczo\u015bci tego malarza. Zapraszamy do zapoznania si\u0119 z tw\u00f3rczo\u015bci\u0105 malarza.","breadcrumb":{"@id":"https:\/\/www.encyklopediamalarstwa.pl\/index.php\/2023\/11\/25\/francesco-primaticcio\/#breadcrumb"},"inLanguage":"pl-PL","potentialAction":[{"@type":"ReadAction","target":["https:\/\/www.encyklopediamalarstwa.pl\/index.php\/2023\/11\/25\/francesco-primaticcio\/"]}]},{"@type":"BreadcrumbList","@id":"https:\/\/www.encyklopediamalarstwa.pl\/index.php\/2023\/11\/25\/francesco-primaticcio\/#breadcrumb","itemListElement":[{"@type":"ListItem","position":1,"name":"Strona g\u0142\u00f3wna","item":"https:\/\/www.encyklopediamalarstwa.pl\/"},{"@type":"ListItem","position":2,"name":"Francesco Primaticcio"}]},{"@type":"WebSite","@id":"https:\/\/www.encyklopediamalarstwa.pl\/#website","url":"https:\/\/www.encyklopediamalarstwa.pl\/","name":"Encyklopedia Malarstwa","description":"Sztuka w Twoim domu","publisher":{"@id":"https:\/\/www.encyklopediamalarstwa.pl\/#\/schema\/person\/1a6b3ac5c26a28667ef7613105b7c5d6"},"potentialAction":[{"@type":"SearchAction","target":{"@type":"EntryPoint","urlTemplate":"https:\/\/www.encyklopediamalarstwa.pl\/?s={search_term_string}"},"query-input":"required name=search_term_string"}],"inLanguage":"pl-PL"},{"@type":["Person","Organization"],"@id":"https:\/\/www.encyklopediamalarstwa.pl\/#\/schema\/person\/1a6b3ac5c26a28667ef7613105b7c5d6","name":"admin","image":{"@type":"ImageObject","inLanguage":"pl-PL","@id":"https:\/\/www.encyklopediamalarstwa.pl\/#\/schema\/person\/image\/","url":"https:\/\/www.encyklopediamalarstwa.pl\/wp-content\/uploads\/2023\/11\/avatar.png","contentUrl":"https:\/\/www.encyklopediamalarstwa.pl\/wp-content\/uploads\/2023\/11\/avatar.png","width":688,"height":748,"caption":"admin"},"logo":{"@id":"https:\/\/www.encyklopediamalarstwa.pl\/#\/schema\/person\/image\/"},"sameAs":["https:\/\/www.encyklopediamalarstwa.pl"],"url":"https:\/\/www.encyklopediamalarstwa.pl\/index.php\/author\/admin\/"}]}},"_links":{"self":[{"href":"https:\/\/www.encyklopediamalarstwa.pl\/index.php\/wp-json\/wp\/v2\/posts\/1406","targetHints":{"allow":["GET"]}}],"collection":[{"href":"https:\/\/www.encyklopediamalarstwa.pl\/index.php\/wp-json\/wp\/v2\/posts"}],"about":[{"href":"https:\/\/www.encyklopediamalarstwa.pl\/index.php\/wp-json\/wp\/v2\/types\/post"}],"author":[{"embeddable":true,"href":"https:\/\/www.encyklopediamalarstwa.pl\/index.php\/wp-json\/wp\/v2\/users\/1"}],"replies":[{"embeddable":true,"href":"https:\/\/www.encyklopediamalarstwa.pl\/index.php\/wp-json\/wp\/v2\/comments?post=1406"}],"version-history":[{"count":11,"href":"https:\/\/www.encyklopediamalarstwa.pl\/index.php\/wp-json\/wp\/v2\/posts\/1406\/revisions"}],"predecessor-version":[{"id":1427,"href":"https:\/\/www.encyklopediamalarstwa.pl\/index.php\/wp-json\/wp\/v2\/posts\/1406\/revisions\/1427"}],"wp:featuredmedia":[{"embeddable":true,"href":"https:\/\/www.encyklopediamalarstwa.pl\/index.php\/wp-json\/wp\/v2\/media\/1417"}],"wp:attachment":[{"href":"https:\/\/www.encyklopediamalarstwa.pl\/index.php\/wp-json\/wp\/v2\/media?parent=1406"}],"wp:term":[{"taxonomy":"category","embeddable":true,"href":"https:\/\/www.encyklopediamalarstwa.pl\/index.php\/wp-json\/wp\/v2\/categories?post=1406"},{"taxonomy":"post_tag","embeddable":true,"href":"https:\/\/www.encyklopediamalarstwa.pl\/index.php\/wp-json\/wp\/v2\/tags?post=1406"}],"curies":[{"name":"wp","href":"https:\/\/api.w.org\/{rel}","templated":true}]}}